{"id":15509,"date":"2025-10-08T04:33:11","date_gmt":"2025-10-08T04:33:11","guid":{"rendered":"https:\/\/www.europesays.com\/lv\/15509\/"},"modified":"2025-10-08T04:33:11","modified_gmt":"2025-10-08T04:33:11","slug":"wiesulis-sangvn-izzino-iespaidigu-solo-koncertu-vef-kvartala-7-novembri-lente-lv","status":"publish","type":"post","link":"https:\/\/www.europesays.com\/lv\/15509\/","title":{"rendered":"Wiesulis &#038; sangvn izzi\u0146o iespaid\u012bgu solo koncertu VEF Kvart\u0101l\u0101 7. novembr\u012b\u00a0\u2014\u00a0Lente.lv"},"content":{"rendered":"<p>Wiesulis &amp; sangvn atgrie\u017eas uz skatuves ar grandiozu solo koncertu VEF Kvart\u0101l\u0101<\/p>\n<p>M\u012bl\u0113tais pa\u0161m\u0101ju hip-hopa duets Wiesulis &amp; sangvn ir sar\u016bp\u0113jis saviem faniem pat\u012bkamu un gaid\u012btu p\u0101rsteigumu \u2013 7. novembr\u012b vi\u0146i uzst\u0101sies VEF Kvart\u0101l\u0101 ar savu pirmo solo koncertu vair\u0101k nek\u0101 pusotra gada laik\u0101. \u0160is pas\u0101kums sol\u0101s b\u016bt ne tikai muzik\u0101ls baud\u012bjums, bet ar\u012b ener\u0123ijas un emociju pilnas svin\u012bbas, kas velt\u012btas m\u0101kslinieku jaun\u0101kajiem pan\u0101kumiem un rado\u0161ajam ce\u013cam. P\u0113c Latvijas liel\u0101ko festiv\u0101lu galveno skatuvju iekaro\u0161anas, reperis un producents ir gatavi sniegt pilnv\u0113rt\u012bgu un neaizmirstamu \u0161ovu, kas aizraut\u012bs ikvienu kl\u0101teso\u0161o.<\/p>\n<p>Pla\u0161s muzik\u0101ls ce\u013cojums un jaun\u0101kie dai\u013crades aug\u013ci<\/p>\n<p>Koncerta programm\u0101 tiks iek\u013cauti gan jau iem\u012b\u013coti ska\u0146darbi no Wiesulis &amp; sangvn kop\u012bgajiem albumiem &#8220;En Prise&#8221; un &#8220;Fianchetto&#8221;, gan ar\u012b dziesmas no Wiesu\u013ca jaun\u0101k\u0101 EP &#8220;500 mezgli&#8221;, kas izdots 2025. gada vasar\u0101 un strauji iekarojis Latvijas straum\u0113t\u0101ko dziesmu topus. Apmekl\u0113t\u0101ji var sagaid\u012bt ar\u012b vi\u0146u noz\u012bm\u012bg\u0101k\u0101s sadarb\u012bbas, kas apliecina dueta sp\u0113ju rad\u012bt daudzveid\u012bgu un kvalitat\u012bvu m\u016bziku. \u0160\u012b b\u016bs unik\u0101la iesp\u0113ja dzird\u0113t dz\u012bvaj\u0101 izpild\u012bjum\u0101 gan liel\u0101kos hitus, gan ar\u012b dziesmas, kuras ilgi nav skan\u0113ju\u0161as uz skatuves, pied\u0101v\u0101jot gan pieredz\u0113ju\u0161iem dai\u013crades cien\u012bt\u0101jiem, gan jaunajiem klaus\u012bt\u0101jiem baud\u012bt pilnu muzik\u0101lo spektru.<\/p>\n<p>V\u0113rien\u012bg\u0101kais \u0161ovs un \u012bpa\u0161ais noska\u0146ojums<\/p>\n<p>M\u0101kslinieki pa\u0161i atz\u012bst, ka \u0161is koncerts VEF Kvart\u0101l\u0101 ir iecer\u0113ts k\u0101 l\u012bdz \u0161im v\u0113rien\u012bg\u0101kais abu kop\u012bgais \u0161ovs. Vi\u0146i v\u0113las rad\u012bt atmosf\u0113ru, kas ilgi paliktu atmi\u0146\u0101, un sniegt ener\u0123ijas pilnu performanci. &#8220;M\u0113s v\u0113lamies par\u016bp\u0113ties par k\u0101rt\u012bgu \u0161ovu, kas ilgi paliks atmi\u0146\u0101 gan klaus\u012bt\u0101jiem, gan mums pa\u0161iem,&#8221; atkl\u0101j Wiesulis un sangvn. Vi\u0146i min, ka p\u0113c iepriek\u0161\u0113j\u0101 solo koncerta, kas notika aizvad\u012btaj\u0101 gad\u0101 un izp\u0101rdeva koncertz\u0101li &#8220;Palladium&#8221;, ir piedz\u012bvoju\u0161i daudz pat\u012bkamu mirk\u013cu, tostarp balvas, jaunas m\u016bzikas izdo\u0161anu un spo\u017eas uzst\u0101\u0161an\u0101s festiv\u0101los. &#8220;VEF Kvart\u0101l\u0101 v\u0113lamies sar\u012bkot v\u0113rien\u012bgas svin\u012bbas par godu \u0161im visam,&#8221; piebilst m\u016bzi\u0137i. Vi\u0146i ar\u012b nor\u0101da, ka, lai gan festiv\u0101los bie\u017ei vien n\u0101kas veidot kompromisus ierobe\u017eot\u0101 laik\u0101, \u0161aj\u0101 koncert\u0101 vi\u0146i var\u0113s piln\u012bb\u0101 izpausties un par\u0101d\u012bt sevi vis\u0101 kr\u0101\u0161\u0146um\u0101.<\/p>\n<p>\u012apa\u0161ie viesi un iesild\u012bt\u0101ji<\/p>\n<p>Vakars VEF Kvart\u0101l\u0101 sol\u0101s b\u016bt ne tikai par Wiesulis un sangvn. Pas\u0101kuma s\u0101kum\u0101 par noska\u0146u gaisotni r\u016bp\u0113sies grupa &#8220;galaktik&#8221;, radot piem\u0113rotu ievadu gaid\u0101majam \u0161ovam. P\u0113c tam ener\u0123iju uz skatuves nodos viens no \u0161\u012b br\u012b\u017ea karst\u0101kajiem pa\u0161m\u0101ju hip-hopa sc\u0113nas v\u0101rdiem \u2013 Marko, kur\u0161 iesild\u012bs publiku pirms galvenajiem m\u0101ksliniekiem. \u0160is papildin\u0101jums sola, ka vakars b\u016bs piepild\u012bts ar augst\u0101k\u0101s klases m\u016bziku un neb\u016bs garlaic\u012bgs ne mirkli.<\/p>\n<p>Wiesulis &amp; sangvn karjeras virz\u012bt\u0101jsp\u0113ks<\/p>\n<p>Wiesulis un sangvn ir k\u013cuvu\u0161i par sp\u0113c\u012bgu duetu Latvijas hip-hopa ainav\u0101 kop\u0161 savas sadarb\u012bbas s\u0101kuma 2021. gad\u0101. Vi\u0146u debijas albums &#8220;Fianchetto&#8221; (2022) ieguva nomin\u0101ciju &#8220;Zelta Mikrofona&#8221; balvai k\u0101 &#8220;Lab\u0101kais hip-hop albums&#8221;, savuk\u0101rt otrais kop\u012bgais albums &#8220;En Prise&#8221; (2024) \u0161o presti\u017eo apbalvojumu ar\u012b izc\u012bn\u012bja. Wiesulis 2025. gad\u0101 sa\u0146\u0113ma ar\u012b balvu &#8220;GAMMA&#8221; k\u0101 &#8220;gada hip-hop m\u0101kslinieks&#8221;, bet abi kop\u0101 k\u0101 &#8220;Gada autors vai autoru kolekt\u012bvs&#8221;. Wiesu\u013ca jaunais EP &#8220;500 mezgli&#8221;, kas tapis sadarb\u012bb\u0101 ar sangvn un citiem producentiem, turpina demonstr\u0113t m\u0101kslinieku sp\u0113ju mekl\u0113t jaunas ska\u0146as un celt kvalit\u0101tes lati\u0146u arvien augst\u0101k. Dueta pan\u0101kumi un nep\u0101rtraukt\u0101 rado\u0161\u0101 izaugsme apliecina vi\u0146u noz\u012bm\u012bgo vietu Latvijas m\u016bzikas pasaul\u0113.<\/p>\n","protected":false},"excerpt":{"rendered":"Wiesulis &amp; sangvn atgrie\u017eas uz skatuves ar grandiozu solo koncertu VEF Kvart\u0101l\u0101 M\u012bl\u0113tais pa\u0161m\u0101ju hip-hopa duets Wiesulis &amp;&hellip;\n","protected":false},"author":2,"featured_media":15510,"comment_status":"","ping_status":"","sticky":false,"template":"","format":"standard","meta":{"footnotes":""},"categories":[19],"tags":[5354,5352,89,5353,90,35,39,38,5350,36,37,34,40,5351,5349,5348],"class_list":{"0":"post-15509","1":"post","2":"type-post","3":"status-publish","4":"format-standard","5":"has-post-thumbnail","7":"category-izklaide","8":"tag-500-mezgli","9":"tag-en-prise","10":"tag-entertainment","11":"tag-fianchetto","12":"tag-izklaide","13":"tag-latvia","14":"tag-latvian","15":"tag-latviesu","16":"tag-latviesu-hip-hops","17":"tag-latviesu-valoda","18":"tag-latviesuvaloda","19":"tag-latvija","20":"tag-lv","21":"tag-solo-koncerts","22":"tag-vef-kvartals","23":"tag-wiesulis-sangvn"},"share_on_mastodon":{"url":"","error":""},"_links":{"self":[{"href":"https:\/\/www.europesays.com\/lv\/wp-json\/wp\/v2\/posts\/15509","targetHints":{"allow":["GET"]}}],"collection":[{"href":"https:\/\/www.europesays.com\/lv\/wp-json\/wp\/v2\/posts"}],"about":[{"href":"https:\/\/www.europesays.com\/lv\/wp-json\/wp\/v2\/types\/post"}],"author":[{"embeddable":true,"href":"https:\/\/www.europesays.com\/lv\/wp-json\/wp\/v2\/users\/2"}],"replies":[{"embeddable":true,"href":"https:\/\/www.europesays.com\/lv\/wp-json\/wp\/v2\/comments?post=15509"}],"version-history":[{"count":0,"href":"https:\/\/www.europesays.com\/lv\/wp-json\/wp\/v2\/posts\/15509\/revisions"}],"wp:featuredmedia":[{"embeddable":true,"href":"https:\/\/www.europesays.com\/lv\/wp-json\/wp\/v2\/media\/15510"}],"wp:attachment":[{"href":"https:\/\/www.europesays.com\/lv\/wp-json\/wp\/v2\/media?parent=15509"}],"wp:term":[{"taxonomy":"category","embeddable":true,"href":"https:\/\/www.europesays.com\/lv\/wp-json\/wp\/v2\/categories?post=15509"},{"taxonomy":"post_tag","embeddable":true,"href":"https:\/\/www.europesays.com\/lv\/wp-json\/wp\/v2\/tags?post=15509"}],"curies":[{"name":"wp","href":"https:\/\/api.w.org\/{rel}","templated":true}]}}