{"id":1552,"date":"2025-09-22T08:22:08","date_gmt":"2025-09-22T08:22:08","guid":{"rendered":"https:\/\/www.europesays.com\/lv\/1552\/"},"modified":"2025-09-22T08:22:08","modified_gmt":"2025-09-22T08:22:08","slug":"par-konkurences-padomes-priekssedetaju-virza-smiti","status":"publish","type":"post","link":"https:\/\/www.europesays.com\/lv\/1552\/","title":{"rendered":"Par Konkurences padomes priek\u0161s\u0113d\u0113t\u0101ju virza \u0160miti"},"content":{"rendered":"<p>\u0160mite iepriek\u0161 KP ie\u0146\u0113ma Aizliegtu vieno\u0161an\u0101s departamenta direktores amatu, savuk\u0101rt no 2025.gada 16.janv\u0101ra vi\u0146a ir padomes priek\u0161s\u0113d\u0113t\u0101ja pien\u0101kumu izpild\u012bt\u0101ja.<\/p>\n<p>\u0160mite darbu KP s\u0101ka 2008.gad\u0101 k\u0101 Juridisk\u0101 departamenta juriskonsulte. No 2013.gada vi\u0146a str\u0101d\u0101 Aizliegtu vieno\u0161anos departament\u0101, kop\u0161 2015.gada ie\u0146\u0113musi \u0161\u012b departamenta direktores amatu. Vi\u0146as vad\u012bt\u0101 strukt\u016brvien\u012bba izmekl\u0113jusi vair\u0101kas noz\u012bm\u012bgas p\u0101rk\u0101pumu izp\u0113tes lietas &#8211; b\u016bvnieku karteli, ce\u013cu b\u016bves karteli, autobusu karteli.<\/p>\n<p>\u0160mite ieguvusi bakalaura un ma\u0123istra gr\u0101dus ties\u012bbu zin\u0101tn\u0113 Biznesa augstskol\u0101 &#8220;Tur\u012bba&#8221;.<\/p>\n<p>Jau v\u0113st\u012bts, ka pretendentu atlase KP priek\u0161s\u0113d\u0113t\u0101ja amatam notika tr\u012bs k\u0101rt\u0101s. Pirmaj\u0101 k\u0101rt\u0101 konkursa komisija izv\u0113rt\u0113ja iesniegtos dokumentus un pretendentu atbilst\u012bbu oblig\u0101taj\u0101m pras\u012bb\u0101m, otraj\u0101 k\u0101rt\u0101 pretendenti komisijai skaidroja savu motiv\u0101ciju ie\u0146emt \u0161o amatu, atbild\u0113ja uz jaut\u0101jumiem un prezent\u0113ja savu redz\u0113jumu par priek\u0161likumiem KP r\u012bc\u012bbai, lai veicin\u0101tu Latvijas starptautisko konkur\u0113tsp\u0113ju.<\/p>\n<p>Savuk\u0101rt konkursa tre\u0161aj\u0101 k\u0101rt\u0101 tika v\u0113rt\u0113tas pretendentu vad\u012bbas kompetences &#8211; strat\u0113\u0123iskais redz\u0113jums, orient\u0101cija uz rezult\u0101tu sasnieg\u0161anu, sp\u0113ja pie\u0146emt l\u0113mumus un uz\u0146emties atbild\u012bbu, p\u0101rmai\u0146u vad\u012b\u0161ana un komandas vad\u012b\u0161ana.<\/p>\n<p>Konkursa pretendentu v\u0113rt\u0113\u0161anas komisiju vad\u012bja Valsts kancelejas direktors Raivis Kronbergs. Komisijas sast\u0101v\u0101 bija Ekonomikas ministrijas (EM) valsts sekret\u0101ra vietnieks, valsts sekret\u0101ra pien\u0101kumu izpild\u012bt\u0101js Raivis Brem\u0161mits, EM valsts sekret\u0101ra vietnieks Edijs \u0160aic\u0101ns, Latvijas Pa\u0161vald\u012bbu savien\u012bbas padomniece uz\u0146\u0113m\u0113jdarb\u012bbas jom\u0101 Andra Feldmane un Latvijas Tirdzniec\u012bbas un r\u016bpniec\u012bbas kameras valdes loceklis J\u0101nis Lielp\u0113teris.<\/p>\n<p>T\u0101pat par pretendentu nov\u0113rt\u0113\u0161anas procesa neatkar\u012bgo nov\u0113rot\u0101ju tika uzaicin\u0101ts Latvijas Darba dev\u0113ju konfeder\u0101cijas \u0123ener\u0101ldirektors <a href=\"https:\/\/www.tvnet.lv\/term\/556676\/kaspars-gorkss\" class=\"topicLink\" target=\"_blank\" rel=\"nofollow noopener\">Kaspars Gork\u0161s<\/a>.<\/p>\n<p>KP priek\u0161s\u0113d\u0113t\u0101ju p\u0113c ekonomikas ministra ieteikuma amat\u0101 apstiprina Ministru kabinets.<\/p>\n<p>Jau zi\u0146ots, ka \u0161ogad 1.janv\u0101r\u012b iepriek\u0161\u0113jais KP priek\u0161s\u0113d\u0113t\u0101js <a href=\"https:\/\/www.tvnet.lv\/term\/662413\/juris-gaikis\" class=\"topicLink\" target=\"_blank\" rel=\"nofollow noopener\">Juris Gai\u0137is<\/a> atst\u0101ja amatu, lai s\u0101ktu vad\u012bt valstij piedero\u0161o SIA &#8220;Latvijas Digit\u0101l\u0101s vesel\u012bbas centrs&#8221;.<\/p>\n","protected":false},"excerpt":{"rendered":"\u0160mite iepriek\u0161 KP ie\u0146\u0113ma Aizliegtu vieno\u0161an\u0101s departamenta direktores amatu, savuk\u0101rt no 2025.gada 16.janv\u0101ra vi\u0146a ir padomes priek\u0161s\u0113d\u0113t\u0101ja pien\u0101kumu&hellip;\n","protected":false},"author":2,"featured_media":1553,"comment_status":"","ping_status":"","sticky":false,"template":"","format":"standard","meta":{"footnotes":""},"categories":[12],"tags":[23,28,29,32,33,22,1012,1011,30,31,35,39,38,36,37,34,40,20,26,27,24,25,21],"class_list":{"0":"post-1552","1":"post","2":"type-post","3":"status-publish","4":"format-standard","5":"has-post-thumbnail","7":"category-latvija","8":"tag-aktualitates","9":"tag-breaking-news","10":"tag-breakingnews","11":"tag-featured-news","12":"tag-featurednews","13":"tag-headlines","14":"tag-juris-gaikis","15":"tag-kaspars-gorkss","16":"tag-latest-news","17":"tag-latestnews","18":"tag-latvia","19":"tag-latvian","20":"tag-latviesu","21":"tag-latviesu-valoda","22":"tag-latviesuvaloda","23":"tag-latvija","24":"tag-lv","25":"tag-news","26":"tag-popularakas-zinas","27":"tag-popularakaszinas","28":"tag-top-stories","29":"tag-topstories","30":"tag-zinas"},"share_on_mastodon":{"url":"","error":""},"_links":{"self":[{"href":"https:\/\/www.europesays.com\/lv\/wp-json\/wp\/v2\/posts\/1552","targetHints":{"allow":["GET"]}}],"collection":[{"href":"https:\/\/www.europesays.com\/lv\/wp-json\/wp\/v2\/posts"}],"about":[{"href":"https:\/\/www.europesays.com\/lv\/wp-json\/wp\/v2\/types\/post"}],"author":[{"embeddable":true,"href":"https:\/\/www.europesays.com\/lv\/wp-json\/wp\/v2\/users\/2"}],"replies":[{"embeddable":true,"href":"https:\/\/www.europesays.com\/lv\/wp-json\/wp\/v2\/comments?post=1552"}],"version-history":[{"count":0,"href":"https:\/\/www.europesays.com\/lv\/wp-json\/wp\/v2\/posts\/1552\/revisions"}],"wp:featuredmedia":[{"embeddable":true,"href":"https:\/\/www.europesays.com\/lv\/wp-json\/wp\/v2\/media\/1553"}],"wp:attachment":[{"href":"https:\/\/www.europesays.com\/lv\/wp-json\/wp\/v2\/media?parent=1552"}],"wp:term":[{"taxonomy":"category","embeddable":true,"href":"https:\/\/www.europesays.com\/lv\/wp-json\/wp\/v2\/categories?post=1552"},{"taxonomy":"post_tag","embeddable":true,"href":"https:\/\/www.europesays.com\/lv\/wp-json\/wp\/v2\/tags?post=1552"}],"curies":[{"name":"wp","href":"https:\/\/api.w.org\/{rel}","templated":true}]}}