{"id":1556,"date":"2025-09-22T08:24:08","date_gmt":"2025-09-22T08:24:08","guid":{"rendered":"https:\/\/www.europesays.com\/lv\/1556\/"},"modified":"2025-09-22T08:24:08","modified_gmt":"2025-09-22T08:24:08","slug":"andris-erglis-izdod-jaunu-un-sirsnigu-dziesmu-solijums","status":"publish","type":"post","link":"https:\/\/www.europesays.com\/lv\/1556\/","title":{"rendered":"Andris \u0112rglis izdod jaunu un sirsn\u012bgu dziesmu &#8220;Sol\u012bjums&#8221;"},"content":{"rendered":"<p>Dziesma &#8220;Sol\u012bjums&#8221;\u00a0ir melanholisks un dzi\u013ci personisks st\u0101sts par dz\u012bves nebeidzamo pl\u016bdumu un v\u0113rt\u012bb\u0101m, kas laika gait\u0101 k\u013c\u016bst vissvar\u012bg\u0101k\u0101s. T\u0101 ir k\u0101 muzik\u0101ls atskats uz b\u0113rn\u012bbas sap\u0146iem un pieaugu\u0161a cilv\u0113ka atzi\u0146u, ka dz\u012bves steig\u0101 un skr\u0113jien\u0101 galvenais ir un paliek m\u012blest\u012bba.<\/p>\n<p>Dziesmas ideja dzima no pa\u0161a Andra \u0112rg\u013ca rad\u012btas melodijas, kuru v\u0101rdos iet\u0113rpa talant\u012bgais m\u016bzi\u0137is un tekstu autors M\u0101rti\u0146\u0161 Kanters, radot tekstu\u0101las p\u0101rdomas par dz\u012bvi.<\/p>\n<blockquote>\n<p>\u012apa\u0161i izce\u013cama ir dziesmas piedzied\u0101juma rinda, kas kodol\u012bgi atspogu\u013co galveno v\u0113st\u012bjumu: &#8220;Tev pieder tikai \u0161is br\u012bdis, pat nepaman\u012bsi k\u0101 main\u012bjies gads&#8221;.<\/p>\n<\/blockquote>\n<p>\u0160ie v\u0101rdi aicina apst\u0101ties un nov\u0113rt\u0113t mirk\u013ca noz\u012bm\u012bgumu m\u016b\u017e\u012bgaj\u0101 laika straum\u0113.<\/p>\n<p>Video: <a href=\"https:\/\/sejas.tvnet.lv\/term\/557380\/andris-erglis\" class=\"topicLink\" target=\"_blank\" rel=\"nofollow noopener\">Andris \u0112rglis<\/a> &#8220;Sol\u012bjums&#8221;<\/p>\n<p>Pats Andris par jauno dziesmu saka: &#8220;Kad rad\u012bju melodiju \u0161ai dziesmai, man\u012b k\u0101du laiku jau dz\u012bvoja domas par dz\u012bvi, t\u0101s strauju rit\u0113jumudz\u012bve ir glu\u017ei k\u0101 strauts, kur\u0161 nekad nebeidzas un ir kust\u012bb\u0101. M\u0101rti\u0146\u0161 melodiju iet\u0113rpa v\u0101rdos, kas uzrun\u0101 \u013coti personiski.<\/p>\n<p>M\u0113s visi skrienam, pl\u0101nojam, tiecamies, bet reiz\u0113m aizmirstam par sol\u012bjumiem, ko esam devu\u0161i pa\u0161i sev b\u0113rn\u012bb\u0101 &#8211;\u00a0m\u012bl\u0113t, priec\u0101ties, dz\u012bvot pa \u012bstam.<\/p>\n<blockquote>\n<p>&#8220;Sol\u012bjums&#8221;\u00a0ir k\u0101 atg\u0101din\u0101jums katram pa\u0161am apst\u0101ties un nov\u0113rt\u0113t mirkli, jo tie\u0161i no mirk\u013ciem sast\u0101v visa m\u016bsu dz\u012bve. Ceru, ka tas klaus\u012bt\u0101jos rais\u012bs gai\u0161as p\u0101rdomas.&#8221;<\/p>\n<\/blockquote>\n<p>Dziesma muzik\u0101li ietur\u0113ta liriskas popdziesmas stil\u0101 un t\u0101 p\u0101rdomas veicino\u0161o noska\u0146u studij\u0101 pal\u012bdz\u0113jis rad\u012bt producents J\u0101nis \u010cubars, dziesmas mix\/master veidojis J\u0101nis Kalve. &#8220;Sol\u012bjums&#8221;\u00a0ir dziesma, kas organiski papildin\u0101s Andra klaus\u012bt\u0101ju atska\u0146o\u0161anas sarakstus &#8211;\u00a0visiem, kuriem reiz\u0113m pat\u012bk aizdom\u0101ties par savu dz\u012bves g\u0101jumu.<\/p>\n<p>Dziesma &#8220;Sol\u012bjums&#8221;\u00a0no 22. septembra ir pieejama\u00a0vis\u0101s liel\u0101kaj\u0101s m\u016bzikas straum\u0113\u0161anas platform\u0101s un dzirdama Latvijas radiostacij\u0101s.<\/p>\n","protected":false},"excerpt":{"rendered":"Dziesma &#8220;Sol\u012bjums&#8221;\u00a0ir melanholisks un dzi\u013ci personisks st\u0101sts par dz\u012bves nebeidzamo pl\u016bdumu un v\u0113rt\u012bb\u0101m, kas laika gait\u0101 k\u013c\u016bst vissvar\u012bg\u0101k\u0101s.&hellip;\n","protected":false},"author":2,"featured_media":1557,"comment_status":"","ping_status":"","sticky":false,"template":"","format":"standard","meta":{"footnotes":""},"categories":[19],"tags":[1013,89,90,35,39,38,36,37,34,40],"class_list":{"0":"post-1556","1":"post","2":"type-post","3":"status-publish","4":"format-standard","5":"has-post-thumbnail","7":"category-izklaide","8":"tag-andris-erglis","9":"tag-entertainment","10":"tag-izklaide","11":"tag-latvia","12":"tag-latvian","13":"tag-latviesu","14":"tag-latviesu-valoda","15":"tag-latviesuvaloda","16":"tag-latvija","17":"tag-lv"},"share_on_mastodon":{"url":"","error":""},"_links":{"self":[{"href":"https:\/\/www.europesays.com\/lv\/wp-json\/wp\/v2\/posts\/1556","targetHints":{"allow":["GET"]}}],"collection":[{"href":"https:\/\/www.europesays.com\/lv\/wp-json\/wp\/v2\/posts"}],"about":[{"href":"https:\/\/www.europesays.com\/lv\/wp-json\/wp\/v2\/types\/post"}],"author":[{"embeddable":true,"href":"https:\/\/www.europesays.com\/lv\/wp-json\/wp\/v2\/users\/2"}],"replies":[{"embeddable":true,"href":"https:\/\/www.europesays.com\/lv\/wp-json\/wp\/v2\/comments?post=1556"}],"version-history":[{"count":0,"href":"https:\/\/www.europesays.com\/lv\/wp-json\/wp\/v2\/posts\/1556\/revisions"}],"wp:featuredmedia":[{"embeddable":true,"href":"https:\/\/www.europesays.com\/lv\/wp-json\/wp\/v2\/media\/1557"}],"wp:attachment":[{"href":"https:\/\/www.europesays.com\/lv\/wp-json\/wp\/v2\/media?parent=1556"}],"wp:term":[{"taxonomy":"category","embeddable":true,"href":"https:\/\/www.europesays.com\/lv\/wp-json\/wp\/v2\/categories?post=1556"},{"taxonomy":"post_tag","embeddable":true,"href":"https:\/\/www.europesays.com\/lv\/wp-json\/wp\/v2\/tags?post=1556"}],"curies":[{"name":"wp","href":"https:\/\/api.w.org\/{rel}","templated":true}]}}