{"id":15563,"date":"2025-10-08T05:55:15","date_gmt":"2025-10-08T05:55:15","guid":{"rendered":"https:\/\/www.europesays.com\/lv\/15563\/"},"modified":"2025-10-08T05:55:15","modified_gmt":"2025-10-08T05:55:15","slug":"krievija-tagad-nevar-atlauties-karot-ar-nato","status":"publish","type":"post","link":"https:\/\/www.europesays.com\/lv\/15563\/","title":{"rendered":"Krievija tagad nevar at\u013cauties karot ar NATO"},"content":{"rendered":"<p> Saeimas deput\u0101ts un Nacion\u0101lo bru\u0146oto sp\u0113ku rezerves pulkvedis Igors Rajevs <a target=\"_blank\" href=\"https:\/\/xtv.lv\/rigatv24\/video\/w4pVaJ6EGOX-rajevs_mes_esam_lemti_konfrontacijai_ar_krieviju\" rel=\"nofollow noopener\">TV4 raid\u012bjum\u0101<\/a> paudis p\u0101rliec\u012bbu, ka Eiropa ir lemta konfront\u0101cijai ar Krieviju, tai pat laik\u0101 uzsverot, ka pilna m\u0113roga uzbrukumam krieviem \u0161obr\u012bd var\u0113tu neb\u016bt resursu.<\/p>\n<p>&#8220;Es dom\u0101ju, ka esam lemti konfront\u0101cijai ar Krieviju,&#8221; sprie\u017e Rajevs. &#8220;Jaut\u0101jums ir tikai t\u0101ds, cik karsta b\u016bs \u0161\u012b konfront\u0101cija un kad vi\u0146a b\u016bs. Krievija nav taj\u0101 st\u0101vokl\u012b, lai vi\u0146i var\u0113tu karot ar NATO. Ar Eiropas valst\u012bm, varb\u016bt, bet ar NATO viennoz\u012bm\u012bgi n\u0113. T\u0101p\u0113c t\u0101da p\u0101r\u0101k brav\u016br\u012bga un uzbr\u016bko\u0161a retorika no Putina puses rezult\u0113ties ar to, ka Tramps vi\u0146u atkal nosauks par pap\u012bra t\u012b\u0123eri un aizs\u016bt\u012bs 10 zem\u016bdenes uz Krieviju. Tad vi\u0146\u0161 izskat\u012btos \u013coti nesmuki no savu iedz\u012bvot\u0101ju redzespunkta.&#8221;<\/p>\n<blockquote><p>Visas vi\u0146a uzrunas ir orient\u0113tas uz rietumiem, bet galven\u0101 m\u0113r\u0137auditorija ir iek\u0161\u0113jie iedz\u012bvot\u0101ji, jo tas ir tas, kas \u013cauj Putinam palikt pie varas.<\/p><\/blockquote>\n<p>&#8220;Es t\u016bksto\u0161 reizes esmu atk\u0101rtojis, ka autokr\u0101tiskie l\u012bderi neko nedara pret to, lai vi\u0146u vara b\u016btu apdraud\u0113ta. Vi\u0146u m\u0113r\u0137is ir palikt pie varas un t\u0101d\u0101 veid\u0101 ietekm\u0113t savus iedz\u012bvot\u0101jus, lai vi\u0146i justos, ka vi\u0146us vada lielais l\u012bderis. \u0160odien izlas\u012bju koment\u0101ru:<\/p>\n<blockquote><p>Galvenais Krievijas uzbrukuma ierocis ir televizors. Vi\u0146\u0161 iedarbojas ar\u012b uz to cilv\u0113ku smadzen\u0113m, kuriem to nemaz nav.<\/p><\/blockquote>\n<p>&#8220;Es neteicu, ka esam lemti karam ar Krieviju, bet konfront\u0101cija ar vi\u0146iem visu laiku b\u016bs, jo ir b\u016btiska at\u0161\u0137ir\u012bba m\u016bsu br\u012bv\u012bbas uztver\u0161an\u0101, m\u016bsu dro\u0161\u012bbas uztver\u0113, v\u0113rt\u012bbu aizsardz\u012bb\u0101 un vi\u0146as b\u016btiski at\u0161\u0137iras, tur neko nevar dar\u012bt,&#8221; skaidro eksperts.<\/p>\n<p>&#8220;Rajevs uzskata, ka lab\u0101kais scen\u0101rijs Latvijas gad\u012bjum\u0101 ir aukstais kar\u0161. &#8220;Es nedom\u0101ju, ka kaut kas m\u016bsu attiec\u012bb\u0101s main\u012bsies. M\u0113s nevaram b\u016bt v\u0101j\u0161 peramais puis\u012btis Putina priek\u0161\u0101. Krievija ir problem\u0101tisks kaimi\u0146\u0161, kur\u0161 ir k\u0101 suns, kur\u0161 ieskrien sievas ro\u017eu kr\u016bmos, izbrad\u0101, pie\u010dur\u0101 un piekak\u0101.  T\u0101da darb\u012bba no Krievijas puses ar\u012b b\u016bs. Es nedom\u0101ju, ka tuv\u0101kaj\u0101 laik\u0101 s\u0101ksies k\u0101ds karstais konflikts, bet b\u016bs vair\u0101k lidma\u0161\u012bnu, dronu, ku\u0123u un tam j\u0101b\u016bt gataviem.&#8221;<\/p>\n<p><img decoding=\"async\" src=\"https:\/\/www.europesays.com\/lv\/wp-content\/uploads\/2025\/10\/398fbd26589dfa97e5d66e1fce4e519c.png\" title=\"Igors Rajevs. Foto: Evija Trifanova\/LETA\" alt=\"Igors Rajevs. Foto: Evija Trifanova\/LETA\"\/><\/p>\n<p class=\"article-img-desc\">Igors Rajevs. Foto: Evija Trifanova\/LETA<\/p>\n","protected":false},"excerpt":{"rendered":"Saeimas deput\u0101ts un Nacion\u0101lo bru\u0146oto sp\u0113ku rezerves pulkvedis Igors Rajevs TV4 raid\u012bjum\u0101 paudis p\u0101rliec\u012bbu, ka Eiropa ir lemta&hellip;\n","protected":false},"author":2,"featured_media":15564,"comment_status":"","ping_status":"","sticky":false,"template":"","format":"standard","meta":{"footnotes":""},"categories":[12],"tags":[129,470,473,5196,23,28,29,32,33,22,30,31,35,39,38,36,37,34,40,20,26,27,471,474,5197,472,475,5198,24,25,21],"class_list":{"0":"post-15563","1":"post","2":"type-post","3":"status-publish","4":"format-standard","5":"has-post-thumbnail","7":"category-latvija","8":"tag-__typenameadvicekeyword","9":"tag-id532","10":"tag-id549","11":"tag-id577","12":"tag-aktualitates","13":"tag-breaking-news","14":"tag-breakingnews","15":"tag-featured-news","16":"tag-featurednews","17":"tag-headlines","18":"tag-latest-news","19":"tag-latestnews","20":"tag-latvia","21":"tag-latvian","22":"tag-latviesu","23":"tag-latviesu-valoda","24":"tag-latviesuvaloda","25":"tag-latvija","26":"tag-lv","27":"tag-news","28":"tag-popularakas-zinas","29":"tag-popularakaszinas","30":"tag-slugkars-ukraina","31":"tag-slugkrievijas-iebrukums-ukraina","32":"tag-slugnato","33":"tag-titlekars-ukraina","34":"tag-titlekrievijas-iebrukums-ukraina","35":"tag-titlenato","36":"tag-top-stories","37":"tag-topstories","38":"tag-zinas"},"share_on_mastodon":{"url":"","error":""},"_links":{"self":[{"href":"https:\/\/www.europesays.com\/lv\/wp-json\/wp\/v2\/posts\/15563","targetHints":{"allow":["GET"]}}],"collection":[{"href":"https:\/\/www.europesays.com\/lv\/wp-json\/wp\/v2\/posts"}],"about":[{"href":"https:\/\/www.europesays.com\/lv\/wp-json\/wp\/v2\/types\/post"}],"author":[{"embeddable":true,"href":"https:\/\/www.europesays.com\/lv\/wp-json\/wp\/v2\/users\/2"}],"replies":[{"embeddable":true,"href":"https:\/\/www.europesays.com\/lv\/wp-json\/wp\/v2\/comments?post=15563"}],"version-history":[{"count":0,"href":"https:\/\/www.europesays.com\/lv\/wp-json\/wp\/v2\/posts\/15563\/revisions"}],"wp:featuredmedia":[{"embeddable":true,"href":"https:\/\/www.europesays.com\/lv\/wp-json\/wp\/v2\/media\/15564"}],"wp:attachment":[{"href":"https:\/\/www.europesays.com\/lv\/wp-json\/wp\/v2\/media?parent=15563"}],"wp:term":[{"taxonomy":"category","embeddable":true,"href":"https:\/\/www.europesays.com\/lv\/wp-json\/wp\/v2\/categories?post=15563"},{"taxonomy":"post_tag","embeddable":true,"href":"https:\/\/www.europesays.com\/lv\/wp-json\/wp\/v2\/tags?post=15563"}],"curies":[{"name":"wp","href":"https:\/\/api.w.org\/{rel}","templated":true}]}}