{"id":15574,"date":"2025-10-08T06:18:06","date_gmt":"2025-10-08T06:18:06","guid":{"rendered":"https:\/\/www.europesays.com\/lv\/15574\/"},"modified":"2025-10-08T06:18:06","modified_gmt":"2025-10-08T06:18:06","slug":"danija-plano-ieviest-socialo-mediju-aizliegumu-berniem-lidz-15-gadu-vecumam-dienas-bizness","status":"publish","type":"post","link":"https:\/\/www.europesays.com\/lv\/15574\/","title":{"rendered":"D\u0101nija pl\u0101no ieviest soci\u0101lo mediju aizliegumu b\u0113rniem l\u012bdz 15 gadu vecumam :: Dienas Bizness"},"content":{"rendered":"<p class=\"text-font font-size--text-xlarge margin-3--bottom font-weight--bold padding-1--top\">D\u0101nija pl\u0101no ieviest soci\u0101lo mediju aizliegumu b\u0113rniem l\u012bdz 15 gadu vecumam, pav\u0113st\u012bja premjerministre Mete Frederiksena.<\/p>\n<p class=\"text-font font-size--text-xlarge margin-3--bottom\">Pazi\u0146ojot par \u0161o iniciat\u012bvu uzrun\u0101 parlament\u0101, premjere nepreciz\u0113ja, uz kuriem soci\u0101lajiem medijiem \u0161is aizliegums attieksies un k\u0101 tas darbosies praks\u0113.<\/p>\n<p class=\"text-font font-size--text-xlarge margin-3--bottom\">Likumprojekts, kura izskat\u012b\u0161anas grafiks v\u0113l nav zin\u0101ms, paredz\u0113tu, ka vec\u0101ki var\u0113s at\u013caut saviem b\u0113rniem izmantot soci\u0101los medijus no 13 gadu vecuma.<\/p>\n<p class=\"text-font font-size--text-xlarge margin-3--bottom\">&#8220;Mobilais t\u0101lrunis un soci\u0101lie mediji laupa m\u016bsu b\u0113rniem b\u0113rn\u012bbu,&#8221; sac\u012bja Frederiksena, nor\u0101dot, ka 60% d\u0101\u0146u z\u0113nu vecum\u0101 no 11 l\u012bdz 19 gadiem labpr\u0101t\u0101k izv\u0113las palikt m\u0101j\u0101s, nevis pavad\u012bt laiku ar draugiem.<\/p>\n<p class=\"text-font font-size--text-xlarge margin-3--bottom\">Austr\u0101lija ir l\u012bdere glob\u0101lajos centienos nov\u0113rst interneta kait\u0113jumu jaunie\u0161u vid\u016b.<\/p>\n<p class=\"text-font font-size--text-xlarge margin-3--bottom\">T\u0101s parlaments 2024.gada nogal\u0113 pie\u0146\u0113ma soci\u0101lo mediju aizliegumu b\u0113rniem l\u012bdz 16 gadu vecumam, lai gan pagaid\u0101m nav gandr\u012bz nek\u0101das inform\u0101cijas par to, k\u0101 \u0161is solis tiks \u012bstenots.<\/p>\n<p class=\"text-font font-size--text-xlarge margin-3--bottom\">Austr\u0101lijas aizliegums attiecas uz t\u0101d\u0101m platform\u0101m k\u0101 &#8220;Facebook&#8221;, &#8220;Snapchat&#8221;, &#8220;TikTok&#8221; un &#8220;YouTube&#8221;.<\/p>\n<p class=\"text-font font-size--text-xlarge margin-3--bottom\">J\u016bnij\u0101 Grie\u0137ija ierosin\u0101ja noteikt &#8220;digit\u0101l\u0101s pilngad\u012bbas vecumu&#8221; 27 Eiropas Savien\u012bbas valst\u012bs, kas noz\u012bm\u0113tu, ka b\u0113rni nevar piek\u013c\u016bt soci\u0101lajiem medijiem bez vec\u0101ku piekri\u0161anas.<\/p>\n","protected":false},"excerpt":{"rendered":"D\u0101nija pl\u0101no ieviest soci\u0101lo mediju aizliegumu b\u0113rniem l\u012bdz 15 gadu vecumam, pav\u0113st\u012bja premjerministre Mete Frederiksena. Pazi\u0146ojot par \u0161o&hellip;\n","protected":false},"author":2,"featured_media":15575,"comment_status":"","ping_status":"","sticky":false,"template":"","format":"standard","meta":{"footnotes":""},"categories":[14],"tags":[23,57,869,77,870,28,29,867,32,33,22,30,31,35,39,38,36,37,34,871,868,40,20,26,27,24,25,54,55,56,21,58],"class_list":{"0":"post-15574","1":"post","2":"type-post","3":"status-publish","4":"format-standard","5":"has-post-thumbnail","7":"category-zinas-no-arvalstim","8":"tag-aktualitates","9":"tag-arvalstim","10":"tag-biznesa-zinas","11":"tag-bizness","12":"tag-bizness-latvija","13":"tag-breaking-news","14":"tag-breakingnews","15":"tag-dienas-zinas","16":"tag-featured-news","17":"tag-featurednews","18":"tag-headlines","19":"tag-latest-news","20":"tag-latestnews","21":"tag-latvia","22":"tag-latvian","23":"tag-latviesu","24":"tag-latviesu-valoda","25":"tag-latviesuvaloda","26":"tag-latvija","27":"tag-latvijas-biznesa-zinas","28":"tag-latvijas-zinas","29":"tag-lv","30":"tag-news","31":"tag-popularakas-zinas","32":"tag-popularakaszinas","33":"tag-top-stories","34":"tag-topstories","35":"tag-world","36":"tag-world-news","37":"tag-worldnews","38":"tag-zinas","39":"tag-zinas-no-arvalstim"},"share_on_mastodon":{"url":"","error":""},"_links":{"self":[{"href":"https:\/\/www.europesays.com\/lv\/wp-json\/wp\/v2\/posts\/15574","targetHints":{"allow":["GET"]}}],"collection":[{"href":"https:\/\/www.europesays.com\/lv\/wp-json\/wp\/v2\/posts"}],"about":[{"href":"https:\/\/www.europesays.com\/lv\/wp-json\/wp\/v2\/types\/post"}],"author":[{"embeddable":true,"href":"https:\/\/www.europesays.com\/lv\/wp-json\/wp\/v2\/users\/2"}],"replies":[{"embeddable":true,"href":"https:\/\/www.europesays.com\/lv\/wp-json\/wp\/v2\/comments?post=15574"}],"version-history":[{"count":0,"href":"https:\/\/www.europesays.com\/lv\/wp-json\/wp\/v2\/posts\/15574\/revisions"}],"wp:featuredmedia":[{"embeddable":true,"href":"https:\/\/www.europesays.com\/lv\/wp-json\/wp\/v2\/media\/15575"}],"wp:attachment":[{"href":"https:\/\/www.europesays.com\/lv\/wp-json\/wp\/v2\/media?parent=15574"}],"wp:term":[{"taxonomy":"category","embeddable":true,"href":"https:\/\/www.europesays.com\/lv\/wp-json\/wp\/v2\/categories?post=15574"},{"taxonomy":"post_tag","embeddable":true,"href":"https:\/\/www.europesays.com\/lv\/wp-json\/wp\/v2\/tags?post=15574"}],"curies":[{"name":"wp","href":"https:\/\/api.w.org\/{rel}","templated":true}]}}