{"id":155761,"date":"2026-03-17T09:47:07","date_gmt":"2026-03-17T09:47:07","guid":{"rendered":"https:\/\/www.europesays.com\/lv\/155761\/"},"modified":"2026-03-17T09:47:07","modified_gmt":"2026-03-17T09:47:07","slug":"pie-griekijas-salas-nogrimis-igaunu-robezsardzes-kugis-uz-klaja-atradusies-igaunijas-vestniece","status":"publish","type":"post","link":"https:\/\/www.europesays.com\/lv\/155761\/","title":{"rendered":"Pie Grie\u0137ijas salas nogrimis igau\u0146u robe\u017esardzes ku\u0123is. Uz kl\u0101ja atradusies Igaunijas v\u0113stniece"},"content":{"rendered":"<p>Saska\u0146\u0101 ar Grie\u0137ijas valsts raidorganiz\u0101cijas ERT r\u012bc\u012bb\u0101 eso\u0161o inform\u0101ciju &#8220;Frontex&#8221; misij\u0101 iesaist\u012btais ku\u0123is pieder\u0113ja Igaunijai. Negad\u012bjums notika plkst. 16.20 p\u0113c viet\u0113j\u0101 laika, v\u0113sta igau\u0146u laikraksts &#8220;Postimees&#8221;. T\u0101 apkalp\u0113 bija tr\u012bs igau\u0146i un viens Grie\u0137ijas krasta apsardzes virsnieks, un uz kl\u0101ja atrad\u0101s ar\u012b Igaunijas v\u0113stniece Grie\u0137ij\u0101, Kar\u012bna Rannu.<\/p>\n<p>Krasta apsardzei pa\u0161laik ir zin\u0101ms, ka laiva apg\u0101zusies un pasa\u017eieri pa\u0161i sp\u0113ju\u0161i no t\u0101s izk\u013c\u016bt. Viens no laivas apkalpes locek\u013ciem pa t\u0101lruni izsaucis pal\u012bdz\u012bbu, un uz notikuma vietu ieradusies salas krasta apsardze un helikopters, kas visus aizveda uz net\u0101lu eso\u0161o Kastelrizo salu. P\u0113c negad\u012bjuma uz laivas izc\u0113l\u0101s ugunsgr\u0113ks, un t\u0101 nogrima, v\u0113sta &#8220;Postimees&#8221;.<\/p>\n<p>Krasta apsardze pazi\u0146oja, ka negad\u012bjums ar &#8220;Frontex&#8221; ku\u0123i nav noticis robe\u017esardzes oper\u0101cijas laik\u0101. Apst\u0101k\u013ci, k\u0101dos ku\u0123is apg\u0101z\u0101s, tiek izmekl\u0113ti, ta\u010du, p\u0113c laikraksta &#8220;I Kathimerin\u00ed&#8221; teikt\u0101, uz kl\u0101ja, iesp\u0113jams, noticis spr\u0101dziens.<\/p>\n","protected":false},"excerpt":{"rendered":"Saska\u0146\u0101 ar Grie\u0137ijas valsts raidorganiz\u0101cijas ERT r\u012bc\u012bb\u0101 eso\u0161o inform\u0101ciju &#8220;Frontex&#8221; misij\u0101 iesaist\u012btais ku\u0123is pieder\u0113ja Igaunijai. Negad\u012bjums notika plkst.&hellip;\n","protected":false},"author":2,"featured_media":155762,"comment_status":"","ping_status":"","sticky":false,"template":"","format":"standard","meta":{"footnotes":"","_share_on_mastodon":"0"},"categories":[14],"tags":[23,57,28,29,32,33,31886,4857,22,73,30,31,35,39,38,36,37,34,40,20,26,27,24,25,54,55,56,21,58],"class_list":["post-155761","post","type-post","status-publish","format-standard","has-post-thumbnail","category-zinas-no-arvalstim","tag-aktualitates","tag-arvalstim","tag-breaking-news","tag-breakingnews","tag-featured-news","tag-featurednews","tag-frontex","tag-griekija","tag-headlines","tag-igaunija","tag-latest-news","tag-latestnews","tag-latvia","tag-latvian","tag-latviesu","tag-latviesu-valoda","tag-latviesuvaloda","tag-latvija","tag-lv","tag-news","tag-popularakas-zinas","tag-popularakaszinas","tag-top-stories","tag-topstories","tag-world","tag-world-news","tag-worldnews","tag-zinas","tag-zinas-no-arvalstim"],"share_on_mastodon":{"url":"https:\/\/pubeurope.com\/@lv\/116243886687786412","error":""},"_links":{"self":[{"href":"https:\/\/www.europesays.com\/lv\/wp-json\/wp\/v2\/posts\/155761","targetHints":{"allow":["GET"]}}],"collection":[{"href":"https:\/\/www.europesays.com\/lv\/wp-json\/wp\/v2\/posts"}],"about":[{"href":"https:\/\/www.europesays.com\/lv\/wp-json\/wp\/v2\/types\/post"}],"author":[{"embeddable":true,"href":"https:\/\/www.europesays.com\/lv\/wp-json\/wp\/v2\/users\/2"}],"replies":[{"embeddable":true,"href":"https:\/\/www.europesays.com\/lv\/wp-json\/wp\/v2\/comments?post=155761"}],"version-history":[{"count":0,"href":"https:\/\/www.europesays.com\/lv\/wp-json\/wp\/v2\/posts\/155761\/revisions"}],"wp:featuredmedia":[{"embeddable":true,"href":"https:\/\/www.europesays.com\/lv\/wp-json\/wp\/v2\/media\/155762"}],"wp:attachment":[{"href":"https:\/\/www.europesays.com\/lv\/wp-json\/wp\/v2\/media?parent=155761"}],"wp:term":[{"taxonomy":"category","embeddable":true,"href":"https:\/\/www.europesays.com\/lv\/wp-json\/wp\/v2\/categories?post=155761"},{"taxonomy":"post_tag","embeddable":true,"href":"https:\/\/www.europesays.com\/lv\/wp-json\/wp\/v2\/tags?post=155761"}],"curies":[{"name":"wp","href":"https:\/\/api.w.org\/{rel}","templated":true}]}}