{"id":155793,"date":"2026-03-17T10:13:07","date_gmt":"2026-03-17T10:13:07","guid":{"rendered":"https:\/\/www.europesays.com\/lv\/155793\/"},"modified":"2026-03-17T10:13:07","modified_gmt":"2026-03-17T10:13:07","slug":"griekijas-udenos-nogrimis-igaunu-robezsardzes-kugis-uz-klaja-igaunijas-vestniece","status":"publish","type":"post","link":"https:\/\/www.europesays.com\/lv\/155793\/","title":{"rendered":"Grie\u0137ijas \u016bde\u0146os nogrimis igau\u0146u robe\u017esardzes ku\u0123is; uz kl\u0101ja \u2013 Igaunijas v\u0113stniece"},"content":{"rendered":"<p>Saska\u0146\u0101 ar Grie\u0137ijas valsts raidorganiz\u0101cijas ERT r\u012bc\u012bb\u0101 eso\u0161o inform\u0101ciju &#8220;Frontex&#8221; misij\u0101 iesaist\u012btais ku\u0123is pieder\u0113ja Igaunijai. T\u0101 apkalp\u0113 bija tr\u012bs igau\u0146i un viens Grie\u0137ijas krasta apsardzes virsnieks, un uz kl\u0101ja atrad\u0101s ar\u012b Igaunijas v\u0113stniece Grie\u0137ij\u0101. Pa\u0161reiz\u0113j\u0101 Igaunijas v\u0113stniece Grie\u0137ij\u0101 ir Kar\u012bna Rannu.<\/p>\n<p>Vispirms visi cietu\u0161ie tika nog\u0101d\u0101ti vesel\u012bbas apr\u016bpes centr\u0101 uz blakus eso\u0161\u0101s Kastelrizo salas, bet no turienes ar helikopteru p\u0101rvesti uz slimn\u012bcu Rodas sal\u0101, zi\u0146oja laikraksts \u201cI Kathimerin\u00ed\u201d. P\u0113c laikraksta zi\u0146\u0101m, vienam no ievainotajiem tika konstat\u0113ta galvas trauma.<\/p>\n<p>Krasta apsardze pazi\u0146oja, ka negad\u012bjums ar &#8220;Frontex&#8221; ku\u0123i nav noticis robe\u017esardzes oper\u0101cijas laik\u0101. Apst\u0101k\u013ci, k\u0101dos ku\u0123is apg\u0101z\u0101s, tiek izmekl\u0113ti, ta\u010du, p\u0113c \u201cI Kathimerin\u00ed\u201d teikt\u0101, uz kl\u0101ja, iesp\u0113jams, noticis spr\u0101dziens.<\/p>\n<p>&#8220;Grie\u0137ijas krasta apsardze m\u016bs inform\u0113ja, ka vi\u0146iem izdevies izgl\u0101bt visus, kas atrad\u0101s uz ku\u0123a. K\u0101 saprotu, uz kl\u0101ja bija pieci cilv\u0113ki. Cik zinu, vismaz viens cilv\u0113ks ir ievainots,&#8221; sac\u012bja &#8220;Frontex&#8221; preses p\u0101rst\u0101vis K\u0161i\u0161tofs Borovskis.<\/p>\n<p>Kastelrizo m\u0113rs Nikoss Asvestis zi\u0146u a\u0123ent\u016brai ANA sac\u012bja, ka nopietni ievainots ir tikai viens cilv\u0113ks, kur\u0161 atrad\u0101s uz ku\u0123a. &#8220;Nav skaidrs, vai laiva atsitusies pret j\u016bras dibenu, sad\u016brusies ar peldo\u0161u ba\u013c\u0137i, kas aizpeld\u0113jis no ostas, vai ar\u012b apg\u0101zusies nepareizas manevra veik\u0161anas d\u0113\u013c,&#8221; vi\u0146\u0161 teica.<\/p>\n","protected":false},"excerpt":{"rendered":"Saska\u0146\u0101 ar Grie\u0137ijas valsts raidorganiz\u0101cijas ERT r\u012bc\u012bb\u0101 eso\u0161o inform\u0101ciju &#8220;Frontex&#8221; misij\u0101 iesaist\u012btais ku\u0123is pieder\u0113ja Igaunijai. T\u0101 apkalp\u0113 bija&hellip;\n","protected":false},"author":2,"featured_media":155794,"comment_status":"","ping_status":"","sticky":false,"template":"","format":"standard","meta":{"footnotes":"","_share_on_mastodon":"0"},"categories":[5],"tags":[23,28,29,32,33,31886,4857,22,73,30,31,35,39,38,36,37,34,40,20,26,27,24,25,21],"class_list":["post-155793","post","type-post","status-publish","format-standard","has-post-thumbnail","category-aktualitates","tag-aktualitates","tag-breaking-news","tag-breakingnews","tag-featured-news","tag-featurednews","tag-frontex","tag-griekija","tag-headlines","tag-igaunija","tag-latest-news","tag-latestnews","tag-latvia","tag-latvian","tag-latviesu","tag-latviesu-valoda","tag-latviesuvaloda","tag-latvija","tag-lv","tag-news","tag-popularakas-zinas","tag-popularakaszinas","tag-top-stories","tag-topstories","tag-zinas"],"share_on_mastodon":{"url":"https:\/\/pubeurope.com\/@lv\/116243988670540880","error":""},"_links":{"self":[{"href":"https:\/\/www.europesays.com\/lv\/wp-json\/wp\/v2\/posts\/155793","targetHints":{"allow":["GET"]}}],"collection":[{"href":"https:\/\/www.europesays.com\/lv\/wp-json\/wp\/v2\/posts"}],"about":[{"href":"https:\/\/www.europesays.com\/lv\/wp-json\/wp\/v2\/types\/post"}],"author":[{"embeddable":true,"href":"https:\/\/www.europesays.com\/lv\/wp-json\/wp\/v2\/users\/2"}],"replies":[{"embeddable":true,"href":"https:\/\/www.europesays.com\/lv\/wp-json\/wp\/v2\/comments?post=155793"}],"version-history":[{"count":0,"href":"https:\/\/www.europesays.com\/lv\/wp-json\/wp\/v2\/posts\/155793\/revisions"}],"wp:featuredmedia":[{"embeddable":true,"href":"https:\/\/www.europesays.com\/lv\/wp-json\/wp\/v2\/media\/155794"}],"wp:attachment":[{"href":"https:\/\/www.europesays.com\/lv\/wp-json\/wp\/v2\/media?parent=155793"}],"wp:term":[{"taxonomy":"category","embeddable":true,"href":"https:\/\/www.europesays.com\/lv\/wp-json\/wp\/v2\/categories?post=155793"},{"taxonomy":"post_tag","embeddable":true,"href":"https:\/\/www.europesays.com\/lv\/wp-json\/wp\/v2\/tags?post=155793"}],"curies":[{"name":"wp","href":"https:\/\/api.w.org\/{rel}","templated":true}]}}