{"id":15605,"date":"2025-10-08T06:45:08","date_gmt":"2025-10-08T06:45:08","guid":{"rendered":"https:\/\/www.europesays.com\/lv\/15605\/"},"modified":"2025-10-08T06:45:08","modified_gmt":"2025-10-08T06:45:08","slug":"ar-vairak-neka-250-profesionalu-muziku-kapsanu-uz-skatuves-atzimes-liepajas-koncertzales-desmitgadi","status":"publish","type":"post","link":"https:\/\/www.europesays.com\/lv\/15605\/","title":{"rendered":"Ar vair\u0101k nek\u0101 250 profesion\u0101lu m\u016bzi\u0137u k\u0101p\u0161anu uz skatuves, atz\u012bm\u0113s Liep\u0101jas koncertz\u0101les desmitgadi"},"content":{"rendered":"<p>7. un 8. novembr\u012b plkst. 19.00 Liep\u0101jas koncertz\u0101le &#8220;Lielais dzintars&#8221; aicina klaus\u012bt\u0101jus pievienoties desmitgades svin\u012bbu kulmin\u0101cijai, kur\u0101 tiks \u012bstenots sen lolots sapnis \u2013 Arnolda \u0160\u0113nberga romantisk\u0101 oratorija &#8220;Gurres dziesmas&#8221;. Koncerts ir da\u013ca no Eiropas kult\u016bras galvaspils\u0113tas &#8220;Liep\u0101ja 2027&#8221; programmas, kas uz vienas skatuves apvienos vair\u0101k nek\u0101 250 profesion\u0101lu m\u016bzi\u0137u \u2013 piecus solistus, lielu jaukto kori, tr\u012bs v\u012bru korus un grandiozu or\u0137estri.<\/p>\n<p>&#8220;M\u0113s \u0161obr\u012bd virpu\u013cojam tagadnes net\u012br\u012bb\u0101 un n\u0101kotnes nezi\u0146\u0101, un ir nepiecie\u0161ams kaut kas majest\u0101tisks, monument\u0101ls, skaists un t\u012brs. Kara\u013ca Valdem\u0101ra un Toves m\u012blest\u012bba beidzas nelaim\u012bgi, bet \u0161\u012bs m\u012blest\u012bbas atbalss p\u0101rv\u0113r\u0161as cit\u0101d\u0101 mat\u0113rij\u0101, un saprotami cilv\u0113cisks m\u0113\u0123in\u0101jums vainot providenci caur ne\u017e\u0113l\u012bg\u0101m cie\u0161an\u0101m p\u0101rtop metafizisk\u0101 saull\u0113kt\u0101, kas dod ne tikai mierin\u0101jumu, bet ar\u012b sp\u0113ku. Arnolds \u0160\u0113nbergs, t\u0101pat k\u0101 m\u0113s, dz\u012bvoja daudzu dramatisku p\u0101rmai\u0146u laikos. M\u0101ksla sniedz nevis mierin\u0101jumu, bet stiprin\u0101jumu. Uz to nez\u016bd m\u016bsu cer\u012bba, un taj\u0101 balst\u0101s m\u016bsu p\u0101rliec\u012bba,&#8221; ska\u0146darba izv\u0113li jubilejas svin\u012bb\u0101m skaidro koncertz\u0101les m\u0101kslinieciskais vad\u012bt\u0101js Orests Silabriedis.<\/p>\n<p>\u0160is ir pasaul\u0113 reti atska\u0146ots opuss, kas Latvij\u0101 l\u012bdz \u0161im skan\u0113jis tikai divas reizes t\u0101 kolos\u0101l\u0101 m\u0113roga d\u0113\u013c. Ska\u0146darbs balst\u012bts viduslaiku le\u0123end\u0101 par kara\u013ca Valdem\u0101ra un vi\u0146a m\u012b\u013cot\u0101s Toves skaisto m\u012blest\u012bbu, kurai pien\u0101k tra\u0123iskas beigas. Karaliene Helviga, greizsird\u012bbas apm\u0101ta, pas\u016bta Toves n\u0101vi. Valdem\u0101rs izmisuma l\u0113km\u0113 nol\u0101d Dievu, izraisot p\u0101rdabisku izr\u0113\u0137in\u0101\u0161anos, jo pats tiek nol\u0101d\u0113ts klejot kop\u0101 ar spoku armiju. R\u012btausmai austot, visu vainago elpu aizraujo\u0161s un atpest\u012bjo\u0161s kora un simfonisk\u0101 or\u0137estra saull\u0113kts, skaist\u0101kais k\u0101ds vien iesp\u0113jams.<\/p>\n<p>Modests Pitrens (Modestas Pitrenas) ir ide\u0101ls diri\u0123ents \u0161\u0101dai m\u016bzikai, kas prasa emocion\u0101lu iedzi\u013cin\u0101\u0161anos, cilv\u0113ka balss labu sapra\u0161anu un izju\u0161anu, operiskas dramatur\u0123ijas b\u016bv\u0113\u0161anu. Vi\u0146a vad\u012bb\u0101 apvienosies Valsts akad\u0113miskais koris &#8220;Latvija&#8221;, R\u012bgas Projektu koris, Igaunijas Nacion\u0101lais v\u012bru koris, Liep\u0101jas Simfoniskais or\u0137estris un Latvijas Nacion\u0101lais simfoniskais or\u0137estris.<\/p>\n<p>M\u012blasst\u0101sta emocion\u0101li sp\u0113c\u012bgo v\u0113st\u012bjumu klaus\u012bt\u0101jiem uztic\u0113ts nodot tumsn\u0113ji dai\u013c\u0101s un mirdzo\u0161\u0101s balss \u012bpa\u0161niecei Magdal\u0113nai Annai Hofmanei (Magdalena Anna Hofmann) un Latvijas publikai paz\u012bstamajam amerik\u0101\u0146u operdzied\u0101t\u0101jam Korbijam Vel\u010dam (Corby Welch). Vi\u0146iem pievienosies viens no vado\u0161ajiem Latvijas Nacion\u0101l\u0101s operas solistiem Mihails \u010cu\u013cpajevs, Frankfurtes operas soliste Zanda \u0160v\u0113de un V\u0101cij\u0101 un Latvij\u0101 iev\u0113rojamus pan\u0101kumus guvu\u0161ais basbaritons Olivers Cvargs (Oliver Zwarg).<\/p>\n<p>Koncertz\u0101les jubilejas svin\u012bbu kulmin\u0101cij\u0101 uz skatuves vienosies vair\u0101k nek\u0101 250 profesion\u0101lu m\u016bzi\u0137u<\/p>\n","protected":false},"excerpt":{"rendered":"7. un 8. novembr\u012b plkst. 19.00 Liep\u0101jas koncertz\u0101le &#8220;Lielais dzintars&#8221; aicina klaus\u012bt\u0101jus pievienoties desmitgades svin\u012bbu kulmin\u0101cijai, kur\u0101 tiks&hellip;\n","protected":false},"author":2,"featured_media":15606,"comment_status":"","ping_status":"","sticky":false,"template":"","format":"standard","meta":{"footnotes":""},"categories":[19],"tags":[129,5377,130,89,90,35,39,38,36,37,34,40,5378,131,5379,132],"class_list":{"0":"post-15605","1":"post","2":"type-post","3":"status-publish","4":"format-standard","5":"has-post-thumbnail","7":"category-izklaide","8":"tag-__typenameadvicekeyword","9":"tag-id143","10":"tag-id905","11":"tag-entertainment","12":"tag-izklaide","13":"tag-latvia","14":"tag-latvian","15":"tag-latviesu","16":"tag-latviesu-valoda","17":"tag-latviesuvaloda","18":"tag-latvija","19":"tag-lv","20":"tag-slugkoncerti","21":"tag-slugliepaja","22":"tag-titlekoncerti","23":"tag-titleliepaja"},"share_on_mastodon":{"url":"","error":""},"_links":{"self":[{"href":"https:\/\/www.europesays.com\/lv\/wp-json\/wp\/v2\/posts\/15605","targetHints":{"allow":["GET"]}}],"collection":[{"href":"https:\/\/www.europesays.com\/lv\/wp-json\/wp\/v2\/posts"}],"about":[{"href":"https:\/\/www.europesays.com\/lv\/wp-json\/wp\/v2\/types\/post"}],"author":[{"embeddable":true,"href":"https:\/\/www.europesays.com\/lv\/wp-json\/wp\/v2\/users\/2"}],"replies":[{"embeddable":true,"href":"https:\/\/www.europesays.com\/lv\/wp-json\/wp\/v2\/comments?post=15605"}],"version-history":[{"count":0,"href":"https:\/\/www.europesays.com\/lv\/wp-json\/wp\/v2\/posts\/15605\/revisions"}],"wp:featuredmedia":[{"embeddable":true,"href":"https:\/\/www.europesays.com\/lv\/wp-json\/wp\/v2\/media\/15606"}],"wp:attachment":[{"href":"https:\/\/www.europesays.com\/lv\/wp-json\/wp\/v2\/media?parent=15605"}],"wp:term":[{"taxonomy":"category","embeddable":true,"href":"https:\/\/www.europesays.com\/lv\/wp-json\/wp\/v2\/categories?post=15605"},{"taxonomy":"post_tag","embeddable":true,"href":"https:\/\/www.europesays.com\/lv\/wp-json\/wp\/v2\/tags?post=15605"}],"curies":[{"name":"wp","href":"https:\/\/api.w.org\/{rel}","templated":true}]}}