{"id":15611,"date":"2025-10-08T06:52:08","date_gmt":"2025-10-08T06:52:08","guid":{"rendered":"https:\/\/www.europesays.com\/lv\/15611\/"},"modified":"2025-10-08T06:52:08","modified_gmt":"2025-10-08T06:52:08","slug":"gobers-izskaidro-lemumu-izlaist-eiropas-cempionatu","status":"publish","type":"post","link":"https:\/\/www.europesays.com\/lv\/15611\/","title":{"rendered":"Gob\u0113rs izskaidro l\u0113mumu izlaist Eiropas \u010dempion\u0101tu"},"content":{"rendered":"<p>Francijas izlase Eiropas \u010dempion\u0101tu nosl\u0113dza dev\u012btaj\u0101 poz\u012bcij\u0101. C\u012b\u0146\u0101 par iek\u013c\u016b\u0161anu ceturtda\u013cfin\u0101l\u0101 t\u0101 ar 70:80 atzina Gruzijas p\u0101r\u0101kumu.<\/p>\n<p>Gob\u0113rs savu l\u0113mumu par nepievieno\u0161anos izlasei pazi\u0146oja laic\u012bgi. Vi\u0146\u0161 uzsver, ka v\u0113l\u0113jies str\u0101d\u0101t pie savas fizisk\u0101s un ment\u0101l\u0101s vesel\u012bbas.<\/p>\n<p>&#8220;Lai ar\u012b cik \u013coti man pat\u012b sp\u0113l\u0113t nacion\u0101laj\u0101 komand\u0101, \u0161ovasar man bija j\u0101pie\u0146em l\u0113mums par bateriju uzl\u0101di. Tas man \u013c\u0101va starpsezon\u0101 str\u0101d\u0101t cit\u0101di. Es var\u0113ju nostiprin\u0101t \u0137ermeni, k\u013c\u016bt sp\u0113c\u012bg\u0101ks,&#8221; vi\u0146\u0161 sac\u012bja izdevumam &#8220;The New York Times&#8221;.<\/p>\n<p>Augum\u0101 ra\u017eenais basketbolists atzina, ka \u0161\u0101ds l\u0113mums vi\u0146am nebija viegls.<\/p>\n<p>&#8220;Man k\u0101 sportistam, kuram pat\u012bk sacensties, \u0161\u0101di l\u0113mumi nekad nav viegli. Ta\u010du visam ir j\u0101pieiet sapr\u0101t\u012bgi un j\u0101dom\u0101 par to, kas ir vislab\u0101kais tavai fiziskajai un gar\u012bgajai vesel\u012bbai,&#8221; uzsv\u0113ra Gob\u0113rs.<\/p>\n<p>33 gadus vecais Francijas centra sp\u0113l\u0113t\u0101js ikdien\u0101 p\u0101rst\u0101v Nacion\u0101l\u0101s basketbola asoci\u0101cijas (<a href=\"https:\/\/sports.tvnet.lv\/term\/10004\/nba\" class=\"topicLink\" target=\"_blank\" rel=\"nofollow noopener\">NBA<\/a>) klubu Minesotas &#8220;Timberwolves&#8221;.<\/p>\n","protected":false},"excerpt":{"rendered":"Francijas izlase Eiropas \u010dempion\u0101tu nosl\u0113dza dev\u012btaj\u0101 poz\u012bcij\u0101. C\u012b\u0146\u0101 par iek\u013c\u016b\u0161anu ceturtda\u013cfin\u0101l\u0101 t\u0101 ar 70:80 atzina Gruzijas p\u0101r\u0101kumu. Gob\u0113rs&hellip;\n","protected":false},"author":2,"featured_media":15612,"comment_status":"","ping_status":"","sticky":false,"template":"","format":"standard","meta":{"footnotes":""},"categories":[17],"tags":[1015,744,35,39,38,36,37,34,40,5380,1258,67],"class_list":{"0":"post-15611","1":"post","2":"type-post","3":"status-publish","4":"format-standard","5":"has-post-thumbnail","7":"category-sports","8":"tag-eiropas-basketbola-cempionats","9":"tag-eurobasket-2025","10":"tag-latvia","11":"tag-latvian","12":"tag-latviesu","13":"tag-latviesu-valoda","14":"tag-latviesuvaloda","15":"tag-latvija","16":"tag-lv","17":"tag-minesotas-timberwolves","18":"tag-nba","19":"tag-sports"},"share_on_mastodon":{"url":"","error":""},"_links":{"self":[{"href":"https:\/\/www.europesays.com\/lv\/wp-json\/wp\/v2\/posts\/15611","targetHints":{"allow":["GET"]}}],"collection":[{"href":"https:\/\/www.europesays.com\/lv\/wp-json\/wp\/v2\/posts"}],"about":[{"href":"https:\/\/www.europesays.com\/lv\/wp-json\/wp\/v2\/types\/post"}],"author":[{"embeddable":true,"href":"https:\/\/www.europesays.com\/lv\/wp-json\/wp\/v2\/users\/2"}],"replies":[{"embeddable":true,"href":"https:\/\/www.europesays.com\/lv\/wp-json\/wp\/v2\/comments?post=15611"}],"version-history":[{"count":0,"href":"https:\/\/www.europesays.com\/lv\/wp-json\/wp\/v2\/posts\/15611\/revisions"}],"wp:featuredmedia":[{"embeddable":true,"href":"https:\/\/www.europesays.com\/lv\/wp-json\/wp\/v2\/media\/15612"}],"wp:attachment":[{"href":"https:\/\/www.europesays.com\/lv\/wp-json\/wp\/v2\/media?parent=15611"}],"wp:term":[{"taxonomy":"category","embeddable":true,"href":"https:\/\/www.europesays.com\/lv\/wp-json\/wp\/v2\/categories?post=15611"},{"taxonomy":"post_tag","embeddable":true,"href":"https:\/\/www.europesays.com\/lv\/wp-json\/wp\/v2\/tags?post=15611"}],"curies":[{"name":"wp","href":"https:\/\/api.w.org\/{rel}","templated":true}]}}