{"id":15617,"date":"2025-10-08T06:57:10","date_gmt":"2025-10-08T06:57:10","guid":{"rendered":"https:\/\/www.europesays.com\/lv\/15617\/"},"modified":"2025-10-08T06:57:10","modified_gmt":"2025-10-08T06:57:10","slug":"kantrimuzikas-legendai-dollijai-partonei-konstatetas-veselibas-problemas","status":"publish","type":"post","link":"https:\/\/www.europesays.com\/lv\/15617\/","title":{"rendered":"Kantrim\u016bzikas le\u0123endai Dollijai P\u0101rtonei konstat\u0113tas vesel\u012bbas probl\u0113mas"},"content":{"rendered":"<p>Amerik\u0101\u0146u kantrim\u016bzikas le\u0123endas Dollijas P\u0101rtones m\u0101sa&#13;<br \/>\notrdien aicin\u0101ja l\u016bgties par dzied\u0101t\u0101ju, kas nule vesel\u012bbas probl\u0113mu d\u0113\u013c&#13;<br \/>\natc\u0113lusi koncertus Lasvegas\u0101.<\/p>\n<p>79 gadus vec\u0101 P\u0101rtone pag\u0101ju\u0161aj\u0101 ned\u0113\u013c\u0101 atc\u0113la Lasvegas\u0101&#13;<br \/>\ngaid\u0101mos koncertus, jo radu\u0161\u0101s vesel\u012bbas probl\u0113mas.<\/p>\n<p>M\u016bzi\u0137e nor\u0101d\u012bja, ka vi\u0146ai b\u016bs j\u0101veic vair\u0101kas medic\u012bniskas&#13;<br \/>\nproced\u016bras.<\/p>\n<p>&#8220;Pag\u0101ju\u0161aj\u0101 nakt\u012b es visu nakti l\u016bdzos par m\u0101su&#13;<br \/>\nDolliju. Daudzi no jums zina, ka p\u0113d\u0113j\u0101 laik\u0101 vi\u0146a nav jutusies sevi\u0161\u0137i&#13;<br \/>\nlabi,&#8221; platform\u0101 &#8220;Facebook&#8221; pauda Fr\u012bda P\u0101rtone.<\/p>\n<p>&#8220;Es patiesi ticu l\u016bg\u0161anu sp\u0113kam, un es esmu aicin\u0101ta&#13;<br \/>\nl\u016bgt visu pasauli, kas vi\u0146u m\u012bl, b\u016bt l\u016bg\u0161anu karot\u0101jiem un l\u016bgties kop\u0101 ar&#13;<br \/>\nmani,&#8221; nor\u0101d\u012bja m\u016bzi\u0137es m\u0101sa.<\/p>\n<p>Dollijai P\u0101rtonei decembr\u012b Lasvegas\u0101 bija iepl\u0101noti se\u0161i&#13;<br \/>\nkoncerti viesn\u012bcas &#8220;Caesars Palace&#8221; te\u0101tr\u012b &#8220;Colosseum&#8221;.&#13;<br \/>\nBi\u013cetes uz koncertiem jau izp\u0101rdotas.<\/p>\n<p>Dzied\u0101t\u0101ja pag\u0101ju\u0161aj\u0101 ned\u0113\u013c\u0101 koncertus atc\u0113la, skaidrojot,&#13;<br \/>\nka vesel\u012bbas st\u0101vok\u013ca d\u0113\u013c &#8220;nesp\u0113s piedal\u012bties m\u0113\u0123in\u0101jumos un sagatavot&#13;<br \/>\nt\u0101du \u0161ovu, k\u0101du j\u016bs v\u0113laties redz\u0113t&#8221;.<\/p>\n<p>P\u0101rtone saviem miljoniem sekot\u0101ju pazi\u0146oja, ka vi\u0146a v\u0113l&#13;<br \/>\nnebeidz savu karjeru, un nor\u0101d\u012bja, ka jauni koncerti notiks n\u0101kam\u0101 gada&#13;<br \/>\nseptembr\u012b.<\/p>\n<p>P\u0101rtone k\u013cuva par megazvaigzni septi\u0146desmitajos gados. Vi\u0146as&#13;<br \/>\npaz\u012bstam\u0101ko hitu vid\u016b ir &#8220;Jolene&#8221;, &#8220;I Will Always Love&#13;<br \/>\nYou&#8221;, &#8220;Coat of Many Colors&#8221; un &#8220;9 to 5&#8221;.<\/p>\n<p>Bija paredz\u0113ts, ka P\u0101rtone n\u0101kamm\u0113nes ceremonij\u0101&#13;<br \/>\nLosand\u017eelos\u0101 sa\u0146ems goda &#8220;Oskaru&#8221;, tom\u0113r, k\u0101 v\u0113sta Holivudas izdevums&#13;<br \/>\n&#8220;Variety&#8221;, dom\u0101jams, ka m\u016bzi\u0137e ceremonij\u0101 nepiedal\u012bsies.<\/p>\n<p><img decoding=\"async\" src=\"https:\/\/www.europesays.com\/lv\/wp-content\/uploads\/2025\/10\/0da11a9c04c9df9f1dcc7daa3605ddb3.jpg\" title=\"Dollija P\u0101rtone. Foto: AP Photo\/Wade Payne\" alt=\"Dollija P\u0101rtone. Foto: AP Photo\/Wade Payne\"\/><\/p>\n<p class=\"article-img-desc\">Dollija P\u0101rtone. Foto: AP Photo\/Wade Payne<\/p>\n","protected":false},"excerpt":{"rendered":"Amerik\u0101\u0146u kantrim\u016bzikas le\u0123endas Dollijas P\u0101rtones m\u0101sa&#13; otrdien aicin\u0101ja l\u016bgties par dzied\u0101t\u0101ju, kas nule vesel\u012bbas probl\u0113mu d\u0113\u013c&#13; atc\u0113lusi koncertus&hellip;\n","protected":false},"author":2,"featured_media":15618,"comment_status":"","ping_status":"","sticky":false,"template":"","format":"standard","meta":{"footnotes":""},"categories":[19],"tags":[129,1773,957,2239,89,90,35,39,38,36,37,34,40,958,2240,1774,959,2241,1775],"class_list":{"0":"post-15617","1":"post","2":"type-post","3":"status-publish","4":"format-standard","5":"has-post-thumbnail","7":"category-izklaide","8":"tag-__typenameadvicekeyword","9":"tag-id1061","10":"tag-id597","11":"tag-id93","12":"tag-entertainment","13":"tag-izklaide","14":"tag-latvia","15":"tag-latvian","16":"tag-latviesu","17":"tag-latviesu-valoda","18":"tag-latviesuvaloda","19":"tag-latvija","20":"tag-lv","21":"tag-slugasv","22":"tag-slugmusic","23":"tag-slugslavenibas","24":"tag-titleasv","25":"tag-titlemusic","26":"tag-titleslavenibas"},"share_on_mastodon":{"url":"","error":""},"_links":{"self":[{"href":"https:\/\/www.europesays.com\/lv\/wp-json\/wp\/v2\/posts\/15617","targetHints":{"allow":["GET"]}}],"collection":[{"href":"https:\/\/www.europesays.com\/lv\/wp-json\/wp\/v2\/posts"}],"about":[{"href":"https:\/\/www.europesays.com\/lv\/wp-json\/wp\/v2\/types\/post"}],"author":[{"embeddable":true,"href":"https:\/\/www.europesays.com\/lv\/wp-json\/wp\/v2\/users\/2"}],"replies":[{"embeddable":true,"href":"https:\/\/www.europesays.com\/lv\/wp-json\/wp\/v2\/comments?post=15617"}],"version-history":[{"count":0,"href":"https:\/\/www.europesays.com\/lv\/wp-json\/wp\/v2\/posts\/15617\/revisions"}],"wp:featuredmedia":[{"embeddable":true,"href":"https:\/\/www.europesays.com\/lv\/wp-json\/wp\/v2\/media\/15618"}],"wp:attachment":[{"href":"https:\/\/www.europesays.com\/lv\/wp-json\/wp\/v2\/media?parent=15617"}],"wp:term":[{"taxonomy":"category","embeddable":true,"href":"https:\/\/www.europesays.com\/lv\/wp-json\/wp\/v2\/categories?post=15617"},{"taxonomy":"post_tag","embeddable":true,"href":"https:\/\/www.europesays.com\/lv\/wp-json\/wp\/v2\/tags?post=15617"}],"curies":[{"name":"wp","href":"https:\/\/api.w.org\/{rel}","templated":true}]}}