{"id":1563,"date":"2025-09-22T08:34:07","date_gmt":"2025-09-22T08:34:07","guid":{"rendered":"https:\/\/www.europesays.com\/lv\/1563\/"},"modified":"2025-09-22T08:34:07","modified_gmt":"2025-09-22T08:34:07","slug":"konkurences-padomes-priekssedetaja-amatam-virza-ievu-smiti-dienas-bizness","status":"publish","type":"post","link":"https:\/\/www.europesays.com\/lv\/1563\/","title":{"rendered":"Konkurences padomes priek\u0161s\u0113d\u0113t\u0101ja amatam virza Ievu \u0160miti :: Dienas Bizness"},"content":{"rendered":"<p class=\"text-font font-size--text-xlarge margin-3--bottom font-weight--bold padding-1--top\">Nosl\u0113dzies atkl\u0101tais konkurss uz Konkurences padomes priek\u0161s\u0113d\u0113t\u0101ja amatu, un amatam tiek virz\u012bta Ieva \u0160mite.<\/p>\n<p class=\"text-font font-size--text-xlarge margin-3--bottom\">I. \u0160mite l\u012bdz \u0161im Konkurences padom\u0113 ie\u0146\u0113ma Aizliegtu vieno\u0161an\u0101s departamenta direktores amatu, savuk\u0101rt no 2025.gada 16.janv\u0101ra ir Konkurences padomes priek\u0161s\u0113d\u0113t\u0101ja pien\u0101kumu izpild\u012bt\u0101ja.<\/p>\n<p class=\"text-font font-size--text-xlarge margin-3--bottom\">I. \u0160mite Konkurences padom\u0113 darbu s\u0101ka 2008.gad\u0101 k\u0101 Juridisk\u0101 departamenta juriskonsulte. No 2013.gada vi\u0146a str\u0101d\u0101 Aizliegtu vieno\u0161anos departament\u0101, kop\u0161 2015.gada ie\u0146\u0113musi \u0161\u012b departamenta direktores amatu. Vi\u0146as vad\u012bt\u0101 strukt\u016brvien\u012bba izmekl\u0113jusi vair\u0101kas noz\u012bm\u012bgas p\u0101rk\u0101pumu izp\u0113tes lietas &#8211; b\u016bvnieku karteli, ce\u013cu b\u016bves karteli, autobusu karteli.<\/p>\n<p class=\"text-font font-size--text-xlarge margin-3--bottom\">I. \u0160mite ieguvusi bakalaura un ma\u0123istra gr\u0101dus ties\u012bbu zin\u0101tn\u0113 Biznesa augstskol\u0101 &#8220;Tur\u012bba&#8221;.<\/p>\n<p class=\"text-font font-size--text-xlarge margin-3--bottom\">K\u0101 v\u0113st\u012bts iepriek\u0161, pretendentu atlase Konkurences padomes priek\u0161s\u0113d\u0113t\u0101ja amatam notika tr\u012bs k\u0101rt\u0101s. Pirm\u0101s k\u0101rtas laik\u0101 konkursa komisija izv\u0113rt\u0113ja iesniegtos dokumentus un pretendentu atbilst\u012bbu oblig\u0101taj\u0101m pras\u012bb\u0101m. Konkursa otraj\u0101 k\u0101rt\u0101 pretendenti konkursa komisijai skaidroja savu motiv\u0101ciju ie\u0146emt \u0161o amatu, atbild\u0113ja uz komisijas uzdotajiem jaut\u0101jumiem un prezent\u0113ja savu redz\u0113jumu par priek\u0161likumiem Konkurences padomes r\u012bc\u012bbai, lai veicin\u0101tu Latvijas starptautisko konkur\u0113tsp\u0113ju. Savuk\u0101rt konkursa tre\u0161aj\u0101 k\u0101rt\u0101 tika v\u0113rt\u0113tas pretendentu vad\u012bbas kompetences: strat\u0113\u0123iskais redz\u0113jums, orient\u0101cija uz rezult\u0101tu sasnieg\u0161anu, sp\u0113ja pie\u0146emt l\u0113mumus un uz\u0146emties atbild\u012bbu, p\u0101rmai\u0146u vad\u012b\u0161ana un komandas vad\u012b\u0161ana.<\/p>\n<p class=\"text-font font-size--text-xlarge margin-3--bottom\">Konkursa pretendentu v\u0113rt\u0113\u0161anas komisiju vad\u012bja Valsts kancelejas direktors Raivis Kronbergs. Komisijas sast\u0101v\u0101 bija Ekonomikas ministrijas valsts sekret\u0101ra vietnieks, valsts sekret\u0101ra pien\u0101kumu izpild\u012bt\u0101js Raivis Brem\u0161mits, Ekonomikas ministrijas valsts sekret\u0101ra vietnieks Edijs \u0160aic\u0101ns, Latvijas Pa\u0161vald\u012bbu savien\u012bbas padomniece uz\u0146\u0113m\u0113jdarb\u012bbas jom\u0101 Andra Feldmane un Latvijas Tirdzniec\u012bbas un r\u016bpniec\u012bbas kameras valdes loceklis J\u0101nis Lielp\u0113teris. T\u0101pat par pretendentu nov\u0113rt\u0113\u0161anas procesa neatkar\u012bgo nov\u0113rot\u0101ju tika uzaicin\u0101ts Kaspars Gork\u0161s &#8211; Latvijas Darba dev\u0113ju konfeder\u0101cijas \u0123ener\u0101ldirektors.<\/p>\n<p class=\"text-font font-size--text-xlarge margin-3--bottom\">Konkurences padomes priek\u0161s\u0113d\u0113t\u0101ju p\u0113c ekonomikas ministra ieteikuma amat\u0101 apstiprina Ministru kabinets.<\/p>\n","protected":false},"excerpt":{"rendered":"Nosl\u0113dzies atkl\u0101tais konkurss uz Konkurences padomes priek\u0161s\u0113d\u0113t\u0101ja amatu, un amatam tiek virz\u012bta Ieva \u0160mite. I. \u0160mite l\u012bdz \u0161im&hellip;\n","protected":false},"author":2,"featured_media":1564,"comment_status":"","ping_status":"","sticky":false,"template":"","format":"standard","meta":{"footnotes":""},"categories":[12],"tags":[23,869,77,870,28,29,867,32,33,22,30,31,35,39,38,36,37,34,871,868,40,20,26,27,24,25,21],"class_list":{"0":"post-1563","1":"post","2":"type-post","3":"status-publish","4":"format-standard","5":"has-post-thumbnail","7":"category-latvija","8":"tag-aktualitates","9":"tag-biznesa-zinas","10":"tag-bizness","11":"tag-bizness-latvija","12":"tag-breaking-news","13":"tag-breakingnews","14":"tag-dienas-zinas","15":"tag-featured-news","16":"tag-featurednews","17":"tag-headlines","18":"tag-latest-news","19":"tag-latestnews","20":"tag-latvia","21":"tag-latvian","22":"tag-latviesu","23":"tag-latviesu-valoda","24":"tag-latviesuvaloda","25":"tag-latvija","26":"tag-latvijas-biznesa-zinas","27":"tag-latvijas-zinas","28":"tag-lv","29":"tag-news","30":"tag-popularakas-zinas","31":"tag-popularakaszinas","32":"tag-top-stories","33":"tag-topstories","34":"tag-zinas"},"share_on_mastodon":{"url":"","error":""},"_links":{"self":[{"href":"https:\/\/www.europesays.com\/lv\/wp-json\/wp\/v2\/posts\/1563","targetHints":{"allow":["GET"]}}],"collection":[{"href":"https:\/\/www.europesays.com\/lv\/wp-json\/wp\/v2\/posts"}],"about":[{"href":"https:\/\/www.europesays.com\/lv\/wp-json\/wp\/v2\/types\/post"}],"author":[{"embeddable":true,"href":"https:\/\/www.europesays.com\/lv\/wp-json\/wp\/v2\/users\/2"}],"replies":[{"embeddable":true,"href":"https:\/\/www.europesays.com\/lv\/wp-json\/wp\/v2\/comments?post=1563"}],"version-history":[{"count":0,"href":"https:\/\/www.europesays.com\/lv\/wp-json\/wp\/v2\/posts\/1563\/revisions"}],"wp:featuredmedia":[{"embeddable":true,"href":"https:\/\/www.europesays.com\/lv\/wp-json\/wp\/v2\/media\/1564"}],"wp:attachment":[{"href":"https:\/\/www.europesays.com\/lv\/wp-json\/wp\/v2\/media?parent=1563"}],"wp:term":[{"taxonomy":"category","embeddable":true,"href":"https:\/\/www.europesays.com\/lv\/wp-json\/wp\/v2\/categories?post=1563"},{"taxonomy":"post_tag","embeddable":true,"href":"https:\/\/www.europesays.com\/lv\/wp-json\/wp\/v2\/tags?post=1563"}],"curies":[{"name":"wp","href":"https:\/\/api.w.org\/{rel}","templated":true}]}}