{"id":15684,"date":"2025-10-08T08:24:09","date_gmt":"2025-10-08T08:24:09","guid":{"rendered":"https:\/\/www.europesays.com\/lv\/15684\/"},"modified":"2025-10-08T08:24:09","modified_gmt":"2025-10-08T08:24:09","slug":"man-skita-ka-tas-bus-vienkarsak-tramps-komente-kara-izbeigsanu-ukraina","status":"publish","type":"post","link":"https:\/\/www.europesays.com\/lv\/15684\/","title":{"rendered":"&#8220;Man \u0161\u0137ita, ka tas b\u016bs vienk\u0101r\u0161\u0101k.&#8221; Tramps koment\u0113 kara izbeig\u0161anu Ukrain\u0101"},"content":{"rendered":"<p>Tuvajos Austrumos miera l\u012bgums ir tuvu nosl\u0113g\u0161anai, ko nevar teikt par karu Ukrain\u0101, vi\u0146\u0161 piebilda.<\/p>\n<p>&#8220;Man \u0161\u0137ita, ka tas b\u016bs viens no vienk\u0101r\u0161\u0101kajiem gad\u012bjumiem. Man ir labas attiec\u012bbas ar [Krievijas diktatoru Vladimiru] Putinu, un man \u0161\u0137ita, ka \u0161o jaut\u0101jumu var\u0113s atrisin\u0101t,&#8221; kl\u0101st\u012bja Tramps.<\/p>\n<p>&#8220;Es esmu \u013coti v\u012blies vi\u0146\u0101, jo uzskat\u012bju, ka to b\u016bs viegli atrisin\u0101t, bet izr\u0101d\u0101s, ka tas, iesp\u0113jams, ir v\u0113l sare\u017e\u0123\u012bt\u0101k nek\u0101 Tuvie Austrumi,&#8221; atzina ASV prezidents.<\/p>\n<p>Tramps atgriez\u0101s Baltaj\u0101 nam\u0101 ar sol\u012bjumu izbeigt karu Ukrain\u0101 jau pirmaj\u0101s 24 stund\u0101s prezidenta amat\u0101.<\/p>\n<p>V\u0113l\u0101k vi\u0146\u0161 ne reizi vien atzina, ka miera l\u012bgumu neb\u016bs viegli pan\u0101kt.<\/p>\n","protected":false},"excerpt":{"rendered":"Tuvajos Austrumos miera l\u012bgums ir tuvu nosl\u0113g\u0161anai, ko nevar teikt par karu Ukrain\u0101, vi\u0146\u0161 piebilda. &#8220;Man \u0161\u0137ita, ka&hellip;\n","protected":false},"author":2,"featured_media":11790,"comment_status":"","ping_status":"","sticky":false,"template":"","format":"standard","meta":{"footnotes":""},"categories":[14],"tags":[23,57,63,28,29,542,32,33,22,74,30,31,35,39,38,36,37,34,40,20,26,27,24,25,54,55,56,21,58],"class_list":{"0":"post-15684","1":"post","2":"type-post","3":"status-publish","4":"format-standard","5":"has-post-thumbnail","7":"category-zinas-no-arvalstim","8":"tag-aktualitates","9":"tag-arvalstim","10":"tag-arvalstis","11":"tag-breaking-news","12":"tag-breakingnews","13":"tag-donalds-tramps","14":"tag-featured-news","15":"tag-featurednews","16":"tag-headlines","17":"tag-krievijas-iebrukums-ukraina","18":"tag-latest-news","19":"tag-latestnews","20":"tag-latvia","21":"tag-latvian","22":"tag-latviesu","23":"tag-latviesu-valoda","24":"tag-latviesuvaloda","25":"tag-latvija","26":"tag-lv","27":"tag-news","28":"tag-popularakas-zinas","29":"tag-popularakaszinas","30":"tag-top-stories","31":"tag-topstories","32":"tag-world","33":"tag-world-news","34":"tag-worldnews","35":"tag-zinas","36":"tag-zinas-no-arvalstim"},"share_on_mastodon":{"url":"","error":""},"_links":{"self":[{"href":"https:\/\/www.europesays.com\/lv\/wp-json\/wp\/v2\/posts\/15684","targetHints":{"allow":["GET"]}}],"collection":[{"href":"https:\/\/www.europesays.com\/lv\/wp-json\/wp\/v2\/posts"}],"about":[{"href":"https:\/\/www.europesays.com\/lv\/wp-json\/wp\/v2\/types\/post"}],"author":[{"embeddable":true,"href":"https:\/\/www.europesays.com\/lv\/wp-json\/wp\/v2\/users\/2"}],"replies":[{"embeddable":true,"href":"https:\/\/www.europesays.com\/lv\/wp-json\/wp\/v2\/comments?post=15684"}],"version-history":[{"count":0,"href":"https:\/\/www.europesays.com\/lv\/wp-json\/wp\/v2\/posts\/15684\/revisions"}],"wp:featuredmedia":[{"embeddable":true,"href":"https:\/\/www.europesays.com\/lv\/wp-json\/wp\/v2\/media\/11790"}],"wp:attachment":[{"href":"https:\/\/www.europesays.com\/lv\/wp-json\/wp\/v2\/media?parent=15684"}],"wp:term":[{"taxonomy":"category","embeddable":true,"href":"https:\/\/www.europesays.com\/lv\/wp-json\/wp\/v2\/categories?post=15684"},{"taxonomy":"post_tag","embeddable":true,"href":"https:\/\/www.europesays.com\/lv\/wp-json\/wp\/v2\/tags?post=15684"}],"curies":[{"name":"wp","href":"https:\/\/api.w.org\/{rel}","templated":true}]}}