{"id":15691,"date":"2025-10-08T08:32:12","date_gmt":"2025-10-08T08:32:12","guid":{"rendered":"https:\/\/www.europesays.com\/lv\/15691\/"},"modified":"2025-10-08T08:32:12","modified_gmt":"2025-10-08T08:32:12","slug":"tuvakaja-laika-briziem-lis-un-klus-vesaks","status":"publish","type":"post","link":"https:\/\/www.europesays.com\/lv\/15691\/","title":{"rendered":"Tuv\u0101kaj\u0101 laik\u0101 br\u012b\u017eiem l\u012bs un k\u013c\u016bs v\u0113s\u0101ks"},"content":{"rendered":"<p>Ceturtdien un piektdien br\u012b\u017eiem gaid\u0101ms lietus, daudzviet valst\u012b uzsp\u012bd\u0113s saule un maksim\u0101l\u0101 gaisa temperat\u016bra b\u016bs +9..+15 gr\u0101di.<\/p>\n<p>Sestdien un sv\u0113tdien saule m\u012bsies ar m\u0101ko\u0146iem, viet\u0101m \u012bslaic\u012bgi l\u012bs, vair\u0101k nokri\u0161\u0146u b\u016bs sv\u0113tdien. P\u016bt\u012bs br\u0101zmains zieme\u013crietumu v\u0113j\u0161 &#8211; piekrast\u0113 gaid\u0101mas br\u0101zmas l\u012bdz 19 metriem sekund\u0113. Minim\u0101l\u0101 gaisa temperat\u016bra nakt\u012bs b\u016bs +2..+9 gr\u0101di, piekrast\u0113 l\u012bdz +12 gr\u0101diem; sestdien gaiss iesils l\u012bdz +9..+14 gr\u0101diem, sv\u0113tdiena var\u0113tu b\u016bt p\u0101ris gr\u0101dus v\u0113s\u0101ka.<\/p>\n<p>Sagaid\u0101ms, ka n\u0101kamned\u0113\u013c gaisa temperat\u016bra galvenok\u0101rt nep\u0101rsniegs +5..+10 gr\u0101dus, nakt\u012bs t\u0101 viet\u0101m nosl\u012bd\u0113s zem nulles. Bie\u017ei gaid\u0101mi nokri\u0161\u0146i &#8211; p\u0101rsvar\u0101 lietus, da\u017ek\u0101rt iesp\u0113jams ar\u012b slapj\u0161 sniegs un krusa.<\/p>\n","protected":false},"excerpt":{"rendered":"Ceturtdien un piektdien br\u012b\u017eiem gaid\u0101ms lietus, daudzviet valst\u012b uzsp\u012bd\u0113s saule un maksim\u0101l\u0101 gaisa temperat\u016bra b\u016bs +9..+15 gr\u0101di. Sestdien&hellip;\n","protected":false},"author":2,"featured_media":15692,"comment_status":"","ping_status":"","sticky":false,"template":"","format":"standard","meta":{"footnotes":""},"categories":[5],"tags":[23,28,29,32,33,22,396,397,30,31,35,39,38,36,37,34,40,20,26,27,24,25,21],"class_list":{"0":"post-15691","1":"post","2":"type-post","3":"status-publish","4":"format-standard","5":"has-post-thumbnail","7":"category-aktualitates","8":"tag-aktualitates","9":"tag-breaking-news","10":"tag-breakingnews","11":"tag-featured-news","12":"tag-featurednews","13":"tag-headlines","14":"tag-laika-zinas","15":"tag-laikapstakli","16":"tag-latest-news","17":"tag-latestnews","18":"tag-latvia","19":"tag-latvian","20":"tag-latviesu","21":"tag-latviesu-valoda","22":"tag-latviesuvaloda","23":"tag-latvija","24":"tag-lv","25":"tag-news","26":"tag-popularakas-zinas","27":"tag-popularakaszinas","28":"tag-top-stories","29":"tag-topstories","30":"tag-zinas"},"share_on_mastodon":{"url":"","error":""},"_links":{"self":[{"href":"https:\/\/www.europesays.com\/lv\/wp-json\/wp\/v2\/posts\/15691","targetHints":{"allow":["GET"]}}],"collection":[{"href":"https:\/\/www.europesays.com\/lv\/wp-json\/wp\/v2\/posts"}],"about":[{"href":"https:\/\/www.europesays.com\/lv\/wp-json\/wp\/v2\/types\/post"}],"author":[{"embeddable":true,"href":"https:\/\/www.europesays.com\/lv\/wp-json\/wp\/v2\/users\/2"}],"replies":[{"embeddable":true,"href":"https:\/\/www.europesays.com\/lv\/wp-json\/wp\/v2\/comments?post=15691"}],"version-history":[{"count":0,"href":"https:\/\/www.europesays.com\/lv\/wp-json\/wp\/v2\/posts\/15691\/revisions"}],"wp:featuredmedia":[{"embeddable":true,"href":"https:\/\/www.europesays.com\/lv\/wp-json\/wp\/v2\/media\/15692"}],"wp:attachment":[{"href":"https:\/\/www.europesays.com\/lv\/wp-json\/wp\/v2\/media?parent=15691"}],"wp:term":[{"taxonomy":"category","embeddable":true,"href":"https:\/\/www.europesays.com\/lv\/wp-json\/wp\/v2\/categories?post=15691"},{"taxonomy":"post_tag","embeddable":true,"href":"https:\/\/www.europesays.com\/lv\/wp-json\/wp\/v2\/tags?post=15691"}],"curies":[{"name":"wp","href":"https:\/\/api.w.org\/{rel}","templated":true}]}}