{"id":15701,"date":"2025-10-08T08:39:09","date_gmt":"2025-10-08T08:39:09","guid":{"rendered":"https:\/\/www.europesays.com\/lv\/15701\/"},"modified":"2025-10-08T08:39:09","modified_gmt":"2025-10-08T08:39:09","slug":"rigas-starptautiskaja-kino-festivala-pirmizradi-piedzivos-kristas-buranes-filma-visi-putni-skaisti-dzied-lente-lv-2","status":"publish","type":"post","link":"https:\/\/www.europesays.com\/lv\/15701\/","title":{"rendered":"R\u012bgas Starptautiskaj\u0101 Kino Festiv\u0101l\u0101 pirmizr\u0101di piedz\u012bvos Kristas Bur\u0101nes filma \u201cVisi putni skaisti dzied\u201d\u00a0\u2014\u00a0Lente.lv"},"content":{"rendered":"<p>R\u012bgas Starptautiskaj\u0101 Kino Festiv\u0101l\u0101 \u2013 Kristas Bur\u0101nes Filma \u201cVisi Putni Skaisti Dzied\u201d<\/p>\n<p>R\u012bgas Starptautisk\u0101 kinofestiv\u0101la (Riga IFF) programma \u0161ogad sol\u0101s b\u016bt \u012bpa\u0161i pies\u0101tin\u0101ta, godinot latvie\u0161u kino trad\u012bcijas un jaunrades garu. Viens no gaid\u012bt\u0101kajiem notikumiem festiv\u0101l\u0101 b\u016bs re\u017eisores Kristas Bur\u0101nes jaun\u0101k\u0101s dokument\u0101l\u0101s muzik\u0101l\u0101s filmas \u201cVisi putni skaisti dzied\u201d pirmizr\u0101de. Filma, kas jau guvusi iev\u0113r\u012bbu ar savu dzi\u013co v\u0113st\u012bjumu un ori\u0123in\u0101lo pieeju, tiks demonstr\u0113ta festiv\u0101la pilnmetr\u0101\u017eas filmu konkursa ietvaros.<\/p>\n<p>Pirmizr\u0101de paredz\u0113ta 22. oktobr\u012b plkst. 18.30 kinote\u0101tr\u012b \u201cSplendid Palace\u201d, kur skat\u012bt\u0101ji aicin\u0101ti baud\u012bt ne tikai kvalitat\u012bvu kino, bet ar\u012b dzi\u013ci p\u0101rdom\u0101t cilv\u0113ka un dabas attiec\u012bbas m\u016bsdienu pasaul\u0113. Bur\u0101nes jaunais darbs ir kas vair\u0101k nek\u0101 vienk\u0101r\u0161i filma; tas ir emocion\u0101ls un intelektu\u0101ls ce\u013cojums, kas p\u0113ta cilv\u0113ka vietu dab\u0101 un vi\u0146a atbild\u012bbu pret apk\u0101rt\u0113jo vidi.<\/p>\n<p>Filmas Saknes \u2013 Izr\u0101de un Tautas Dziesmas<\/p>\n<p>Filmas \u201cVisi putni skaisti dzied\u201d tap\u0161an\u0101 par iedvesmas avotu kalpojusi 2022. gad\u0101 rad\u012bt\u0101 izr\u0101de ar t\u0101du pa\u0161u nosaukumu. \u0160\u012b izr\u0101de, kas jau ieguvusi atzin\u012bbu par savu neparasto skatpunktu uz kult\u016bras un dabas robe\u017e\u0101m, ir p\u0101rtapusi kino valod\u0101, saglab\u0101jot savu po\u0113tisko un muzik\u0101lo dv\u0113seli. Izr\u0101de piev\u0113rs\u0101s t\u0113mai par strauji izz\u016bdo\u0161aj\u0101m putnu sug\u0101m Latvij\u0101 un Eirop\u0101, kuru balsis agr\u0101k skan\u0113ja latvie\u0161u tautas dziesm\u0101s, bet tagad ir uz izzu\u0161anas robe\u017eas.<\/p>\n<p>T\u0101pat k\u0101 izr\u0101d\u0113, ar\u012b film\u0101 centr\u0101lais elements ir piecas putnu sugas \u2013 dzelten\u0101 cielava, lauka c\u012brulis, baltmugurdzenis, grieze un me\u017eirbe. \u0160ie putni nav izv\u0113l\u0113ti nejau\u0161i; tiem ir noz\u012bm\u012bga loma gan latvie\u0161u mitolo\u0123ij\u0101, gan ekosist\u0113m\u0101. Vi\u0146u balsis, kas agr\u0101k tur\u0113ja pasauli l\u012bdzsvar\u0101, tagad izsauc satraukumu par n\u0101kotni. Filma veidota k\u0101 dokument\u0101ri muzik\u0101la ce\u013cojuma filma, kur\u0101 J\u0113kaba N\u012bma\u0146a kompon\u0113t\u0101s dziesmas un tautasdziesmu mot\u012bvi vijas cauri st\u0101stiem par dabu, cilv\u0113kiem un vi\u0146u savstarp\u0113jo mijiedarb\u012bbu.<\/p>\n<p>Cilv\u0113ka un Dabas Attiec\u012bbu Atdspogu\u013cojums<\/p>\n<p>Krista Bur\u0101ne, paz\u012bstama ar savu sp\u0113ju uzdot dzi\u013cus un ne\u0113rtus jaut\u0101jumus, \u0161oreiz piev\u0113r\u0161as t\u0113mai, kas skar m\u016bs visus \u2013 cilv\u0113ka r\u012bc\u012bbas sekas uz dabu. Vi\u0146a uzdod retorisku jaut\u0101jumu: \u201cBet kas notiks ar latvie\u0161iem, kad b\u016bs mirusi p\u0113d\u0113j\u0101 dzelten\u0101 cielava, grieze, baltmugurdzenis, me\u017eirbe un lauku c\u012brulis? Vai dzied\u0101sim par harvesteriem un sauksim sevi par cirvjiem?\u201d \u0160ie v\u0101rdi uzsver sabiedr\u012bbas aizmirst\u012bbu par to, cik cie\u0161i m\u016bsu identit\u0101te un kult\u016bra ir saist\u012bta ar dabu un t\u0101s daudzveid\u012bbu.<\/p>\n<p>Filma p\u0113ta kult\u016bras un dabas robe\u017eas, mekl\u0113jot harmoniju starp cilv\u0113ka rad\u012bto k\u0101rt\u012bbu un dabas nekontrol\u0113to savva\u013cu. T\u0101 atspogu\u013co cilv\u0113ku dz\u012bvesst\u0101stus, kas savijas ar putnu bals\u012bm un vi\u0146u dabiskaj\u0101m dz\u012bvotn\u0113m, radot sp\u0113c\u012bgu emocion\u0101lu un po\u0113tisku v\u0113st\u012bjumu. Filma ir aicin\u0101jums neklus\u0113t un r\u012bkoties, lai saglab\u0101tu dabas daudzveid\u012bbu un m\u016bsu kop\u012bgo mantojumu.<\/p>\n<p>\u201cVisi Putni Skaisti Dzied\u201d \u2013 Vair\u0101k Nek\u0101 Filma<\/p>\n<p>\u201cVisi putni skaisti dzied\u201d nav vienk\u0101r\u0161i dokument\u0101l\u0101 filma; t\u0101 ir platforma p\u0101rdom\u0101m par m\u016bsu lomu pasaul\u0113 un atbild\u012bbu pret n\u0101kamaj\u0101m paaudz\u0113m. T\u0101 aizrauj skat\u012bt\u0101ju ar st\u0101stiem par cilv\u0113ku dz\u012bv\u0113m, kas atspogu\u013co gan indiv\u012bdu pieredzes, gan glob\u0101l\u0101s dabas probl\u0113mas. Filma mudina skat\u012bt\u0101jus nepalikt vienaldz\u012bgiem un apzin\u0101ties dabas balsu noz\u012bmi, kas bie\u017ei vien paliek nedzird\u0113tas.<\/p>\n<p>Re\u017eisore Krista Bur\u0101ne un vi\u0146as komanda, str\u0101d\u0101jot pie filmas, nav izvirz\u012bju\u0161i tikai m\u0101ksliniecisku m\u0113r\u0137i, bet ar\u012b centu\u0161ies piev\u0113rst uzman\u012bbu re\u0101l\u0101m probl\u0113m\u0101m, kas skar apk\u0101rt\u0113jo vidi. Filmas pamat\u0101 ir ne tikai rado\u0161ais mekl\u0113jums, bet ar\u012b dzi\u013ca emp\u0101tija un m\u0101ksliniecisk\u0101 jutekliskums, kas pal\u012bdz atkl\u0101t pasauli, kura ir \u201cnesadzird\u0113ta, p\u0101rz\u0101\u0123\u0113ta vai sarukusi\u201d.<\/p>\n<p>Riga IFF \u2013 Svinot Kino un Ilgtsp\u0113ju<\/p>\n<p>R\u012bgas Starptautisk\u0101 kinofestiv\u0101la programmas izv\u0113le atspogu\u013co m\u016bsdienu kino tendences, kur\u0101s arvien liel\u0101ka uzman\u012bba tiek piev\u0113rsta ilgtsp\u0113jai un vides jaut\u0101jumiem. Kristas Bur\u0101nes filmas iek\u013cau\u0161ana pilnmetr\u0101\u017eas filmu konkurs\u0101 ir apliecin\u0101jums tam, cik svar\u012bga ir dabas un cilv\u0113ka attiec\u012bbu t\u0113ma m\u016bsdienu kino. Tas ir unik\u0101ls pas\u0101kums, kas pied\u0101v\u0101 ne tikai baud\u012bt izcilu kino, bet ar\u012b padzi\u013cin\u0101t savu izpratni par pasauli sev apk\u0101rt un savu lomu taj\u0101.<\/p>\n<p>Festiv\u0101la laik\u0101 skat\u012bt\u0101jiem b\u016bs iesp\u0113ja iepaz\u012bties ar Latvijas un starptautisko kino jaunumiem, k\u0101 ar\u012b baud\u012bt filmas, kas rosina dom\u0101t par svar\u012bgiem soci\u0101liem un ekolo\u0123iskiem jaut\u0101jumiem. \u201cVisi putni skaisti dzied\u201d ar savu sp\u0113c\u012bgo v\u0113st\u012bjumu un m\u0101ksliniecisko izpild\u012bjumu noteikti k\u013c\u016bs par vienu no festiv\u0101la spilgt\u0101kajiem notikumiem, aicinot ikvienu aizdom\u0101ties par putnu bals\u012bm un to noz\u012bmi m\u016bsu dz\u012bv\u0113.<\/p>\n","protected":false},"excerpt":{"rendered":"R\u012bgas Starptautiskaj\u0101 Kino Festiv\u0101l\u0101 \u2013 Kristas Bur\u0101nes Filma \u201cVisi Putni Skaisti Dzied\u201d R\u012bgas Starptautisk\u0101 kinofestiv\u0101la (Riga IFF) programma&hellip;\n","protected":false},"author":2,"featured_media":15702,"comment_status":"","ping_status":"","sticky":false,"template":"","format":"standard","meta":{"footnotes":""},"categories":[19],"tags":[1153,2456,89,90,5212,35,39,38,36,37,34,40,4190,5211],"class_list":{"0":"post-15701","1":"post","2":"type-post","3":"status-publish","4":"format-standard","5":"has-post-thumbnail","7":"category-izklaide","8":"tag-daba","9":"tag-dokumentala-filma","10":"tag-entertainment","11":"tag-izklaide","12":"tag-krista-burane","13":"tag-latvia","14":"tag-latvian","15":"tag-latviesu","16":"tag-latviesu-valoda","17":"tag-latviesuvaloda","18":"tag-latvija","19":"tag-lv","20":"tag-rigas-starptautiskais-kino-festivals","21":"tag-visi-putni-skaisti-dzied"},"share_on_mastodon":{"url":"","error":""},"_links":{"self":[{"href":"https:\/\/www.europesays.com\/lv\/wp-json\/wp\/v2\/posts\/15701","targetHints":{"allow":["GET"]}}],"collection":[{"href":"https:\/\/www.europesays.com\/lv\/wp-json\/wp\/v2\/posts"}],"about":[{"href":"https:\/\/www.europesays.com\/lv\/wp-json\/wp\/v2\/types\/post"}],"author":[{"embeddable":true,"href":"https:\/\/www.europesays.com\/lv\/wp-json\/wp\/v2\/users\/2"}],"replies":[{"embeddable":true,"href":"https:\/\/www.europesays.com\/lv\/wp-json\/wp\/v2\/comments?post=15701"}],"version-history":[{"count":0,"href":"https:\/\/www.europesays.com\/lv\/wp-json\/wp\/v2\/posts\/15701\/revisions"}],"wp:featuredmedia":[{"embeddable":true,"href":"https:\/\/www.europesays.com\/lv\/wp-json\/wp\/v2\/media\/15702"}],"wp:attachment":[{"href":"https:\/\/www.europesays.com\/lv\/wp-json\/wp\/v2\/media?parent=15701"}],"wp:term":[{"taxonomy":"category","embeddable":true,"href":"https:\/\/www.europesays.com\/lv\/wp-json\/wp\/v2\/categories?post=15701"},{"taxonomy":"post_tag","embeddable":true,"href":"https:\/\/www.europesays.com\/lv\/wp-json\/wp\/v2\/tags?post=15701"}],"curies":[{"name":"wp","href":"https:\/\/api.w.org\/{rel}","templated":true}]}}