{"id":15713,"date":"2025-10-08T08:51:35","date_gmt":"2025-10-08T08:51:35","guid":{"rendered":"https:\/\/www.europesays.com\/lv\/15713\/"},"modified":"2025-10-08T08:51:35","modified_gmt":"2025-10-08T08:51:35","slug":"vid-vaditaja-baiba-smite-roke-uz-orakula-pirmizradi-devas-kopa-ar-meitu-lente-lv-2","status":"publish","type":"post","link":"https:\/\/www.europesays.com\/lv\/15713\/","title":{"rendered":"VID vad\u012bt\u0101ja Baiba \u0160mite-Ro\u0137e uz \u201cOr\u0101kula\u201d pirmizr\u0101di dev\u0101s kop\u0101 ar meitu\u00a0\u2014\u00a0Lente.lv"},"content":{"rendered":"<p>Baiba \u0160mite-Ro\u0137e un meita Lu\u012bze M\u0101ra baud\u012bja Dailes te\u0101tra jauniestud\u0113jumu \u201cOr\u0101kuls\u201d<\/p>\n<p>Valsts ie\u0146\u0113mumu dienesta (VID) \u0123ener\u0101ldirektore Baiba \u0160mite-Ro\u0137e nesen tika man\u012bta Dailes te\u0101tr\u012b, kur vi\u0146a apmekl\u0113ja jauniestud\u0113jumu \u201cOr\u0101kuls\u201d. Ta\u010du \u0161oreiz vi\u0146a nebija ierastaj\u0101 sabiedr\u012bb\u0101 \u2013 kop\u0101 ar dz\u012bvesbiedru, Nacion\u0101l\u0101 te\u0101tra aktieri Normundu Laiz\u0101nu, bet gan savas meitas Lu\u012bzes M\u0101ras komp\u0101nij\u0101. \u0160\u0101ds pavad\u012btais vakars kult\u016bras notikum\u0101 izrais\u012bja zin\u0101mu interesi, jo parasti \u0160mite-Ro\u0137e sabiedriskos pas\u0101kumus apmekl\u0113 kop\u0101 ar savu partneri. Meita Lu\u012bze M\u0101ra ir vizu\u0101li \u013coti l\u012bdz\u012bga savai m\u0101tei, radot vieglu saj\u016btu par abu l\u012bdz\u012bbu.<\/p>\n<p>Ieskats Dailes te\u0101tra iespaid\u012bgaj\u0101 \u201cOr\u0101kul\u0101\u201d<\/p>\n<p>\u201cOr\u0101kuls\u201d ir v\u0113rien\u012bgs jauniestud\u0113jums, kas tapis Dailes te\u0101tra un po\u013cu re\u017eisora Luka\u0161a Tvarkovska sadarb\u012bb\u0101. \u0160is ir jau otrs vi\u0146u kopdarbs, un izr\u0101de guvusi atzin\u012bbu ar\u012b starptautiski, piedz\u012bvojot pasaules pirmizr\u0101di presti\u017eaj\u0101 R\u016bras trienn\u0101l\u0113 Duisburg\u0101, V\u0101cij\u0101. Izr\u0101de ir rad\u012bta, sapludinot te\u0101tra un kino izteiksmes l\u012bdzek\u013cus, un to raksturo k\u0101 l\u012bdz \u0161im v\u0113rien\u012bg\u0101ko iestud\u0113jumu Dailes te\u0101tr\u012b. \u201cOr\u0101kuls\u201d iedzi\u013cin\u0101s n\u0101kotnes pravietojumos un tehnolo\u0123iju ietekm\u0113 uz m\u016bsu dz\u012bvi, izce\u013cot ang\u013cu matem\u0101ti\u0137a Alana Tj\u016bringa un vi\u0146a atkl\u0101jumus Otr\u0101 pasaules kara laik\u0101. Izr\u0101de ataino, k\u0101 Tj\u016brings ar saviem atkl\u0101jumiem pal\u012bdz\u0113ja sa\u012bsin\u0101t karu, vienlaikus uzsverot vi\u0146a person\u012bg\u0101s dz\u012bves nosl\u0113pumain\u012bbu un vaj\u0101\u0161anu sakar\u0101 ar vi\u0146a seksu\u0101lo orient\u0101ciju. Izr\u0101des vizu\u0101l\u0101 un konceptu\u0101l\u0101 puse ir satrieco\u0161a, izmantojot termoatt\u0113la un infrasarkan\u0101s kameras, kas kalpo ne tikai k\u0101 m\u0101kslas r\u012bki, bet ar\u012b k\u0101 kara metaforas. Iestud\u0113jums ar imers\u012bv\u0101m ska\u0146as ain\u0101m un kinematogr\u0101fisk\u0101m projekcij\u0101m sp\u0113l\u0113jas ar realit\u0101tes un il\u016bzijas robe\u017e\u0101m, radot dzi\u013ci aizraujo\u0161u un p\u0101rdomu rosino\u0161u pieredzi skat\u012bt\u0101jiem. \u0160is darbs ir ne tikai vizu\u0101li iespaid\u012bgs, bet ar\u012b intelektu\u0101li stimul\u0113jo\u0161s, radot platformu diskusij\u0101m par zin\u0101tnes, tehnolo\u0123iju un cilv\u0113ces n\u0101kotni.<\/p>\n<p>Baibas \u0160mites-Ro\u0137es dz\u012bvesstils un publiskais t\u0113ls<\/p>\n<p>Baiba \u0160mite-Ro\u0137e, Valsts ie\u0146\u0113mumu dienesta vad\u012bt\u0101ja, bie\u017ei vien tiek asoci\u0113ta ar savu profesion\u0101lo darb\u012bbu, ta\u010du vi\u0146a ir ar\u012b akt\u012bva vesel\u012bga dz\u012bvesveida populariz\u0113t\u0101ja. Neskatoties uz aiz\u0146emto ikdienu, vi\u0146a atrod laiku fizisk\u0101m aktivit\u0101t\u0113m, uzsverot sporta noz\u012bmi gan vesel\u012bbas, gan ar\u012b rakstura veido\u0161an\u0101 \u2013 azarts un sp\u012bt\u012bba, kas ieg\u016bta sportojot, pal\u012bdz ar\u012b darba ikdien\u0101. Vi\u0146a ir bijusi kamani\u0146u sporta entuziaste un \u0161obr\u012bd praktiz\u0113 garas pastaigas, kas pal\u012bdz gan fiziski, gan ment\u0101li. Lai gan vi\u0146as publiskais t\u0113ls liel\u0101koties saist\u012bts ar darbu VID, ir interesanti redz\u0113t vi\u0146u atp\u016b\u0161amies un baud\u0101m kult\u016bru kop\u0101 ar \u0123imeni. Iepriek\u0161 \u0160mite-Ro\u0137e bie\u017ei tika man\u012bta kop\u0101 ar savu dz\u012bvesbiedru, aktieri Normundu Laiz\u0101nu, ta\u010du \u0161is te\u0101tra apmekl\u0113jums ar meitu nor\u0101da uz da\u017e\u0101d\u0101m \u0161\u0137autn\u0113m vi\u0146as person\u012bgaj\u0101 dz\u012bv\u0113. Meita Lu\u012bze M\u0101ra, lai gan var\u0113tu izskat\u012bties jaun\u0101ka, ir jau pieaugusi sieviete, prec\u0113jusies un m\u0101te diviem b\u0113rniem. \u0160\u012b inform\u0101cija pie\u0161\u0137ir papildu dzi\u013cumu \u0160mites-Ro\u0137es person\u012bgajam st\u0101stam, atkl\u0101jot vi\u0146u ne tikai k\u0101 sabiedrisku fig\u016bru, bet ar\u012b k\u0101 m\u0101ti un vecm\u0101mi\u0146u.<\/p>\n","protected":false},"excerpt":{"rendered":"Baiba \u0160mite-Ro\u0137e un meita Lu\u012bze M\u0101ra baud\u012bja Dailes te\u0101tra jauniestud\u0113jumu \u201cOr\u0101kuls\u201d Valsts ie\u0146\u0113mumu dienesta (VID) \u0123ener\u0101ldirektore Baiba \u0160mite-Ro\u0137e&hellip;\n","protected":false},"author":2,"featured_media":15714,"comment_status":"","ping_status":"","sticky":false,"template":"","format":"standard","meta":{"footnotes":""},"categories":[19],"tags":[5374,454,89,90,35,39,38,36,37,34,5376,40,1017,5375],"class_list":{"0":"post-15713","1":"post","2":"type-post","3":"status-publish","4":"format-standard","5":"has-post-thumbnail","7":"category-izklaide","8":"tag-baiba-smite-roke","9":"tag-dailes-teatris","10":"tag-entertainment","11":"tag-izklaide","12":"tag-latvia","13":"tag-latvian","14":"tag-latviesu","15":"tag-latviesu-valoda","16":"tag-latviesuvaloda","17":"tag-latvija","18":"tag-luize-mara","19":"tag-lv","20":"tag-orakuls","21":"tag-vid-vaditaja"},"share_on_mastodon":{"url":"","error":""},"_links":{"self":[{"href":"https:\/\/www.europesays.com\/lv\/wp-json\/wp\/v2\/posts\/15713","targetHints":{"allow":["GET"]}}],"collection":[{"href":"https:\/\/www.europesays.com\/lv\/wp-json\/wp\/v2\/posts"}],"about":[{"href":"https:\/\/www.europesays.com\/lv\/wp-json\/wp\/v2\/types\/post"}],"author":[{"embeddable":true,"href":"https:\/\/www.europesays.com\/lv\/wp-json\/wp\/v2\/users\/2"}],"replies":[{"embeddable":true,"href":"https:\/\/www.europesays.com\/lv\/wp-json\/wp\/v2\/comments?post=15713"}],"version-history":[{"count":0,"href":"https:\/\/www.europesays.com\/lv\/wp-json\/wp\/v2\/posts\/15713\/revisions"}],"wp:featuredmedia":[{"embeddable":true,"href":"https:\/\/www.europesays.com\/lv\/wp-json\/wp\/v2\/media\/15714"}],"wp:attachment":[{"href":"https:\/\/www.europesays.com\/lv\/wp-json\/wp\/v2\/media?parent=15713"}],"wp:term":[{"taxonomy":"category","embeddable":true,"href":"https:\/\/www.europesays.com\/lv\/wp-json\/wp\/v2\/categories?post=15713"},{"taxonomy":"post_tag","embeddable":true,"href":"https:\/\/www.europesays.com\/lv\/wp-json\/wp\/v2\/tags?post=15713"}],"curies":[{"name":"wp","href":"https:\/\/api.w.org\/{rel}","templated":true}]}}