{"id":15719,"date":"2025-10-08T08:57:07","date_gmt":"2025-10-08T08:57:07","guid":{"rendered":"https:\/\/www.europesays.com\/lv\/15719\/"},"modified":"2025-10-08T08:57:07","modified_gmt":"2025-10-08T08:57:07","slug":"pamela-andersone-atvadas-no-seksa-simbola-blondajam-cirtam","status":"publish","type":"post","link":"https:\/\/www.europesays.com\/lv\/15719\/","title":{"rendered":"Pamela Andersone atvad\u0101s no seksa simbola blondaj\u0101m cirt\u0101m"},"content":{"rendered":"<p>Pamela Andersone \u2014 90. gadu ikonisk\u0101 blond\u012bne, kuru pasaule iepazina k\u0101 \u201cBaywatch\u201d zvaigzni un Holivudas seksa simbolu \u2014 ir piln\u012bb\u0101 main\u012bjusi savu t\u0113lu. Par\u012bzes modes ned\u0113\u013c\u0101 vi\u0146a debit\u0113jusi ar jaunu, ugun\u012bgu vara toni matos, atvadoties no le\u0123end\u0101raj\u0101m blondaj\u0101m cirt\u0101m, kas gadu desmitiem bija vi\u0146as atpaz\u012b\u0161anas z\u012bme. K\u0101 tev pat\u012bk vi\u0146as jaun\u0101 friz\u016bra?<\/p>\n","protected":false},"excerpt":{"rendered":"Pamela Andersone \u2014 90. gadu ikonisk\u0101 blond\u012bne, kuru pasaule iepazina k\u0101 \u201cBaywatch\u201d zvaigzni un Holivudas seksa simbolu \u2014&hellip;\n","protected":false},"author":2,"featured_media":15720,"comment_status":"","ping_status":"","sticky":false,"template":"","format":"standard","meta":{"footnotes":""},"categories":[19],"tags":[63,65,60,89,59,90,70,64,35,39,38,36,37,34,40,68,69,66,67,62,21,61],"class_list":{"0":"post-15719","1":"post","2":"type-post","3":"status-publish","4":"format-standard","5":"has-post-thumbnail","7":"category-izklaide","8":"tag-arvalstis","9":"tag-auto","10":"tag-egoiste","11":"tag-entertainment","12":"tag-financenet","13":"tag-izklaide","14":"tag-klik","15":"tag-kultura","16":"tag-latvia","17":"tag-latvian","18":"tag-latviesu","19":"tag-latviesu-valoda","20":"tag-latviesuvaloda","21":"tag-latvija","22":"tag-lv","23":"tag-maja","24":"tag-receptes","25":"tag-sejas","26":"tag-sports","27":"tag-viedokli","28":"tag-zinas","29":"tag-zinatne"},"share_on_mastodon":{"url":"","error":""},"_links":{"self":[{"href":"https:\/\/www.europesays.com\/lv\/wp-json\/wp\/v2\/posts\/15719","targetHints":{"allow":["GET"]}}],"collection":[{"href":"https:\/\/www.europesays.com\/lv\/wp-json\/wp\/v2\/posts"}],"about":[{"href":"https:\/\/www.europesays.com\/lv\/wp-json\/wp\/v2\/types\/post"}],"author":[{"embeddable":true,"href":"https:\/\/www.europesays.com\/lv\/wp-json\/wp\/v2\/users\/2"}],"replies":[{"embeddable":true,"href":"https:\/\/www.europesays.com\/lv\/wp-json\/wp\/v2\/comments?post=15719"}],"version-history":[{"count":0,"href":"https:\/\/www.europesays.com\/lv\/wp-json\/wp\/v2\/posts\/15719\/revisions"}],"wp:featuredmedia":[{"embeddable":true,"href":"https:\/\/www.europesays.com\/lv\/wp-json\/wp\/v2\/media\/15720"}],"wp:attachment":[{"href":"https:\/\/www.europesays.com\/lv\/wp-json\/wp\/v2\/media?parent=15719"}],"wp:term":[{"taxonomy":"category","embeddable":true,"href":"https:\/\/www.europesays.com\/lv\/wp-json\/wp\/v2\/categories?post=15719"},{"taxonomy":"post_tag","embeddable":true,"href":"https:\/\/www.europesays.com\/lv\/wp-json\/wp\/v2\/tags?post=15719"}],"curies":[{"name":"wp","href":"https:\/\/api.w.org\/{rel}","templated":true}]}}