{"id":15776,"date":"2025-10-08T09:36:12","date_gmt":"2025-10-08T09:36:12","guid":{"rendered":"https:\/\/www.europesays.com\/lv\/15776\/"},"modified":"2025-10-08T09:36:12","modified_gmt":"2025-10-08T09:36:12","slug":"atklats-jaunais-xpeng-center-riga-autosalons-uzladets","status":"publish","type":"post","link":"https:\/\/www.europesays.com\/lv\/15776\/","title":{"rendered":"Atkl\u0101ts jaunais \u201cXPENG Center Riga\u201d autosalons \u2013 Uzl\u0101d\u0113ts"},"content":{"rendered":"<p>Vakar, 7. oktobr\u012b, iez\u012bm\u0113jot jaunas \u0113ras s\u0101kumu Baltijas vied\u0101s mobilit\u0101tes tirg\u016b,\u00a0 \u201cAUTOBRAVA Motors\u201d svin\u012bgi prezent\u0113ja gan XPENG z\u012bmolu Latvij\u0101, gan jauno \u201cXPENG Center Riga\u201d autosalonu K\u0101r\u013ca Ulma\u0146a gatv\u0113 96. Atkl\u0101\u0161anas pas\u0101kum\u0101 norisin\u0101j\u0101s gan Baltijas pirmizr\u0101de jaunajiem premium klases elektroauto mode\u013ciem \u2013 P7+, G6 un G9, gan ar\u012b fut\u016bristisk\u0101 X2 lidojo\u0161\u0101s automa\u0161\u012bnas koncepta prezent\u0101cija.<\/p>\n<blockquote class=\"wp-block-quote is-layout-flow wp-block-quote-is-layout-flow\">\n<p>XPENG \u2013 vied\u0101s mobilit\u0101tes l\u012bderis, kas p\u0101rst\u0101v n\u0101kotni un inov\u0101cijas. M\u0113s pied\u0101v\u0101jam klientiem ne tikai automa\u0161\u012bnas, bet ar\u012b piln\u012bgi jaunu pieredzi, kur tehnolo\u0123ijas un komforts apvienojas, radot unik\u0101lu brauk\u0161anas pieredzi, kas pal\u012bdz ikdienas gait\u0101s un \u013cauj sajust n\u0101kotni jau \u0161odien.<\/p>\n<p>\u201cAUTOBRAVA Motors\u201d valdes loceklis Ruslans Vlasjuks<\/p><\/blockquote>\n<p>Pas\u0101kuma laik\u0101 XPENG p\u0101rst\u0101vis, Zieme\u013caustrumeiropas \u0123ener\u0101ldirektors Elviss \u010cengs (Elvis Cheng), iepaz\u012bstin\u0101ja ar uz\u0146\u0113muma strat\u0113\u0123iju Eirop\u0101. Jau \u0161obr\u012bd XPENG sadarbojas ar Volkswagen grupu, kop\u012bgi izstr\u0101d\u0101jot elektrisko un elektronisko arhitekt\u016bru (E\/E Architecture) Volkswagen z\u012bmola elektriskajiem EV mode\u013ciem, kas tiks ra\u017eoti \u0136\u012bn\u0101 no 2026. gada. Taj\u0101 pa\u0161\u0101 laik\u0101 XPENG veic automa\u0161\u012bnu ra\u017eo\u0161anu Austrij\u0101, Graz\u0101, sadarbojoties ar \u201cMagna Steyr\u201d r\u016bpn\u012bcu, nodro\u0161inot, ka jaun\u0101kie mode\u013ci piln\u012bb\u0101 atbilst Eiropas standartiem un piepras\u012bjumam. Papildu dati liecina, ka XPENG ir pirmais starp augst\u0101k\u0101s klases \u0136\u012bnas elektrisko automa\u0161\u012bnu z\u012bmoliem Eirop\u0101, apliecinot uz\u0146\u0113muma straujo izaugsmi un popularit\u0101ti re\u0123ion\u0101.<\/p>\n<p><img loading=\"lazy\" decoding=\"async\" width=\"1024\" height=\"631\" src=\"https:\/\/www.europesays.com\/lv\/wp-content\/uploads\/2025\/10\/20-XPENG-AUTOBRAVA-Motors-1024x631.jpg\" alt=\"XPENG Center Riga opening\" class=\"wp-image-17800\"  \/>XPENG Center Riga atkl\u0101\u0161ana (Publicit\u0101tes att\u0113ls)<\/p>\n<blockquote class=\"wp-block-quote is-layout-flow wp-block-quote-is-layout-flow\">\n<p>XPENG ir viens no strauj\u0101k augo\u0161ajiem elektroauto z\u012bmoliem pasaul\u0113 \u2013 tikai desmit gadu laik\u0101 esam pieg\u0101d\u0101ju\u0161i vair\u0101k nek\u0101 800 t\u016bksto\u0161 automa\u0161\u012bnas un apliecin\u0101ju\u0161i, ka inov\u0101cijas ir m\u016bsu virz\u012bt\u0101jsp\u0113ks. M\u0113s ne tikai rad\u0101m automa\u0161\u012bnas, bet veidojam viedu mobilit\u0101ti, kur m\u0101ksl\u012bgais intelekts, dizains un cilv\u0113ka vajadz\u012bbas sapl\u016bst vienot\u0101 pieredz\u0113. Ar vair\u0101k nek\u0101 3 000 jau sa\u0146emtiem pas\u016bt\u012bjumiem m\u016bsu lidojo\u0161aj\u0101m automa\u0161\u012bn\u0101m XPENG apliecina, ka n\u0101kotne vairs nav sapnis \u2013 t\u0101 notiek jau \u0161odien. Kop\u0101 ar m\u016bsu partneriem Latvij\u0101 m\u0113s v\u0113lamies par\u0101d\u012bt, ka n\u0101kotnes mobilit\u0101te nav t\u0101lu \u2013 t\u0101 s\u0101kas tie\u0161i \u0161eit un tagad.<\/p>\n<p>XPENG Zieme\u013caustrumeiropas \u0123ener\u0101ldirektors Elviss \u010cengs (Elvis Cheng)<\/p><\/blockquote>\n<p>Savuk\u0101rt par pas\u0101kuma inovat\u012bv\u0101ko akcentu k\u013cuva X2 lidojo\u0161\u0101s automa\u0161\u012bnas koncepta prezent\u0101cija, kas demonstr\u0113ja liel\u0101k\u0101 lidojo\u0161o automa\u0161\u012bnas ra\u017eot\u0101ja \u0100zij\u0101, XPENG meitas uz\u0146\u0113muma XPENG AEROHT, v\u012bziju par \u201cLand Aircraft Carrier\u201d \u2013 modul\u0101ru lidojo\u0161o automa\u0161\u012bnu. \u0160is koncepts skaidri apliecina XPENG z\u012bmola v\u0113lmi ne tikai att\u012bst\u012bt eso\u0161o elektroauto tirgu, bet ar\u012b noteikt n\u0101kotnes mobilit\u0101tes tendences pasaul\u0113. Vienlaikus ar \u0161o fut\u016bristisko redz\u0113jumu, viesiem bija ekskluz\u012bva iesp\u0113ja iepaz\u012bties ar jaun\u0101kajiem mode\u013ciem \u2013 P7+, G6 un G9, un doties ar G6 un G9 mode\u013ciem testa braucienos, izj\u016btot vied\u0101s mobilit\u0101tes dinamiku.<\/p>\n<p><a href=\"https:\/\/uzladets.lv\/elektrumdrive250826kv\" target=\"_blank\" rel=\"nofollow noopener\"><img decoding=\"async\" src=\"https:\/\/www.europesays.com\/lv\/wp-content\/uploads\/2025\/09\/elektrum_drive_pecapmaksa_kv.jpg\" style=\"max-width: 300px; max-height:250px;\"\/><\/a><img loading=\"lazy\" decoding=\"async\" src=\"https:\/\/www.europesays.com\/lv\/wp-content\/uploads\/2025\/09\/1758556209_464_\" border=\"0\" width=\"1\" height=\"1\"\/><\/p>\n<p><img loading=\"lazy\" decoding=\"async\" width=\"1024\" height=\"679\" src=\"https:\/\/www.europesays.com\/lv\/wp-content\/uploads\/2025\/10\/0004-XPENG-AUTOBRAVA-Motors-1024x679.jpg\" alt=\"XPENG X2 @ Xpeng Center Riga opening\" class=\"wp-image-17801\"  \/>XPENG X2 (Publicit\u0101tes att\u0113ls)<\/p>\n<p>Pas\u0101kuma laik\u0101 prezent\u0113tais XPENG P7+ modelis apvieno premium sedana komfortu ar m\u0101ksl\u012bg\u0101 intelekta (MI) inteli\u0123enci. Apr\u012bkots ar MI Hawkeye vizu\u0101lo risin\u0101jumu, X-GPT kab\u012bni un progres\u012bvo ADAS vad\u012bt\u0101ja pal\u012bdz\u012bbas sist\u0113mu, tas nodro\u0161ina dro\u0161u un intuit\u012bvu brauk\u0161anu. Papildu modelis apr\u012bkots ar Nappa \u0101das s\u0113dek\u013ciem ar apsildi, ventil\u0101ciju un mas\u0101\u017eu, panor\u0101mas jumtu un 725 litru bag\u0101\u017enieku. Savuk\u0101rt 7 dro\u0161\u012bbas spilveni un 14 akt\u012bv\u0101s dro\u0161\u012bbas funkcijas nodro\u0161ina maksim\u0101lu aizsardz\u012bbu.<\/p>\n<p><img loading=\"lazy\" decoding=\"async\" width=\"1024\" height=\"713\" src=\"https:\/\/www.europesays.com\/lv\/wp-content\/uploads\/2025\/10\/1759916171_391_27-XPENG-AUTOBRAVA-Motors-1024x713.jpg\" alt=\"XPENG L7+ @ Xpeng Center Riga opening\" class=\"wp-image-17802\"  \/>XPENG L7+ (Publicit\u0101tes att\u0113ls)<\/p>\n<p>\u0160ie jaunie mode\u013ci nosaka augstus standartus veiktsp\u0113jas un inteli\u0123ences jom\u0101. Gan G6, gan G9 veidoti uz inovat\u012bv\u0101s 800 V SiC platformas, kas ar 5C superuzl\u0101di nodro\u0161ina nozar\u0113 vado\u0161u \u0101trumu \u2013 akumulatora uzl\u0101di no 10 l\u012bdz 80% tikai 12 min\u016bt\u0113s. Abi mode\u013ci pied\u0101v\u0101 pla\u0161u elektrisk\u0101s br\u012bv\u012bbas diapazonu \u2013 l\u012bdz pat 535 km (p\u0113c WLTP) ar G6 un l\u012bdz 585 km (p\u0113c WLTP) ar G9, k\u0101 ar\u012b apr\u012bkoti ar XPILOT ASSIST vad\u012bt\u0101ja pal\u012bgsist\u0113mu un viedo XOS digit\u0101lo kab\u012bni ar balss vad\u012bbu. Salonos izmantoti Nappa \u0101das s\u0113dek\u013ci ar ventil\u0101cijas un mas\u0101\u017eas iesp\u0113j\u0101m, kas nodro\u0161ina komfortu ilg\u0101kos braucienos. Turkl\u0101t XPENG G6 izce\u013cas ar sportisku kupejas siluetu un dinamiku \u2013 veicot pa\u0101trin\u0101jumu l\u012bdz 100 km\/h tikai 4,13 sekund\u0113s, savuk\u0101rt XPENG G9 pied\u0101v\u0101 premium SUV pieredzi ar fut\u016bristisku dizainu un \u201cFlagship Smart Cockpit\u201d sist\u0113mu ar diviem 14,96 collu ekr\u0101niem un regul\u0101riem OTA atjaunin\u0101jumiem.<\/p>\n<p><img loading=\"lazy\" decoding=\"async\" width=\"1024\" height=\"683\" src=\"https:\/\/www.europesays.com\/lv\/wp-content\/uploads\/2025\/10\/05-XPENG-AUTOBRAVA-Motors-1024x683.jpg\" alt=\"XPENG G6 and G9 @ Xpeng Center Riga opening\" class=\"wp-image-17803\"  \/>XPENG G6 un XPENG G9 ar Kresten Harala Arup priek\u0161pl\u0101n\u0101 prezent\u0101cijas pas\u0101kum\u0101 (Publicit\u0101tes att\u0113ls)<\/p>\n<p>P\u0113c pas\u0101kuma XPENG G6 un G9, k\u0101 ar\u012b XPENG X2 lidojo\u0161as automa\u0161\u012bnas koncepts b\u016bs apskat\u0101ms XPENG Center Riga, K. Ulma\u0146a gatv\u0113 96, no 8. l\u012bdz 12. oktobrim. \u0160\u012b ir reta iesp\u0113ja ikvienam interesentam kl\u0101tien\u0113 iepaz\u012bt n\u0101kotnes mobilit\u0101tes risin\u0101jumu \u2013 lidojo\u0161o automa\u0161\u012bnu XPENG X2, kas atspogu\u013co jaunu p\u0101rvieto\u0161an\u0101s \u0113ru. T\u0101pat apmekl\u0113t\u0101jiem b\u016bs pieejami testa braucieni ar jaun\u0101kajiem elektroauto.<\/p>\n<p>Uzl\u0101d\u0113ts viedoklis<\/p>\n<p>\u0160obr\u012bd XPENG var\u0113tu b\u016bt Tesla pieredzei tuv\u0101kais no brendiem, ko Latvij\u0101 var nopirkt pie ofici\u0101l\u0101 p\u0101rst\u0101vja. Noteikti G6 vizu\u0101li ir \u013coti l\u012bdz\u012bgs Tesla Model Y. Uz ielas to ieraugot, daudzi pat var\u0113tu sajaukt abus mode\u013cus. Uzl\u0101des parametri liek dom\u0101t, ka \u0161is pat ir jaud\u012bg\u0101ks par Tesla. Cik liels Latvij\u0101 ir piepras\u012bjums p\u0113c XPENG, \u0161obr\u012bd ir p\u0101ragri spriest, jo cenu l\u012bmenis nav bud\u017eeta klas\u0113. Tom\u0113r laiks (t.i., CSDD ofici\u0101lais re\u0123istr\u0101ciju saraksts) r\u0101d\u012bs.<\/p>\n<blockquote class=\"twitter-tweet\" data-width=\"550\" data-dnt=\"true\">\n<p lang=\"lv\" dir=\"ltr\">Ies\u0113dos \u0161odien lidojo\u0161\u0101 automa\u0161\u012bn\u0101. Tepat R\u012bg\u0101.<br \/>Lidot gan ne\u013c\u0101va, bet teica, ka l\u012bdz sv\u0113tdienai visi var\u0113s to apskat\u012bt jaunatkl\u0101taj\u0101 Xpeng salon\u0101 R\u012bg\u0101 (K. Ulma\u0146a gatves Autobrava) <a href=\"https:\/\/t.co\/msSPNpLlWa\" rel=\"nofollow\">pic.twitter.com\/msSPNpLlWa<\/a><\/p>\n<p>\u2014 \u26a1\ud83d\ude97 K\u0101rlis Mendzi\u0146\u0161\ud83d\udd0b\u267b\ufe0f \uea00 (@Kamons) <a href=\"https:\/\/twitter.com\/Kamons\/status\/1975656269030576406?ref_src=twsrc%5Etfw\" rel=\"nofollow noopener\" target=\"_blank\">October 7, 2025<\/a><\/p><\/blockquote>\n<p><a href=\"https:\/\/mistape.com\" target=\"_blank\" rel=\"nofollow noopener\" class=\"mistape-link mistape-logo\"><\/a><\/p>\n<p>Ja rakst\u0101 paman\u012bji k\u013c\u016bdu, padod mums par to zi\u0146u, iez\u012bm\u0113jot a\u010dg\u0101rno tekstu un nospie\u017eot Ctrl+Enter. Paldies!<\/p>\n<p>&#13;<br \/>\n                    0&#13;<br \/>\n                    0&#13;<br \/>\n                    balsojumi<\/p>\n<p>Raksta nov\u0113rt\u0113jums<\/p>\n<p>\t\tPost navigation<\/p>\n<p>\t            <script async src=\"https:\/\/platform.twitter.com\/widgets.js\" charset=\"utf-8\"><\/script><\/p>\n","protected":false},"excerpt":{"rendered":"Vakar, 7. oktobr\u012b, iez\u012bm\u0113jot jaunas \u0113ras s\u0101kumu Baltijas vied\u0101s mobilit\u0101tes tirg\u016b,\u00a0 \u201cAUTOBRAVA Motors\u201d svin\u012bgi prezent\u0113ja gan XPENG z\u012bmolu&hellip;\n","protected":false},"author":2,"featured_media":15777,"comment_status":"","ping_status":"","sticky":false,"template":"","format":"standard","meta":{"footnotes":""},"categories":[16],"tags":[5429,77,76,35,39,38,36,37,34,5430,40,172,5431,5432,5433,5434,5435],"class_list":{"0":"post-15776","1":"post","2":"type-post","3":"status-publish","4":"format-standard","5":"has-post-thumbnail","7":"category-bizness","8":"tag-autobrava","9":"tag-bizness","10":"tag-business","11":"tag-latvia","12":"tag-latvian","13":"tag-latviesu","14":"tag-latviesu-valoda","15":"tag-latviesuvaloda","16":"tag-latvija","17":"tag-lidojosas-masinas","18":"tag-lv","19":"tag-riga","20":"tag-xpeng","21":"tag-xpeng-g6","22":"tag-xpeng-g9","23":"tag-xpeng-l7","24":"tag-xpeng-x2"},"share_on_mastodon":{"url":"","error":""},"_links":{"self":[{"href":"https:\/\/www.europesays.com\/lv\/wp-json\/wp\/v2\/posts\/15776","targetHints":{"allow":["GET"]}}],"collection":[{"href":"https:\/\/www.europesays.com\/lv\/wp-json\/wp\/v2\/posts"}],"about":[{"href":"https:\/\/www.europesays.com\/lv\/wp-json\/wp\/v2\/types\/post"}],"author":[{"embeddable":true,"href":"https:\/\/www.europesays.com\/lv\/wp-json\/wp\/v2\/users\/2"}],"replies":[{"embeddable":true,"href":"https:\/\/www.europesays.com\/lv\/wp-json\/wp\/v2\/comments?post=15776"}],"version-history":[{"count":0,"href":"https:\/\/www.europesays.com\/lv\/wp-json\/wp\/v2\/posts\/15776\/revisions"}],"wp:featuredmedia":[{"embeddable":true,"href":"https:\/\/www.europesays.com\/lv\/wp-json\/wp\/v2\/media\/15777"}],"wp:attachment":[{"href":"https:\/\/www.europesays.com\/lv\/wp-json\/wp\/v2\/media?parent=15776"}],"wp:term":[{"taxonomy":"category","embeddable":true,"href":"https:\/\/www.europesays.com\/lv\/wp-json\/wp\/v2\/categories?post=15776"},{"taxonomy":"post_tag","embeddable":true,"href":"https:\/\/www.europesays.com\/lv\/wp-json\/wp\/v2\/tags?post=15776"}],"curies":[{"name":"wp","href":"https:\/\/api.w.org\/{rel}","templated":true}]}}