{"id":15784,"date":"2025-10-08T09:40:11","date_gmt":"2025-10-08T09:40:11","guid":{"rendered":"https:\/\/www.europesays.com\/lv\/15784\/"},"modified":"2025-10-08T09:40:11","modified_gmt":"2025-10-08T09:40:11","slug":"simpsoni-atgriezas-uz-liela-ekrana-pirmizradi-piedzivos-otra-filma-2","status":"publish","type":"post","link":"https:\/\/www.europesays.com\/lv\/15784\/","title":{"rendered":"&#8220;Simpsoni&#8221; atgrie\u017eas uz liel\u0101 ekr\u0101na \u2013 pirmizr\u0101di piedz\u012bvos otr\u0101 filma"},"content":{"rendered":"<p>Oktobra s\u0101kum\u0101 kino studijas &#8220;20th Century Studios&#8221; un &#8220;Disney&#8221; ofici\u0101li apstiprin\u0101ja \u2013 tiek veidota jauna filma par le\u0123end\u0101ro anim\u0101cijas \u0123imeni &#8220;Simpsoni&#8221;, zi\u0146o medijs &#8220;BBC&#8221;. Jaun\u0101, pagaid\u0101m v\u0113l nenosaukt\u0101 filma kinote\u0101tros non\u0101ks 2027. gada 23. j\u016blij\u0101, tie\u0161i 20 gadus p\u0113c pirm\u0101s filmas, kas izn\u0101ca 2007. gad\u0101 un v\u0113st\u012bja par Hom\u0113ra izrais\u012btu Springf\u012bldas pies\u0101r\u0146ojumu un m\u0113\u0123in\u0101jumu gl\u0101bt savu \u0123imeni no pils\u0113tas, kas tika iesprostota zem milz\u012bga stikla kupola.<\/p>\n<p>Jaun\u0101s filmas plak\u0101t\u0101 redzams, k\u0101 k\u0101ds sniedzas p\u0113c virtu\u013ca ar uzrakstu \u201cHomer\u2019s coming back for seconds\u201d (tulk. Hom\u0113rs atgrie\u017eas p\u0113c papildporcijas).<\/p>\n<p>&#8220;Simpsoni&#8221; pirmoreiz par\u0101d\u012bj\u0101s 1987. gad\u0101 k\u0101 \u012bsi ske\u010di &#8220;The Tracey Ullman Show&#8221; raid\u012bjum\u0101, bet jau 1989. gad\u0101 ieguva savu seri\u0101lu. To rad\u012bjis Mets Gr\u0113nings, un \u0161obr\u012bd seri\u0101lam ir 37 sezonas, turkl\u0101t tas pagarin\u0101ts l\u012bdz 40. sezonai, kas tiks r\u0101d\u012bta 2028.\/2029. gad\u0101.<\/p>\n<p>Pirm\u0101 filma, ko re\u017eis\u0113ja Deivids Silvermens, pasaul\u0113 nopeln\u012bja vair\u0101k nek\u0101 536 miljonus dol\u0101ru, un baumas par turpin\u0101jumu kl\u012bda gadiem ilgi. <\/p>\n<blockquote><p>Tagad \u2013 beidzot ofici\u0101ls apstiprin\u0101jums: Simpsoni atgrie\u017eas uz liel\u0101 ekr\u0101na!<\/p><\/blockquote>\n<p>Lasi ar\u012b:<\/p>\n<p><a target=\"_blank\" href=\"https:\/\/www.1188.lv\/zinas\/mardzas-vairs-nav-simpsoni-pirmo-reizi-apstiprina-vinas-navi\/50405\" rel=\"nofollow noopener\">M\u0101rd\u017eas vairs nav&#8230; &#8220;Simpsoni&#8221; pirmo reizi apstiprina vi\u0146as n\u0101vi<\/a><\/p>\n<p><img decoding=\"async\" src=\"https:\/\/www.europesays.com\/lv\/wp-content\/uploads\/2025\/10\/e0b28c8d2ffaae8447e06dcb0e947488.jpg\" title=\"Foto: AP Photo\/Fox Broadcasting Co\/ Scanpix\" alt=\"Foto: AP Photo\/Fox Broadcasting Co\/ Scanpix\"\/><\/p>\n<p class=\"article-img-desc\">Foto: AP Photo\/Fox Broadcasting Co\/ Scanpix<\/p>\n","protected":false},"excerpt":{"rendered":"Oktobra s\u0101kum\u0101 kino studijas &#8220;20th Century Studios&#8221; un &#8220;Disney&#8221; ofici\u0101li apstiprin\u0101ja \u2013 tiek veidota jauna filma par le\u0123end\u0101ro&hellip;\n","protected":false},"author":2,"featured_media":15759,"comment_status":"","ping_status":"","sticky":false,"template":"","format":"standard","meta":{"footnotes":""},"categories":[19],"tags":[129,2089,89,90,35,39,38,36,37,34,40,2090,2091],"class_list":{"0":"post-15784","1":"post","2":"type-post","3":"status-publish","4":"format-standard","5":"has-post-thumbnail","7":"category-izklaide","8":"tag-__typenameadvicekeyword","9":"tag-id126","10":"tag-entertainment","11":"tag-izklaide","12":"tag-latvia","13":"tag-latvian","14":"tag-latviesu","15":"tag-latviesu-valoda","16":"tag-latviesuvaloda","17":"tag-latvija","18":"tag-lv","19":"tag-slugmovies","20":"tag-titlemovies"},"share_on_mastodon":{"url":"","error":""},"_links":{"self":[{"href":"https:\/\/www.europesays.com\/lv\/wp-json\/wp\/v2\/posts\/15784","targetHints":{"allow":["GET"]}}],"collection":[{"href":"https:\/\/www.europesays.com\/lv\/wp-json\/wp\/v2\/posts"}],"about":[{"href":"https:\/\/www.europesays.com\/lv\/wp-json\/wp\/v2\/types\/post"}],"author":[{"embeddable":true,"href":"https:\/\/www.europesays.com\/lv\/wp-json\/wp\/v2\/users\/2"}],"replies":[{"embeddable":true,"href":"https:\/\/www.europesays.com\/lv\/wp-json\/wp\/v2\/comments?post=15784"}],"version-history":[{"count":0,"href":"https:\/\/www.europesays.com\/lv\/wp-json\/wp\/v2\/posts\/15784\/revisions"}],"wp:featuredmedia":[{"embeddable":true,"href":"https:\/\/www.europesays.com\/lv\/wp-json\/wp\/v2\/media\/15759"}],"wp:attachment":[{"href":"https:\/\/www.europesays.com\/lv\/wp-json\/wp\/v2\/media?parent=15784"}],"wp:term":[{"taxonomy":"category","embeddable":true,"href":"https:\/\/www.europesays.com\/lv\/wp-json\/wp\/v2\/categories?post=15784"},{"taxonomy":"post_tag","embeddable":true,"href":"https:\/\/www.europesays.com\/lv\/wp-json\/wp\/v2\/tags?post=15784"}],"curies":[{"name":"wp","href":"https:\/\/api.w.org\/{rel}","templated":true}]}}