{"id":15789,"date":"2025-10-08T09:43:17","date_gmt":"2025-10-08T09:43:17","guid":{"rendered":"https:\/\/www.europesays.com\/lv\/15789\/"},"modified":"2025-10-08T09:43:17","modified_gmt":"2025-10-08T09:43:17","slug":"izjutiet-uz-savas-adas-medvedevs-izplapajas-par-krievijas-iesaisti-eiropas-dronu-epidemija","status":"publish","type":"post","link":"https:\/\/www.europesays.com\/lv\/15789\/","title":{"rendered":"\u00abIzj\u016btiet uz savas \u0101das!\u00bb \u2013 Medvedevs izp\u013c\u0101p\u0101jas par Krievijas iesaisti Eiropas dronu \u00abepid\u0113mij\u0101\u00bb"},"content":{"rendered":"<p>Foto: Pexels\/Pixabay<\/p>\n<p style=\"text-align: justify;\">P\u0113d\u0113j\u0101s ned\u0113\u013c\u0101s Eiropas valstis ir sask\u0101ru\u0161\u0101s ar ne vienu vien nosl\u0113pumainu dronu, kas regul\u0101ri ielido ES valstu gaisa telp\u0101. \u0160ie droni ir paman\u012bti virs milit\u0101riem objektiem, lidost\u0101m un pat dz\u012bvojamajiem rajoniem, un lai ar\u012b ofici\u0101lu pier\u0101d\u012bjumu par \u0161o bezpilota lidapar\u0101tu izcelsmi nav, netie\u0161i pier\u0101d\u012bjumi nor\u0101da uz to saist\u012bbu ar Krieviju, zi\u0146o <a href=\"https:\/\/www.dialog.ua\/russia\/321696_1759758985\" target=\"_blank\" rel=\"noopener nofollow\">Dialog.UA<\/a>.<\/p>\n<p style=\"text-align: justify;\">Krievijas Dro\u0161\u012bbas padomes priek\u0161s\u0113d\u0113t\u0101ja vietnieks Dmitrijs Medvedevs koment\u0113jis \u0161os incidentus sav\u0101 \u201cTelegram\u201d kan\u0101l\u0101, tie\u0161i neapstiprinot Maskavas iesaisti, ta\u010du skaidri nor\u0101dot, ka t\u0101 var\u0113tu b\u016bt da\u013ca no strat\u0113\u0123ijas, lai izdar\u012btu spiedienu uz Rietumiem.<\/p>\n<p style=\"text-align: justify;\">Medvedevs uzskait\u012bja vair\u0101kus iesp\u0113jamos skaidrojumus dronu par\u0101d\u012b\u0161an\u0101s iemeslam, ko vi\u0146\u0161 nosauca par \u201cUFD epid\u0113miju\u201d (\u201cUFD\u201d jeb unidentified flying drones \u2013 neidentific\u0113ti lidojo\u0161i droni). Starp teorij\u0101m: Ukrainas akt\u012bvistu provok\u0101cijas, kuru m\u0113r\u0137is ir saasin\u0101t konfliktu un ieg\u016bt no saviem sabiedrotajiem vair\u0101k iero\u010du; prokrievisku grup\u0113jumu darb\u012bbas ES, kuru m\u0113r\u0137is ir destabiliz\u0101cija; viet\u0113jo pretgaisa aizsardz\u012bbas sist\u0113mu test\u0113\u0161ana; viet\u0113jo iedz\u012bvot\u0101ju hulig\u0101nisms; un tie\u0161a Krievijas iejauk\u0161an\u0101s.<\/p>\n<blockquote>\n<p style=\"text-align: center;\">Vi\u0146\u0161 atz\u012bm\u0113ja, ka pirm\u0101 teorija ir ticama, \u0146emot v\u0113r\u0101 ukrai\u0146u kl\u0101tb\u016btni Eirop\u0101, bet ap\u0161aub\u012bja otro, sakot, ka \u201cm\u016bsu a\u0123enti gaida pav\u0113les\u201d. Vi\u0146\u0161 uzskat\u012bja par ticamiem tre\u0161o un ceturto skaidrojumu un saist\u012bja piekto \u2014 no Krievijas s\u016bt\u012btos dronus \u2014 ar prezidenta Vladimira Putina izteikumiem Valdaja forum\u0101, kuros Krievijas diktators noliedza Krievijas iesaisti.<\/p>\n<\/blockquote>\n<p style=\"text-align: justify;\">\u201cTa\u010du tas nav galvenais. Galvenais ir tas, lai tuv\u0113jie eiropie\u0161i uz savas \u0101das izjustu kara b\u012bstam\u012bbu. Lai baid\u012btos un tr\u012bc\u0113tu k\u0101 dumji dz\u012bvnieki, ko dzen uz nokau\u0161anu. Lai apdirstos no bail\u0113m, saj\u016btot savas tuv\u0101s un moko\u0161\u0101s beigas. Varb\u016bt tad vi\u0146i saprat\u012bs, ko noz\u012bm\u0113 kar\u0161. Un noraus galvas saviem izdzimte\u0146iem, t\u0101diem k\u0101 Mercs un Makrons, kuri pelna naudu un politiskos punktus uz asin\u012bm\u2026\u201d sev rakstur\u012bgaj\u0101 agres\u012bvaj\u0101 manier\u0113 pazi\u0146ojis Medvedevs.<\/p>\n<p style=\"text-align: justify;\">Tom\u0113r Medvedeva galvenais v\u0113st\u012bjums ir satrauco\u0161s: vi\u0146\u0161 atkl\u0101ti priec\u0101jas par eiropie\u0161u bail\u0113m, apgalvojot, ka tas vi\u0146iem pal\u012bdz\u0113s \u201cpa\u0161iem izjust kara briesmas\u201d. Vi\u0146\u0161 apgalvo, ka ES pilso\u0146iem vajadz\u0113tu \u201cbaid\u012bties un dreb\u0113t\u201d k\u0101 \u201cstulbiem dz\u012bvniekiem\u201d un galu gal\u0101 g\u0101zt t\u0101dus l\u012bderus k\u0101 Emanuels Makrons un Fr\u012bdrihs Mercs, kurus vi\u0146\u0161 sav\u0101 pazi\u0146ojum\u0101 skarbi apvaino. \u0160is apgalvojums uzsver ofici\u0101l\u0101s Krievijas retorikas agres\u012bvo toni un efekt\u012bvi apstiprina Krievijas iesaist\u012b\u0161anos \u201cdronu epid\u0113mij\u0101\u201d, pret\u0113ji diktatora Putina apgalvojumiem, v\u0113sta port\u0101ls.<\/p>\n<p style=\"text-align: justify;\">Polija br\u012bdina Krieviju\u00a0<\/p>\n<p style=\"text-align: justify;\">Iepriek\u0161 Polija asi rea\u0123\u0113jusi uz k\u0101rt\u0113jo NATO gaisa telpas p\u0101rk\u0101pumu no Krievijas sp\u0113ku puses. Polijas \u0101rlietu ministrs Radoslavs Sikorskis ANO Dro\u0161\u012bbas padomes san\u0101ksm\u0113 pazi\u0146ojis, ka Var\u0161ava nepie\u013caus \u0161\u0101dus incidentus, zi\u0146o<a href=\"https:\/\/www.dialog.ua\/world\/320877_1758564460\" target=\"_blank\" rel=\"noopener nofollow\"> Dialog.UA<\/a>.<\/p>\n<p style=\"text-align: justify;\">\u201cJa v\u0113l viena Krievijas ra\u0137ete vai lidma\u0161\u012bna ielidos m\u016bsu gaisa telp\u0101 un tiks notriekta, nen\u0101ciet \u0161eit un ne\u017e\u0113lojieties. J\u016bs esat br\u012bdin\u0101ti,\u201d uzrun\u0101jot Krievijas p\u0101rst\u0101vjus, uzsv\u0113ra Polijas \u0101rlietu ministrs.<\/p>\n<blockquote>\n<p style=\"text-align: center;\">K\u0101 zin\u0101ms, nesen Krievijas bezpilota lidapar\u0101ti vispirms ielidoja Polijas un Rum\u0101nijas teritorij\u0101, bet p\u0113c tam Krievijas izn\u012bcin\u0101t\u0101ji p\u0101rk\u0101pa Igaunijas gaisa telpu.<\/p>\n<\/blockquote>\n<p style=\"text-align: justify;\">Maskava nevar skaidri izskaidrot \u0161\u012bs darb\u012bbas, un sekas k\u013c\u016bst arvien riskant\u0101kas, sac\u012bja Polijas politi\u0137is. Sikorskis nor\u0101d\u012bja, ka Var\u0161ava \u0161\u0101dus lidojumus uzskata par tie\u0161u draudu valsts un visas Zieme\u013catlantijas alianses dro\u0161\u012bbai.<\/p>\n<p style=\"text-align: justify;\">Var\u0161avas stingro nost\u0101ju atbalst\u012bja ar\u012b Amerikas Savienot\u0101s Valstis. Va\u0161ingtonas past\u0101v\u012bgais p\u0101rst\u0101vis ANO Maiks Volcs pazi\u0146oja, ka Amerikas Savienot\u0101s Valstis aizst\u0101v\u0113s \u201ckatru NATO teritorijas collu\u201d. Vi\u0146\u0161 ar\u012b atk\u0101rtoti uzsv\u0113ra, ka jebk\u0101di uzbrukumi vai provok\u0101cijas pret alianses dal\u012bbvalst\u012bm tiek uzskat\u012btas par uzbrukumu kolekt\u012bvajai dro\u0161\u012bbai. Amerik\u0101\u0146u puse uzsv\u0113ra, ka Krievijas bezpilota lidapar\u0101tu un lidma\u0161\u012bnu iek\u013c\u016b\u0161ana Polij\u0101 un cit\u0101s Eiropas NATO valst\u012bs rada nopietnas ba\u017eas. P\u0113c diplom\u0101ta teikt\u0101, \u0161\u0137iet, ka Maskava vai nu apzin\u0101ti cen\u0161as papla\u0161in\u0101t konflikta zonu, piesaistot jaunas valstis, vai ar\u012b Kremlis vairs nekontrol\u0113 savu milit\u0101ro person\u0101lu, kas ekspluat\u0113 izn\u012bcin\u0101t\u0101jus un bezpilota lidapar\u0101tus. Abos gad\u012bjumos Va\u0161ingtona nov\u0113rt\u0113 riskus re\u0123ionam un starptautiskajai dro\u0161\u012bbai k\u0101 \u0101rk\u0101rt\u012bgi augstus.<\/p>\n<p style=\"text-align: justify;\">Krievijas opozicion\u0101rs aicina NATO valstis rea\u0123\u0113t<\/p>\n<p style=\"text-align: justify;\">Krievu \u0161ahists un politi\u0137is Garijs Kasparovs uzskata, ka agi vai v\u0113lu Krievijas prezidents Vladimirs Putins pav\u0113l\u0113s veikt sauszemes oper\u0101ciju NATO teritorij\u0101.<\/p>\n<p style=\"text-align: justify;\">Kasparovs intervij\u0101 YouTube kan\u0101lam \u201cBr\u012bv\u0101s Krievijas forums\u201d nor\u0101da, ka Putins neapst\u0101sies, kam\u0113r netiks aptur\u0113ts. Vi\u0146\u0161 min piem\u0113ru ar Krievijas MiG lidma\u0161\u012bn\u0101m, kas lidoju\u0161as virs Igaunijas gaisa telpas, no kur\u0101m viena, p\u0113c politi\u0137a dom\u0101m, bija j\u0101notriec, jo tas attur\u0113tu Krem\u013ca vad\u012bt\u0101ju no \u0161\u0101du provok\u0101ciju veik\u0161anas.<\/p>\n<p style=\"text-align: justify;\">Vaic\u0101ts, vai Krievijas MiG Igaunij\u0101 vingrin\u0101jies pirms uzbrukuma Tallinai, Krievijas opoz\u012bcijas p\u0101rst\u0101vis pau\u017e uzskatu, ka tas ir piln\u012bgi iesp\u0113jams.\u00a0 \u201dVi\u0146i lidos, cik vien b\u016bs iesp\u0113jams, bet es dom\u0101ju, ka ra\u0137e\u0161u trieciena neb\u016bs. Man \u0161\u0137iet, ka Baltijas valst\u012bs igau\u0146i un somi (jo \u012bpa\u0161i somi) ar\u012b var iz\u0161aut. Es neizsl\u0113dzu \u0137\u0113des reakcijas iesp\u0113jam\u012bbu k\u0101d\u0101 br\u012bd\u012b. Ar\u012b tas ir iesp\u0113jams. Es neesmu p\u0101rliecin\u0101ts, ka visi gaid\u012bs pav\u0113les no Va\u0161ingtonas, t\u0101p\u0113c es dom\u0101ju, ka visticam\u0101k\u0101 provok\u0101cija b\u016btu neliela sauszemes oper\u0101cija Narvas apgabal\u0101,\u201d sav\u0101s dom\u0101s dal\u0101s politi\u0137is.<\/p>\n<p style=\"text-align: justify;\">Garijs Kasparovs uzsver: \u201cEs uzskatu, ka k\u0101d\u0101 br\u012bd\u012b Putinam b\u016bs j\u0101m\u0113\u0123ina \u0161\u0137\u0113rsot NATO faktisk\u0101s robe\u017eas, lai apstiprin\u0101tu, ka NATO ir mirusi. M\u0113s jau zin\u0101m, ka \u0161\u0101da organiz\u0101cija vairs nepast\u0101v, bet ir atrib\u016btu masa, kas rada organiz\u0101cijas il\u016bziju. Vi\u0146i turpina dz\u012bvot \u0161\u012bs NATO paradigmas ietvaros. Ir piln\u012bgi skaidrs, ka notikumi att\u012bst\u012bsies t\u0101, ka tiks rad\u012bts kaut kas cits, jo draudi ir re\u0101li, un NATO \u0161odien past\u0101v tikai uz pap\u012bra.\u201d<\/p>\n<p style=\"text-align: justify;\">Latvija izsaka kategorisku protestu Krievijai <\/p>\n<p style=\"text-align: justify;\">Solidariz\u0113joties ar Igauniju, Latvijas \u0100rlietu ministrija \u00a02025.\u00a0gada 21.\u00a0septembr\u012b\u00a0izsauca Krievijas v\u0113stniec\u012bbas pagaidu pilnvaroto lietvedi Latvij\u0101 un iesniedza notu, kur\u0101 pauda kategorisku protestu par 19.\u00a0septembr\u012b Krievijas milit\u0101ro lidma\u0161\u012bnu \u012bstenoto Igaunijas gaisa telpas p\u0101rk\u0101pumu.<\/p>\n<p style=\"text-align: justify;\">K\u0101 zin\u0101ms, 19.\u00a0septembr\u012b Igaunijas gaisa telp\u0101 virs Somu l\u012b\u010da net\u0101lu no Vaindlo salas bez br\u012bdin\u0101juma un at\u013caujas ielidoja tr\u012bs Krievijas gaisa sp\u0113ku MIG-31 milit\u0101rie lidapar\u0101ti. Igaunijas gaisa telp\u0101 tie pavad\u012bja aptuveni 12 min\u016btes. Lidma\u0161\u012bn\u0101m nebija lidojuma pl\u0101na, un t\u0101s lidoja ar izsl\u0113gtiem transponderiem. P\u0101rk\u0101puma laik\u0101 lidma\u0161\u012bnas ar\u012b neuztur\u0113ja radiosakarus ar Igaunijas gaisa satiksmes kontroli.<\/p>\n<blockquote>\n<p style=\"text-align: center;\">Krievijas bezatbild\u012bg\u0101 r\u012bc\u012bba ir rupj\u0161 1944.\u00a0gada Starptautisk\u0101s civil\u0101s avi\u0101cijas konvencijas p\u0101rk\u0101pums. T\u0101 ne tikai rada nopietnus draudus civilai avi\u0101cijai, bet ar\u012b provoc\u0113 situ\u0101cijas eskal\u0101ciju, nor\u0101da Latvijas \u0100rlietu ministrija.<\/p>\n<\/blockquote>\n<p style=\"text-align: justify;\">Diplom\u0101tiskaj\u0101 not\u0101 Latvijas puse t\u0101pat atk\u0101rto pras\u012bbu izbeigt Krievijas agresiju pret Ukrainu, izvest t\u0101s okup\u0101cijas sp\u0113kus no visas starptautiski atz\u012bt\u0101s Ukrainas teritorijas un kompens\u0113t visus zaud\u0113jumus, ko Ukraina cietusi Krievijas agresijas rezult\u0101t\u0101.<\/p>\n<p>Lasiet ar\u012b:\u00a0<\/p>\n<p style=\"text-align: justify;\"><a href=\"https:\/\/ritakafija.lv\/2025\/10\/06\/iznicinati-divi-miljardi-ukrainu-cecenijas-generalis-izgazas-krievijas-televizija\/\" target=\"_blank\" rel=\"noopener nofollow\">\u00abIzn\u012bcin\u0101ti divi miljardi ukrai\u0146u,\u00bb \u2013 \u010ce\u010denijas\u00a0\u0123ener\u0101lis\u00a0izg\u0101\u017eas\u00a0Krievijas telev\u012bzij\u0101<\/a><\/p>\n<p style=\"text-align: justify;\"><a style=\"color: #800000;\" href=\"https:\/\/ritakafija.lv\/2025\/10\/07\/uzmanibu-prasis-attiecibas-sadarbiba-un-kompromisi-astrologiska-prognoze-oktobrim\/\" target=\"_blank\" rel=\"noopener nofollow\">Uzman\u012bbu pras\u012bs attiec\u012bbas, sadarb\u012bba un kompromisi \u2013 astrolo\u0123isk\u0101 prognoze oktobrim<\/a><\/p>\n<p style=\"text-align: justify;\"><a style=\"color: #800000;\" href=\"https:\/\/ritakafija.lv\/2025\/10\/06\/majokli-kluvusi-divreiz-dargaki-bet-latviesi-aizvien-ir-gatavi-pirkt\/\" target=\"_blank\" rel=\"noopener nofollow\">M\u0101jok\u013ci k\u013cuvu\u0161i divreiz d\u0101rg\u0101ki, bet latvie\u0161i aizvien\u00a0ir\u00a0gatavi pirkt<\/a><\/p>\n<p style=\"text-align: justify;\"><a style=\"color: #800000;\" href=\"https:\/\/ritakafija.lv\/2025\/10\/07\/vel-aizvien-laimestam-nav-pieteicies-laimigais-kurs-izloze-eurojackpot-laimejis-120-miljonus-eiro\/\" target=\"_blank\" rel=\"noopener nofollow\">V\u0113l aizvien laimestam nav pieteicies laim\u012bgais, kur\u0161 izloz\u0113\u00a0Eurojackpot\u00a0laim\u0113jis 120 miljonus\u00a0eiro<\/a><\/p>\n<p style=\"text-align: justify;\"><a style=\"color: #800000;\" href=\"https:\/\/ritakafija.lv\/2025\/10\/07\/rail-baltica-progress-lietuva-sak-buvet-sliezu-celu-bet-lavija-biroju\/\" target=\"_blank\" rel=\"noopener nofollow\">Rail Baltica\u00a0progress: Lietuv\u0101 s\u0101k b\u016bv\u0113t\u00a0slie\u017eu ce\u013cu, bet Lavij\u0101 \u2013 biroju<\/a><\/p>\n<p style=\"text-align: justify;\"><a style=\"color: #800000;\" href=\"https:\/\/ritakafija.lv\/2025\/10\/06\/eiropa-aiztur-16-gadus-vecu-krievijas-agentu-kurs-vervejis-pusaudzus-noziegumu-veiksanai\/\" target=\"_blank\" rel=\"noopener nofollow\">Eirop\u0101 aiztur 16 gadus vecu Krievijas a\u0123entu, kur\u0161 verv\u0113jis pusaud\u017eus noziegumu veik\u0161anai<\/a><\/p>\n","protected":false},"excerpt":{"rendered":"Foto: Pexels\/Pixabay P\u0113d\u0113j\u0101s ned\u0113\u013c\u0101s Eiropas valstis ir sask\u0101ru\u0161\u0101s ar ne vienu vien nosl\u0113pumainu dronu, kas regul\u0101ri ielido ES&hellip;\n","protected":false},"author":2,"featured_media":15790,"comment_status":"","ping_status":"","sticky":false,"template":"","format":"standard","meta":{"footnotes":""},"categories":[14],"tags":[23,57,28,29,3555,75,427,32,33,2277,22,234,30,31,35,39,38,36,37,34,40,71,20,72,26,27,24,25,235,54,55,56,21,58],"class_list":{"0":"post-15789","1":"post","2":"type-post","3":"status-publish","4":"format-standard","5":"has-post-thumbnail","7":"category-zinas-no-arvalstim","8":"tag-aktualitates","9":"tag-arvalstim","10":"tag-breaking-news","11":"tag-breakingnews","12":"tag-dmitrijs-medvedevs","13":"tag-droni","14":"tag-eiropa","15":"tag-featured-news","16":"tag-featurednews","17":"tag-gaisa-telpa","18":"tag-headlines","19":"tag-krievija","20":"tag-latest-news","21":"tag-latestnews","22":"tag-latvia","23":"tag-latvian","24":"tag-latviesu","25":"tag-latviesu-valoda","26":"tag-latviesuvaloda","27":"tag-latvija","28":"tag-lv","29":"tag-nato","30":"tag-news","31":"tag-polija","32":"tag-popularakas-zinas","33":"tag-popularakaszinas","34":"tag-top-stories","35":"tag-topstories","36":"tag-vladimirs-putins","37":"tag-world","38":"tag-world-news","39":"tag-worldnews","40":"tag-zinas","41":"tag-zinas-no-arvalstim"},"share_on_mastodon":{"url":"","error":""},"_links":{"self":[{"href":"https:\/\/www.europesays.com\/lv\/wp-json\/wp\/v2\/posts\/15789","targetHints":{"allow":["GET"]}}],"collection":[{"href":"https:\/\/www.europesays.com\/lv\/wp-json\/wp\/v2\/posts"}],"about":[{"href":"https:\/\/www.europesays.com\/lv\/wp-json\/wp\/v2\/types\/post"}],"author":[{"embeddable":true,"href":"https:\/\/www.europesays.com\/lv\/wp-json\/wp\/v2\/users\/2"}],"replies":[{"embeddable":true,"href":"https:\/\/www.europesays.com\/lv\/wp-json\/wp\/v2\/comments?post=15789"}],"version-history":[{"count":0,"href":"https:\/\/www.europesays.com\/lv\/wp-json\/wp\/v2\/posts\/15789\/revisions"}],"wp:featuredmedia":[{"embeddable":true,"href":"https:\/\/www.europesays.com\/lv\/wp-json\/wp\/v2\/media\/15790"}],"wp:attachment":[{"href":"https:\/\/www.europesays.com\/lv\/wp-json\/wp\/v2\/media?parent=15789"}],"wp:term":[{"taxonomy":"category","embeddable":true,"href":"https:\/\/www.europesays.com\/lv\/wp-json\/wp\/v2\/categories?post=15789"},{"taxonomy":"post_tag","embeddable":true,"href":"https:\/\/www.europesays.com\/lv\/wp-json\/wp\/v2\/tags?post=15789"}],"curies":[{"name":"wp","href":"https:\/\/api.w.org\/{rel}","templated":true}]}}