{"id":157967,"date":"2026-03-19T19:23:13","date_gmt":"2026-03-19T19:23:13","guid":{"rendered":"https:\/\/www.europesays.com\/lv\/157967\/"},"modified":"2026-03-19T19:23:13","modified_gmt":"2026-03-19T19:23:13","slug":"pirceji-izbriniti-veikala-sky-plaukti-gandriz-tuksi","status":"publish","type":"post","link":"https:\/\/www.europesays.com\/lv\/157967\/","title":{"rendered":"Pirc\u0113ji izbr\u012bn\u012bti: veikala \u201cSky\u201d plaukti gandr\u012bz tuk\u0161i!"},"content":{"rendered":"<p>Andis pirms ned\u0113\u013cas paman\u012bjis, ka lielveikal\u0101 \u201cSky\u201d, kas atrodas Ber\u0123os plaukti ir gandr\u012bz tuk\u0161i. T\u0101du pa\u0161u situ\u0101ciju vi\u0146\u0161 ir paman\u012bjis ar\u012b citos \u201cSky\u201d veikalos\u201d.<\/p>\n<p>Aicin\u0101j\u0101m veikala vad\u012bbu uz interviju kameras priek\u0161\u0101, ta\u010du sa\u0146\u0113m\u0101m vien garu rakstisku v\u0113stuli. Izr\u0101d\u0101s, ka SIA \u201cSkai Baltija\u201d, kas p\u0101rvalda lielveikalu t\u012bklu \u201cSKY\u201d, piektdien, 13. mart\u0101, ir iesniegusi maks\u0101tnesp\u0113jas pieteikumu.<\/p>\n<p>Veikala vad\u012bba skaidro, ka uz\u0146\u0113mums vair\u0101kk\u0101rt veiksm\u012bgi esot p\u0101rvar\u0113jis kr\u012bzes, tostarp ekonomisko kr\u012bzi 2009. gad\u0101, un ar\u012b p\u0113d\u0113jos gados centies maksim\u0101li piel\u0101goties main\u012bgajiem tirgus apst\u0101k\u013ciem, vair\u0101kk\u0101rt mainot administrat\u012bvo vad\u012bbu, izstr\u0101d\u0101jot da\u017e\u0101dus att\u012bst\u012bbas pl\u0101nus, k\u0101 ar\u012b optimiz\u0113jot darb\u012bbu un t\u0101s izmaksas.<\/p>\n<p>Tom\u0113r p\u0113d\u0113jos gados tirgus situ\u0101cija esot b\u016btiski main\u012bjusies. Ir ne vien samazin\u0101jies kop\u0113jais tirgus apjoms, bet Latvijas mazumtirdzniec\u012bb\u0101 arvien liel\u0101ku ietekmi ieg\u016bst liel\u0101s, starptautisk\u0101s veikalu \u0137\u0113des, kur\u0101m iev\u0113rojamo iepirkuma apjomu d\u0113\u013c ir zem\u0101kas izmaksas. Tas, savuk\u0101rt, esot saasin\u0101jis cenu konkurenci.<\/p>\n<p>Vienlaikus esot main\u012bjusies ar\u012b pat\u0113r\u0113t\u0101ju uzved\u012bba, skaidro veikala vad\u012bba. Klienti arvien bie\u017e\u0101k izv\u0113loties l\u0113t\u0101kus produktus, bet kvalit\u0101ti, kas vienm\u0113r bijusi \u201cSKY\u201d z\u012bmola pamatv\u0113rt\u012bba, nereti atst\u0101jot otraj\u0101 pl\u0101n\u0101. \u0160\u0101dos apst\u0101k\u013cos \u201cSKY\u201d k\u013cuva arvien gr\u016bt\u0101k konkur\u0113t ar lielaj\u0101m \u0101rvalstu kapit\u0101la lielveikalu \u0137\u0113d\u0113m, kas sp\u0113j pied\u0101v\u0101t zem\u0101kas cenas.<\/p>\n<p class=\"ad-desc ad-desc-main\">Saturs turpin\u0101s p\u0113c rekl\u0101mas<\/p>\n<p class=\"ad-desc ad-desc-sec\">Rekl\u0101ma<\/p>\n<p>Papildu spiedienu uz uz\u0146\u0113muma darb\u012bbu rad\u012bja ar\u012b \u0123eopolitisk\u0101 situ\u0101cija. P\u0113c kara s\u0101kuma Ukrain\u0101 strauji pieauga gan cenas, gan darb\u012bbas izmaksas, kas v\u0113l vair\u0101k sad\u0101rdzin\u0101ja produkciju. \u0145emot v\u0113r\u0101 \u0161os apst\u0101k\u013cus, \u201cSkai Baltija\u201d vad\u012bba bijusi spiesta pie\u0146emt l\u0113mumu par maks\u0101tnesp\u0113jas pieteikumu.<\/p>\n<p>Veikala vad\u012bba nor\u0101da, ka SKY veikali Duntes un Hipokr\u0101ta iel\u0101 turpin\u0101s apkalpot apmekl\u0113t\u0101jus l\u012bdz turpm\u0101kam pazi\u0146ojumam, savuk\u0101rt veikali Siguldas \u0161osej\u0101 un K\u0101r\u013ca Ulma\u0146a gatv\u0113 apmekl\u0113t\u0101jiem vairs nav pieejami.<\/p>\n<p class=\"tv3-fw-500\">Zi\u0146o par k\u013c\u016bdu rakst\u0101<\/p>\n<p class=\"d-md-block d-none\">Iez\u012bm\u0113 k\u013c\u016bdaino tekstu un spied Ctrl+Enter.<\/p>\n<p class=\"d-md-none d-block\">Iez\u012bm\u0113 k\u013c\u016bdaino tekstu un zi\u0146o par to!<\/p>\n","protected":false},"excerpt":{"rendered":"Andis pirms ned\u0113\u013cas paman\u012bjis, ka lielveikal\u0101 \u201cSky\u201d, kas atrodas Ber\u0123os plaukti ir gandr\u012bz tuk\u0161i. T\u0101du pa\u0161u situ\u0101ciju vi\u0146\u0161&hellip;\n","protected":false},"author":2,"featured_media":157968,"comment_status":"","ping_status":"","sticky":false,"template":"","format":"standard","meta":{"footnotes":"","_share_on_mastodon":"0"},"categories":[12],"tags":[23,28,29,32,33,22,30,31,35,39,38,36,37,34,40,20,32058,26,27,24,25,21],"class_list":["post-157967","post","type-post","status-publish","format-standard","has-post-thumbnail","category-latvija","tag-aktualitates","tag-breaking-news","tag-breakingnews","tag-featured-news","tag-featurednews","tag-headlines","tag-latest-news","tag-latestnews","tag-latvia","tag-latvian","tag-latviesu","tag-latviesu-valoda","tag-latviesuvaloda","tag-latvija","tag-lv","tag-news","tag-partikaplauktiprecesskyveikals","tag-popularakas-zinas","tag-popularakaszinas","tag-top-stories","tag-topstories","tag-zinas"],"share_on_mastodon":{"url":"https:\/\/pubeurope.com\/@lv\/116257476005520711","error":""},"_links":{"self":[{"href":"https:\/\/www.europesays.com\/lv\/wp-json\/wp\/v2\/posts\/157967","targetHints":{"allow":["GET"]}}],"collection":[{"href":"https:\/\/www.europesays.com\/lv\/wp-json\/wp\/v2\/posts"}],"about":[{"href":"https:\/\/www.europesays.com\/lv\/wp-json\/wp\/v2\/types\/post"}],"author":[{"embeddable":true,"href":"https:\/\/www.europesays.com\/lv\/wp-json\/wp\/v2\/users\/2"}],"replies":[{"embeddable":true,"href":"https:\/\/www.europesays.com\/lv\/wp-json\/wp\/v2\/comments?post=157967"}],"version-history":[{"count":0,"href":"https:\/\/www.europesays.com\/lv\/wp-json\/wp\/v2\/posts\/157967\/revisions"}],"wp:featuredmedia":[{"embeddable":true,"href":"https:\/\/www.europesays.com\/lv\/wp-json\/wp\/v2\/media\/157968"}],"wp:attachment":[{"href":"https:\/\/www.europesays.com\/lv\/wp-json\/wp\/v2\/media?parent=157967"}],"wp:term":[{"taxonomy":"category","embeddable":true,"href":"https:\/\/www.europesays.com\/lv\/wp-json\/wp\/v2\/categories?post=157967"},{"taxonomy":"post_tag","embeddable":true,"href":"https:\/\/www.europesays.com\/lv\/wp-json\/wp\/v2\/tags?post=157967"}],"curies":[{"name":"wp","href":"https:\/\/api.w.org\/{rel}","templated":true}]}}