{"id":15805,"date":"2025-10-08T10:03:09","date_gmt":"2025-10-08T10:03:09","guid":{"rendered":"https:\/\/www.europesays.com\/lv\/15805\/"},"modified":"2025-10-08T10:03:09","modified_gmt":"2025-10-08T10:03:09","slug":"foto-%e2%9f%a9-katram-grupas-dalibniekam-bija-sava-loma-valsts-policija-aiztur-lielako-narkodileru-grupu-sogad","status":"publish","type":"post","link":"https:\/\/www.europesays.com\/lv\/15805\/","title":{"rendered":"FOTO \u27e9 &#8220;Katram grupas dal\u012bbniekam bija sava loma.&#8221; Valsts policija aiztur liel\u0101ko narkod\u012bleru grupu \u0161ogad"},"content":{"rendered":"<p>Izmekl\u0113\u0161anas laik\u0101 noskaidrots, ka katram grupas dal\u012bbniekam bija sava loma, un vi\u0146u starp\u0101 vald\u012bjusi izteikta hierarhija.<\/p>\n<p>Noziegumu organiz\u0113jis 1988. gad\u0101 dzimis v\u012brietis. Vi\u0146\u0161 tostarp bijis atbild\u012bgs par narkotisko vielu ieve\u0161anu Latvijas teritorij\u0101 un to izplat\u012b\u0161anu, k\u0101 ar\u012b no tirdzniec\u012bbas ieg\u016bt\u0101s naudas p\u0101rvald\u012b\u0161anu. V\u0113l citi grupas dal\u012bbnieki bija atbild\u012bgi par narkotisko vielu izplat\u012b\u0161anu.<\/p>\n<p>Aiztur\u0113to vid\u016b ir ar\u012b v\u012brie\u0161i, kas uzglab\u0101ja narkotisk\u0101s vielas un veidoja sl\u0113p\u0146us \u2013 Valsts policija atkl\u0101jusi, ka sl\u0113p\u0146i atrad\u0101s me\u017e\u0101.<\/p>\n<p>Grupas dal\u012bbnieki izmantoja konspir\u0101ciju. Da\u017ei bija non\u0101ku\u0161i policijas redzeslok\u0101 jau iepriek\u0161 un labi p\u0101rzin\u0101ja policijas operat\u012bvo darbinieku taktiku un metodiku, l\u012bdz ar to tas padar\u012bja likumsargu darbu v\u0113l izaicino\u0161\u0101ku.<\/p>\n<p>Valsts policijas R\u012bgas re\u0123iona p\u0101rvaldes Krimin\u0101lpolicijas p\u0101rvaldes 4. biroj\u0101 atkl\u0101j, ka \u0161\u012b organiz\u0113t\u0101 grupa ir viena no liel\u0101kaj\u0101m p\u0113d\u0113jo gadu laik\u0101 atkl\u0101taj\u0101m un viena no rafin\u0113t\u0101kaj\u0101m. Izmekl\u0113t\u0101ji nor\u0101da, ka \u0161o noziedznieku aiztur\u0113\u0161ana ir b\u016btisks solis c\u012b\u0146\u0101 ar narkotiku apkaro\u0161anu.<\/p>\n<p>Saist\u012bb\u0101 ar notiku\u0161o uzs\u0101kts krimin\u0101lprocess par narkotisko vielu neat\u013cautu ieg\u0101d\u0101\u0161anos, glab\u0101\u0161anu, p\u0101rvad\u0101\u0161anu vai p\u0101rs\u016bt\u012b\u0161anu realiz\u0101cijas nol\u016bk\u0101 vai par narkotisko vielu neat\u013cautu realiz\u0113\u0161anu, ja to izdar\u012bjusi organiz\u0113ta grupa vai ja tas izdar\u012bts ar narkotiskaj\u0101m viel\u0101m liel\u0101 apm\u0113r\u0101.<\/p>\n<p>Par \u0161\u0101du noziegumu likum\u0101 paredz\u0113ta br\u012bv\u012bbas at\u0146em\u0161ana uz laiku no pieciem l\u012bdz 15 gadiem, konfisc\u0113jot mantu vai bez mantas konfisk\u0101cijas, un prob\u0101cijas uzraudz\u012bba uz laiku l\u012bdz trim gadiem.<\/p>\n<p>\u0160obr\u012bd asto\u0146as personas atz\u012btas par aizdom\u0101s tur\u0113taj\u0101m. Septi\u0146iem piem\u0113rots dro\u0161\u012bbas l\u012bdzeklis apcietin\u0101jums, savuk\u0101rt vienam \u2013 dro\u0161\u012bbas l\u012bdzeklis, kas nav saist\u012bts ar br\u012bv\u012bbas at\u0146em\u0161anu.<\/p>\n<p>Valsts policija atg\u0101dina, ka neviena persona netiek uzskat\u012bta par vain\u012bgu, kam\u0113r t\u0101s vaina noziedz\u012bga nodar\u012bjuma izdar\u012b\u0161an\u0101 netiek pier\u0101d\u012bta likum\u0101 noteiktaj\u0101 k\u0101rt\u012bb\u0101.<\/p>\n","protected":false},"excerpt":{"rendered":"Izmekl\u0113\u0161anas laik\u0101 noskaidrots, ka katram grupas dal\u012bbniekam bija sava loma, un vi\u0146u starp\u0101 vald\u012bjusi izteikta hierarhija. Noziegumu organiz\u0113jis&hellip;\n","protected":false},"author":2,"featured_media":15806,"comment_status":"","ping_status":"","sticky":false,"template":"","format":"standard","meta":{"footnotes":""},"categories":[5],"tags":[23,28,29,32,33,22,995,30,31,35,39,38,36,37,34,40,359,20,26,27,24,25,138,21],"class_list":{"0":"post-15805","1":"post","2":"type-post","3":"status-publish","4":"format-standard","5":"has-post-thumbnail","7":"category-aktualitates","8":"tag-aktualitates","9":"tag-breaking-news","10":"tag-breakingnews","11":"tag-featured-news","12":"tag-featurednews","13":"tag-headlines","14":"tag-kontrabanda","15":"tag-latest-news","16":"tag-latestnews","17":"tag-latvia","18":"tag-latvian","19":"tag-latviesu","20":"tag-latviesu-valoda","21":"tag-latviesuvaloda","22":"tag-latvija","23":"tag-lv","24":"tag-narkotikas","25":"tag-news","26":"tag-popularakas-zinas","27":"tag-popularakaszinas","28":"tag-top-stories","29":"tag-topstories","30":"tag-valsts-policija","31":"tag-zinas"},"share_on_mastodon":{"url":"","error":""},"_links":{"self":[{"href":"https:\/\/www.europesays.com\/lv\/wp-json\/wp\/v2\/posts\/15805","targetHints":{"allow":["GET"]}}],"collection":[{"href":"https:\/\/www.europesays.com\/lv\/wp-json\/wp\/v2\/posts"}],"about":[{"href":"https:\/\/www.europesays.com\/lv\/wp-json\/wp\/v2\/types\/post"}],"author":[{"embeddable":true,"href":"https:\/\/www.europesays.com\/lv\/wp-json\/wp\/v2\/users\/2"}],"replies":[{"embeddable":true,"href":"https:\/\/www.europesays.com\/lv\/wp-json\/wp\/v2\/comments?post=15805"}],"version-history":[{"count":0,"href":"https:\/\/www.europesays.com\/lv\/wp-json\/wp\/v2\/posts\/15805\/revisions"}],"wp:featuredmedia":[{"embeddable":true,"href":"https:\/\/www.europesays.com\/lv\/wp-json\/wp\/v2\/media\/15806"}],"wp:attachment":[{"href":"https:\/\/www.europesays.com\/lv\/wp-json\/wp\/v2\/media?parent=15805"}],"wp:term":[{"taxonomy":"category","embeddable":true,"href":"https:\/\/www.europesays.com\/lv\/wp-json\/wp\/v2\/categories?post=15805"},{"taxonomy":"post_tag","embeddable":true,"href":"https:\/\/www.europesays.com\/lv\/wp-json\/wp\/v2\/tags?post=15805"}],"curies":[{"name":"wp","href":"https:\/\/api.w.org\/{rel}","templated":true}]}}