{"id":158069,"date":"2026-03-19T23:04:06","date_gmt":"2026-03-19T23:04:06","guid":{"rendered":"https:\/\/www.europesays.com\/lv\/158069\/"},"modified":"2026-03-19T23:04:06","modified_gmt":"2026-03-19T23:04:06","slug":"zurnalistes-iefiltrejas-narvas-tautas-republikas-slegtaja-cata-tas-izversas-visai-komiski","status":"publish","type":"post","link":"https:\/\/www.europesays.com\/lv\/158069\/","title":{"rendered":"\u017durn\u0101listes iefiltr\u0113jas &#8220;Narvas tautas republikas&#8221; sl\u0113gtaj\u0101 \u010dat\u0101. Tas izv\u0113r\u0161as visai komiski"},"content":{"rendered":"<p>Pag\u0101ju\u0161aj\u0101 ned\u0113\u013c\u0101 Igaunij\u0101 par &#8220;Telegram&#8221; kan\u0101lu ar nosaukumu &#8220;Narvas tautas republika&#8221; rakst\u012bja un sprieda visi, ta\u010du realit\u0101t\u0113 iedz\u012bvot\u0101jiem nav intereses pievienoties c\u012b\u0146ai par &#8220;autonomu Narvu&#8221;. Laikraksta &#8220;Postimees&#8221; \u017eurn\u0101listes iefiltr\u0113j\u0101s sl\u0113gt\u0101 &#8220;Telegram&#8221; t\u0113rz\u0113tav\u0101, lai noskaidrotu, ar ko ir dar\u012b\u0161ana. T\u0101l\u0101kie notikumi \u2013 var\u0113tu teikt, ka komiski.<\/p>\n","protected":false},"excerpt":{"rendered":"Pag\u0101ju\u0161aj\u0101 ned\u0113\u013c\u0101 Igaunij\u0101 par &#8220;Telegram&#8221; kan\u0101lu ar nosaukumu &#8220;Narvas tautas republika&#8221; rakst\u012bja un sprieda visi, ta\u010du realit\u0101t\u0113 iedz\u012bvot\u0101jiem&hellip;\n","protected":false},"author":2,"featured_media":158070,"comment_status":"","ping_status":"","sticky":false,"template":"","format":"standard","meta":{"footnotes":"","_share_on_mastodon":"0"},"categories":[14],"tags":[23,57,28,29,32,33,22,1571,73,27757,234,30,31,321,35,39,38,36,37,34,40,16406,20,26,27,24,25,54,55,56,21,58],"class_list":["post-158069","post","type-post","status-publish","format-standard","has-post-thumbnail","category-zinas-no-arvalstim","tag-aktualitates","tag-arvalstim","tag-breaking-news","tag-breakingnews","tag-featured-news","tag-featurednews","tag-headlines","tag-hibridkars","tag-igaunija","tag-informativais-kars","tag-krievija","tag-latest-news","tag-latestnews","tag-latgale","tag-latvia","tag-latvian","tag-latviesu","tag-latviesu-valoda","tag-latviesuvaloda","tag-latvija","tag-lv","tag-narva","tag-news","tag-popularakas-zinas","tag-popularakaszinas","tag-top-stories","tag-topstories","tag-world","tag-world-news","tag-worldnews","tag-zinas","tag-zinas-no-arvalstim"],"share_on_mastodon":{"url":"https:\/\/pubeurope.com\/@lv\/116258345028312530","error":""},"_links":{"self":[{"href":"https:\/\/www.europesays.com\/lv\/wp-json\/wp\/v2\/posts\/158069","targetHints":{"allow":["GET"]}}],"collection":[{"href":"https:\/\/www.europesays.com\/lv\/wp-json\/wp\/v2\/posts"}],"about":[{"href":"https:\/\/www.europesays.com\/lv\/wp-json\/wp\/v2\/types\/post"}],"author":[{"embeddable":true,"href":"https:\/\/www.europesays.com\/lv\/wp-json\/wp\/v2\/users\/2"}],"replies":[{"embeddable":true,"href":"https:\/\/www.europesays.com\/lv\/wp-json\/wp\/v2\/comments?post=158069"}],"version-history":[{"count":0,"href":"https:\/\/www.europesays.com\/lv\/wp-json\/wp\/v2\/posts\/158069\/revisions"}],"wp:featuredmedia":[{"embeddable":true,"href":"https:\/\/www.europesays.com\/lv\/wp-json\/wp\/v2\/media\/158070"}],"wp:attachment":[{"href":"https:\/\/www.europesays.com\/lv\/wp-json\/wp\/v2\/media?parent=158069"}],"wp:term":[{"taxonomy":"category","embeddable":true,"href":"https:\/\/www.europesays.com\/lv\/wp-json\/wp\/v2\/categories?post=158069"},{"taxonomy":"post_tag","embeddable":true,"href":"https:\/\/www.europesays.com\/lv\/wp-json\/wp\/v2\/tags?post=158069"}],"curies":[{"name":"wp","href":"https:\/\/api.w.org\/{rel}","templated":true}]}}