{"id":15817,"date":"2025-10-08T10:22:10","date_gmt":"2025-10-08T10:22:10","guid":{"rendered":"https:\/\/www.europesays.com\/lv\/15817\/"},"modified":"2025-10-08T10:22:10","modified_gmt":"2025-10-08T10:22:10","slug":"veca-milestiba-nerus-lopesa-un-afleks-atkal-kopa-poze-uz-sarkana-paklaja","status":"publish","type":"post","link":"https:\/\/www.europesays.com\/lv\/15817\/","title":{"rendered":"Veca m\u012blest\u012bba ner\u016bs? Lopesa un Afleks atkal kop\u0101 poz\u0113 uz sarkan\u0101 pakl\u0101ja"},"content":{"rendered":"<p>Afleks un Lopesa iz\u0161\u0137\u012br\u0101s pag\u0101ju\u0161aj\u0101 gad\u0101. Tas vi\u0146iem netrauc\u0113ja kop\u0101 poz\u0113t fotogr\u0101fiem, apskauties un plati smaid\u012bt, radot spekul\u0101cijas par iesp\u0113jamu attiec\u012bbu atjauno\u0161anos. Lai gan daudzi \u0161o satik\u0161anos uztv\u0113ra k\u0101 z\u012bm, ka m\u012blas pumpurs abu starp\u0101 nav nokaltis, citi uzskata, ka Afleks vienk\u0101r\u0161i &#8220;profesion\u0101li atbalst\u012bja savu biju\u0161o sievu&#8221;.<\/p>\n<p>Lopesa ir galven\u0101s lomas atveidot\u0101ja jaunaj\u0101 m\u016bzikla adapt\u0101cij\u0101, savuk\u0101rt Afleks ir viens no filmas izpildproducentiem.<\/p>\n<p>Intervij\u0101 &#8220;Entertainment Tonight&#8221; Afleks uzsv\u0113ra, ka &#8220;nevar\u0113tu pat iedom\u0101ties \u0161eit neb\u016bt&#8221;. Vi\u0146\u0161 slav\u0113ja Lopesas sniegumu, sakot: &#8220;\u0160\u012b ir neticama loma, k\u0101du, manupr\u0101t, D\u017eenifera ir v\u0113l\u0113jusies nosp\u0113l\u0113t visu savu karjeru, un vi\u0146a film\u0101 ir pasakaina.&#8221; Ar\u012b Lopesa atzina Afleka noz\u012bm\u012bgo ieguld\u012bjumu projekt\u0101: &#8220;Ja neb\u016btu Bena, \u0161\u012b filma neb\u016btu tapusi.&#8221;<\/p>\n<p>M\u016bzikls &#8220;Zirnek\u013csievietes sk\u016bpsts&#8221; st\u0101sta par politisko ieslodz\u012bto Valent\u012bnu, kur\u0161 dala kameru ar logu noform\u0113t\u0101ju Molinu. Ieslodz\u012bjum\u0101 vi\u0146i satuvin\u0101s, p\u0101rrun\u0101jot Holivudas m\u016bzikla si\u017eetu, kur\u0101 galveno lomu sp\u0113l\u0113 aktrise Ingr\u012bda Luna, kuru atveido Lopesa.<\/p>\n<p>Lopesas un Afleka, kuru attiec\u012bbu peripetijas ir pla\u0161i dokument\u0113tas, s\u0101kotn\u0113jais rom\u0101ns s\u0101k\u0101s 2000. gadu s\u0101kum\u0101, ta\u010du toreiz pl\u0101not\u0101s k\u0101zas tika atceltas. Vi\u0146i atjaunoja attiec\u012bbas 2021. gad\u0101. apprec\u0113j\u0101s 2022. gad\u0101, bet 2024. gad\u0101 pazi\u0146oja par \u0161\u0137ir\u0161anos. \u0160\u012b gan nav pirm\u0101 reize, kad Afleks publiski atbalsta Lopesu. Jau 2024. gada novembr\u012b vi\u0146\u0161 atzin\u012bgi nov\u0113rt\u0113ja vi\u0146as sniegumu film\u0101 &#8220;Nesalau\u017eam\u0101&#8221;.<\/p>\n<p>Lai ar\u012b vi\u0146u kop\u012bg\u0101 par\u0101d\u012b\u0161an\u0101s ir izrais\u012bjusi pla\u0161as diskusijas, pati Lopesa, \u0161\u0137iet, v\u0113las izvair\u012bties no run\u0101m par vi\u0146u attiec\u012bb\u0101m. Nesen\u0101 intervij\u0101 vi\u0146a p\u0101rtrauca \u017eurn\u0101listu, kur\u0161 piemin\u0113ja vi\u0146u \u0161\u0137ir\u0161anos, kas notika filmas uz\u0146em\u0161anas laik\u0101. Koment\u0113jot \u0161\u0137ir\u0161anos, Lopesa lakoniski piebilda: &#8220;Lietas notiek, ir vienk\u0101r\u0161i j\u0101turpina dz\u012bvot.&#8221;<\/p>\n","protected":false},"excerpt":{"rendered":"Afleks un Lopesa iz\u0161\u0137\u012br\u0101s pag\u0101ju\u0161aj\u0101 gad\u0101. Tas vi\u0146iem netrauc\u0113ja kop\u0101 poz\u0113t fotogr\u0101fiem, apskauties un plati smaid\u012bt, radot spekul\u0101cijas&hellip;\n","protected":false},"author":2,"featured_media":15818,"comment_status":"","ping_status":"","sticky":false,"template":"","format":"standard","meta":{"footnotes":""},"categories":[19],"tags":[5444,5443,89,90,35,39,38,36,37,34,40],"class_list":{"0":"post-15817","1":"post","2":"type-post","3":"status-publish","4":"format-standard","5":"has-post-thumbnail","7":"category-izklaide","8":"tag-bens-afleks","9":"tag-dzenifera-lopesa","10":"tag-entertainment","11":"tag-izklaide","12":"tag-latvia","13":"tag-latvian","14":"tag-latviesu","15":"tag-latviesu-valoda","16":"tag-latviesuvaloda","17":"tag-latvija","18":"tag-lv"},"share_on_mastodon":{"url":"","error":""},"_links":{"self":[{"href":"https:\/\/www.europesays.com\/lv\/wp-json\/wp\/v2\/posts\/15817","targetHints":{"allow":["GET"]}}],"collection":[{"href":"https:\/\/www.europesays.com\/lv\/wp-json\/wp\/v2\/posts"}],"about":[{"href":"https:\/\/www.europesays.com\/lv\/wp-json\/wp\/v2\/types\/post"}],"author":[{"embeddable":true,"href":"https:\/\/www.europesays.com\/lv\/wp-json\/wp\/v2\/users\/2"}],"replies":[{"embeddable":true,"href":"https:\/\/www.europesays.com\/lv\/wp-json\/wp\/v2\/comments?post=15817"}],"version-history":[{"count":0,"href":"https:\/\/www.europesays.com\/lv\/wp-json\/wp\/v2\/posts\/15817\/revisions"}],"wp:featuredmedia":[{"embeddable":true,"href":"https:\/\/www.europesays.com\/lv\/wp-json\/wp\/v2\/media\/15818"}],"wp:attachment":[{"href":"https:\/\/www.europesays.com\/lv\/wp-json\/wp\/v2\/media?parent=15817"}],"wp:term":[{"taxonomy":"category","embeddable":true,"href":"https:\/\/www.europesays.com\/lv\/wp-json\/wp\/v2\/categories?post=15817"},{"taxonomy":"post_tag","embeddable":true,"href":"https:\/\/www.europesays.com\/lv\/wp-json\/wp\/v2\/tags?post=15817"}],"curies":[{"name":"wp","href":"https:\/\/api.w.org\/{rel}","templated":true}]}}