{"id":15825,"date":"2025-10-08T10:31:08","date_gmt":"2025-10-08T10:31:08","guid":{"rendered":"https:\/\/www.europesays.com\/lv\/15825\/"},"modified":"2025-10-08T10:31:08","modified_gmt":"2025-10-08T10:31:08","slug":"tramps-mudinajis-turciju-parliecinat-hamas-tvnet","status":"publish","type":"post","link":"https:\/\/www.europesays.com\/lv\/15825\/","title":{"rendered":"Tramps mudin\u0101jis Turciju p\u0101rliecin\u0101t &quot;Ham\u0101s&quot; &#8211; TVNET"},"content":{"rendered":"<ol>\n<li><a href=\"https:\/\/news.google.com\/rss\/articles\/CBMie0FVX3lxTE1yOGhKaW02MldELW90NWlBUDZCSHZ2emJqZ3V2MG93TWNKbFhIT0pMWE9KNFk3QTVIVWRBWjRqRnFlc0tCQk1XYVhNRHliN01qNWFiUVBDb1FmN1RQc01pRjJtcWpOX2FGYzRCQzRWSU1RNlBDcm1CMWZWaw?oc=5\" target=\"_blank\" rel=\"nofollow noopener\">Tramps mudin\u0101jis Turciju p\u0101rliecin\u0101t &#8220;Ham\u0101s&#8221;<\/a>&nbsp;&nbsp;TVNET<\/li>\n<li><a href=\"https:\/\/news.google.com\/rss\/articles\/CBMiuAFBVV95cUxNd0lsbTgza0xKVjFrSU1CUEtYWlZKSzNNRENOaldFcTVFamFhOHRnMG1ieHdreUtnV3o5Q29Kd082dTIwYXpfTjJmS1pzS2VJSDgyaE85ejBzQjNnZ2swbXc2dldhRHhXWnNuQzVWMVdYazZBbnZBUzBIdWdvbjYtZXJIb19EZE1KLTZSWmx6aHhLNnFIaDVPQzNVTnVMaTFIempvZWc3cGQ3b0NDaDZYcFluUUxxSkhk?oc=5\" target=\"_blank\" rel=\"nofollow noopener\">\u0112\u0123ipt\u0113 s\u0101ku\u0161\u0101s netie\u0161as Izra\u0113las un \u00abHam\u0101s\u00bb pamiera sarunas \/ Raksts<\/a>&nbsp;&nbsp;LSM<\/li>\n<li><a href=\"https:\/\/news.google.com\/rss\/articles\/CBMiogFBVV95cUxPLTlQTnNrRjl0MjVSaHlXeDYxMG8wOUsxUXZ0ODVuZWNpU3pDUktHdkFKTEZINjk1c3pjaTEyZzZoYjdySXZSVDN4NU84LXZvV3YybmVEdXd4ZFR5OFBpc2NDdVVaVFFZVU1xZk5obk16UGo5WnJHRVdZSFdFcWxfQ3BSb0M4TGpsZ2VqbW1rQVdzOEtwVW9BRUNNMWdub3B4S0E?oc=5\" target=\"_blank\" rel=\"nofollow noopener\">Pirm\u0101 sarunu k\u0101rta par Gazas miera pl\u0101nu nosl\u0113gusies &#8220;pozit\u012bv\u0101 gaisotn\u0113&#8221;<\/a>&nbsp;&nbsp;Apollo.lv<\/li>\n<li><a href=\"https:\/\/news.google.com\/rss\/articles\/CBMirgFBVV95cUxNWVM0bndrTzVnNGxZdnR6a1l3dXBXVFhnSTl5Q3FUYUNQUEhaSFQ4NjJkalFzTVNibUk0T2s4OVVLS2RJOWliYVN3M3lQSFlPamhkMllUQjBSN1U5dnYzcjdTU1hqTVNXbEpNR0o1eEtvQVozRUVTRVdUSXpfTFBSWkZac3BoZ0VjbXVMeF82MlR0ZVRxUEtRY3VIZ19IWmhubVZOc1RfRVFLTlZPMmc?oc=5\" target=\"_blank\" rel=\"nofollow noopener\">Tramps atkal draud &#8220;Hamas&#8221; teroristiem: no pirmdienas r\u0113\u0137inieties ar elli!<\/a>&nbsp;&nbsp;Jauns.lv<\/li>\n<li><a href=\"https:\/\/news.google.com\/rss\/articles\/CBMikwFBVV95cUxPWXFzOXQyemV5VnVfWWtyYmRuUTRNTFVvcFZYTnFnQXZnc1lHS2RtUmJKcU5yaUNGMkZ6MXo5UXNBOG1JWmRYdklQanQtd1ZZdVcyTzdSZ01ZUWcwOTFHTE1jQldlSkVsaENGbmVoUFpiWDgwZk9jandySk5Pc1RGMlI4TE5zOGpfMTVNVkxuQmRUSFk?oc=5\" target=\"_blank\" rel=\"nofollow noopener\">Izra\u0113la: M\u0113s atrodamies likten\u012bg\u0101s, iz\u0161\u0137iro\u0161aj\u0101s dien\u0101s<\/a>&nbsp;&nbsp;NRA<\/li>\n<\/ol>\n","protected":false},"excerpt":{"rendered":"Tramps mudin\u0101jis Turciju p\u0101rliecin\u0101t &#8220;Ham\u0101s&#8221;&nbsp;&nbsp;TVNET \u0112\u0123ipt\u0113 s\u0101ku\u0161\u0101s netie\u0161as Izra\u0113las un \u00abHam\u0101s\u00bb pamiera sarunas \/ Raksts&nbsp;&nbsp;LSM Pirm\u0101 sarunu k\u0101rta&hellip;\n","protected":false},"author":2,"featured_media":15826,"comment_status":"","ping_status":"","sticky":false,"template":"","format":"standard","meta":{"footnotes":""},"categories":[14],"tags":[23,57,28,29,542,32,33,1272,22,503,30,31,35,39,38,36,37,34,40,20,26,27,24,25,2380,54,55,56,21,58],"class_list":{"0":"post-15825","1":"post","2":"type-post","3":"status-publish","4":"format-standard","5":"has-post-thumbnail","7":"category-zinas-no-arvalstim","8":"tag-aktualitates","9":"tag-arvalstim","10":"tag-breaking-news","11":"tag-breakingnews","12":"tag-donalds-tramps","13":"tag-featured-news","14":"tag-featurednews","15":"tag-hamas","16":"tag-headlines","17":"tag-izraelas-palestiniesu-konflikts","18":"tag-latest-news","19":"tag-latestnews","20":"tag-latvia","21":"tag-latvian","22":"tag-latviesu","23":"tag-latviesu-valoda","24":"tag-latviesuvaloda","25":"tag-latvija","26":"tag-lv","27":"tag-news","28":"tag-popularakas-zinas","29":"tag-popularakaszinas","30":"tag-top-stories","31":"tag-topstories","32":"tag-turcija","33":"tag-world","34":"tag-world-news","35":"tag-worldnews","36":"tag-zinas","37":"tag-zinas-no-arvalstim"},"share_on_mastodon":{"url":"","error":""},"_links":{"self":[{"href":"https:\/\/www.europesays.com\/lv\/wp-json\/wp\/v2\/posts\/15825","targetHints":{"allow":["GET"]}}],"collection":[{"href":"https:\/\/www.europesays.com\/lv\/wp-json\/wp\/v2\/posts"}],"about":[{"href":"https:\/\/www.europesays.com\/lv\/wp-json\/wp\/v2\/types\/post"}],"author":[{"embeddable":true,"href":"https:\/\/www.europesays.com\/lv\/wp-json\/wp\/v2\/users\/2"}],"replies":[{"embeddable":true,"href":"https:\/\/www.europesays.com\/lv\/wp-json\/wp\/v2\/comments?post=15825"}],"version-history":[{"count":0,"href":"https:\/\/www.europesays.com\/lv\/wp-json\/wp\/v2\/posts\/15825\/revisions"}],"wp:featuredmedia":[{"embeddable":true,"href":"https:\/\/www.europesays.com\/lv\/wp-json\/wp\/v2\/media\/15826"}],"wp:attachment":[{"href":"https:\/\/www.europesays.com\/lv\/wp-json\/wp\/v2\/media?parent=15825"}],"wp:term":[{"taxonomy":"category","embeddable":true,"href":"https:\/\/www.europesays.com\/lv\/wp-json\/wp\/v2\/categories?post=15825"},{"taxonomy":"post_tag","embeddable":true,"href":"https:\/\/www.europesays.com\/lv\/wp-json\/wp\/v2\/tags?post=15825"}],"curies":[{"name":"wp","href":"https:\/\/api.w.org\/{rel}","templated":true}]}}