{"id":15839,"date":"2025-10-08T10:46:11","date_gmt":"2025-10-08T10:46:11","guid":{"rendered":"https:\/\/www.europesays.com\/lv\/15839\/"},"modified":"2025-10-08T10:46:11","modified_gmt":"2025-10-08T10:46:11","slug":"brigita-eglite-atzime-70-jubileju-ar-radoso-darbu-vakaru-un-kinokompilaciju-latvija-un-latviesi-lente-lv","status":"publish","type":"post","link":"https:\/\/www.europesays.com\/lv\/15839\/","title":{"rendered":"Brigita Egl\u012bte atz\u012bm\u0113 70. jubileju ar rado\u0161o darbu vakaru un kinokompil\u0101ciju &#8220;Latvija un latvie\u0161i&#8221;\u00a0\u2014\u00a0Lente.lv"},"content":{"rendered":"<p>Brigitas Egl\u012btes 70. jubileja: Ciltsst\u0101sts caur kino<\/p>\n<p>Kinore\u017eisores Brigitas Egl\u012btes 70. jubileja tika sagaid\u012bta ar \u012bpa\u0161u rado\u0161\u0101 darba vakaru Latvijas Kult\u016bras akad\u0113mij\u0101, apliecinot vi\u0146as noz\u012bm\u012bgo ieguld\u012bjumu Latvijas kino un kult\u016bras ain\u0101. \u0160is notikums, kas pulc\u0113ja gan kol\u0113\u0123us, gan kino entuziastus, atskat\u012bj\u0101s uz re\u017eisores daudzpus\u012bgo dai\u013cradi, izce\u013cot vi\u0146as sp\u0113ju ar kameras pal\u012bdz\u012bbu atspogu\u013cot gan Latvijas sabiedr\u012bbas norises, gan kult\u016brv\u0113sturiski noz\u012bm\u012bgus tematus.<\/p>\n<p>Ce\u013c\u0161 kino pasaul\u0113 un &#8220;Latvija un latvie\u0161i&#8221;<\/p>\n<p>Brigita Egl\u012bte, dzimusi 1955. gada 4. oktobr\u012b C\u0113s\u012bs, ir re\u017eisore, kuras karjera aptver vair\u0101kas desmitgades. P\u0113c Latvijas Valsts konservatorijas Kult\u016bras un m\u0101kslas zin\u0101t\u0146u fakult\u0101tes absolv\u0113\u0161anas 1978. gad\u0101, vi\u0146a uzs\u0101ka savu ce\u013cu R\u012bgas Kinostudij\u0101, str\u0101d\u0101jot gan k\u0101 re\u017eisora asistente, gan v\u0113l\u0101k veidojot kino\u017eurn\u0101lus un dokument\u0101l\u0101s \u012bsfilmas. Vi\u0146as darbi, piem\u0113ram, dokument\u0101lais inscen\u0113tais cikls &#8220;Latvju p\u016brs pieloc\u012bts&#8221; (1990\u20131993), v\u0113r\u012bgi un dzi\u013ci p\u0113t\u012bjis latvie\u0161u tautast\u0113rpus un ar tiem saist\u012btos ritu\u0101lus, atspogu\u013cojot Latvijas kult\u016bras kodus. Re\u017eisores dai\u013crad\u0113 \u012bpa\u0161u vietu ie\u0146em ar\u012b filmas par v\u0113sturi, medic\u012bnu, m\u0101kslu un soci\u0101li aktu\u0101l\u0101m t\u0113m\u0101m, liecinot par vi\u0146as pla\u0161o intere\u0161u loku un v\u0113lmi rosin\u0101t skat\u012bt\u0101ju domas.<\/p>\n<p>Jubilejas vakara centr\u0101lais notikums bija re\u017eisores kop\u0101 ar dz\u012bvesbiedru, kinooperatoru Valdi Egl\u012bti, izveidot\u0101 kinodarbu kompil\u0101cija &#8220;Latvija un latvie\u0161i&#8221;. \u0160is 90 min\u016b\u0161u garum\u0101 veidotais darbs ir k\u0101 vizu\u0101la odiseja cauri Egl\u012btes filmogr\u0101fijai, apvienojot fragmentus no vi\u0146as dokument\u0101laj\u0101m film\u0101m, sp\u0113lfilm\u0101m un kino\u017eurn\u0101liem. Kompil\u0101cij\u0101 iek\u013cautas gan agr\u0101k\u0101s filmas k\u0101 &#8220;Lietas&#8221; (1997), par kuru re\u017eisore sa\u0146\u0113musi galveno balvu Montekatini kinofestiv\u0101l\u0101 It\u0101lij\u0101, gan v\u0113l\u0101kie darbi, tai skait\u0101 vi\u0146as vien\u012bg\u0101 sp\u0113lfilma &#8220;Vien\u012bg\u0101 fotogr\u0101fija&#8221; (2008), kas velt\u012bta Latvijas valsts proklam\u0113\u0161anas v\u0113sturiskajam br\u012bdim. Citas iek\u013caut\u0101s filmas ir &#8220;Dzim\u0161anas diena&#8221; (2003), &#8220;Sest\u0101 diena&#8221; (2019), &#8220;Dubultportrets&#8221; (2015), &#8220;Recid\u012bvisti&#8221; (1998) un citas. \u0160is kompil\u0101cijas veids \u013cauj skat\u012bt\u0101jiem vienkopus iepaz\u012bt re\u017eisores skat\u012bjumu uz Latvijas identit\u0101ti, v\u0113sturi un cilv\u0113kiem da\u017e\u0101dos laika posmos.<\/p>\n<p>Valda Egl\u012b\u0161a ieguld\u012bjums un &#8220;Latvisk\u0101s identit\u0101tes atainojums film\u0101s&#8221;<\/p>\n<p>Brigita Egl\u012bte un Valdis Egl\u012btis ir rado\u0161s tand\u0113ms, kuru kop\u0113jie darbi apliecina dzi\u013cu izpratni par kino valodu un sp\u0113ju rad\u012bt emocion\u0101li pies\u0101tin\u0101tus darbus. Valdis Egl\u012btis, izcilais kinooperators un pedagogs, ir ne tikai veidojis vizu\u0101lo pusi daudz\u0101m no Brigitas film\u0101m, bet ar\u012b pats rakst\u012bjis par kino m\u0101kslu, piem\u0113ram, gr\u0101mat\u0101 &#8220;Filmas vizu\u0101l\u0101 stila nosl\u0113pumi&#8221;. Vi\u0146\u0161 ir ar\u012b autors gr\u0101matai &#8220;&#8230;gribu uz\u0146emt filmu!&#8221;, kur\u0101 skaidro film\u0113\u0161anas pamatus. Vi\u0146a karjera ir iespaid\u012bga, s\u0101kot no gaismot\u0101ja pal\u012bga R\u012bgas kinostudij\u0101 l\u012bdz pat Latvijas Kinematogr\u0101fistu savien\u012bbas priek\u0161s\u0113d\u0113t\u0101jam. Egl\u012b\u0161a darbs pie Brigitas Egl\u012btes dokument\u0101l\u0101s filmas &#8220;Sest\u0101 diena&#8221; (2019) tika nov\u0113rt\u0113ts ar Nacion\u0101lo kino balvu &#8220;Lielais Kristaps&#8221; par izcilu operatora darbu. <\/p>\n<p>Jubilejas vakaru papildin\u0101ja fotoizst\u0101de &#8220;Film\u0113\u0161anas mirk\u013ci&#8221;, sniedzot ieskatu aizkadra notikumos, un diskusija ar re\u017eisori par t\u0113mu &#8220;Latvisk\u0101s identit\u0101tes un nacion\u0101l\u0101s pa\u0161apzi\u0146as atainojums film\u0101s&#8221;. \u0160\u012b diskusija, ko vad\u012bja m\u0101ksliniece Ieva Romanova, \u013c\u0101va padzi\u013cin\u0101ti apl\u016bkot Brigitas Egl\u012btes filmu veidot\u0101s atzi\u0146as par to, k\u0101 kino atspogu\u013co un veido tautas pa\u0161apzi\u0146u. Vakara gait\u0101 skan\u0113ja ar\u012b flautistes Ditas Krenbergas muzik\u0101lais priek\u0161nesums, pie\u0161\u0137irot pas\u0101kumam svin\u012bgu un m\u0101ksliniecisku noska\u0146u.<\/p>\n<p>Kino k\u0101 spogulis un v\u0113st\u012bjums<\/p>\n<p>Brigita Egl\u012bte savos darbos bie\u017ei vien piev\u0113r\u0161as t\u0113m\u0101m, kas saist\u012btas ar Latvijas v\u0113sturi un tautas identit\u0101ti. Vi\u0146as filmas ir k\u0101 v\u0113st\u012bjumi, kas mudina skat\u012bt\u0101jus ne tikai atcer\u0113ties pag\u0101tni, bet ar\u012b apzin\u0101ties savu vietu tagadn\u0113. K\u0101 savulaik rakst\u012bjis te\u0101tra un kino kriti\u0137is Normunds Naumanis, &#8220;Brigitas Egl\u012btes st\u0101sti ir film\u0113ti ar smaidu, l\u0101dz\u012bgi, jo tie\u0161i t\u0101d\u0101 izteiksmes form\u0101 tie sakr\u012bt ar filmu varo\u0146iem.&#8221; \u0160\u012b pieeja \u013cauj skat\u012bt\u0101jam justies tuv\u0101k film\u0101s att\u0113lotajiem cilv\u0113kiem un notikumiem, radot dzi\u013c\u0101ku emocion\u0101lo saikni. Egl\u012btes kinokods ir cie\u0161i saist\u012bts ar m\u012blest\u012bbu pret Latviju un t\u0101s laiku \u2013 vi\u0146a sp\u0113j ieraudz\u012bt un par\u0101d\u012bt m\u016bsu tautas unik\u0101lo garu un sp\u0113c\u012bgo identit\u0101ti, kas izpau\u017eas gan v\u0113sturiskos notikumos, gan ikdienas dz\u012bv\u0113.<\/p>\n<p>Re\u017eisores darbu kolekcija ir pieejama ar\u012b Nacion\u0101l\u0101 Kino centra port\u0101l\u0101 filmas.lv, kur skat\u012bt\u0101ji var iepaz\u012bties ar vi\u0146as dokument\u0101laj\u0101m film\u0101m un kino\u017eurn\u0101liem, kas aizraujo\u0161i atspogu\u013co Latvijas sabiedr\u012bbu un kult\u016bru. \u0160\u012b retrospekcija ir noz\u012bm\u012bgs pas\u0101kums ne tikai Brigitas Egl\u012btes karjeras atz\u012bm\u0113\u0161anai, bet ar\u012b k\u0101 v\u0113rt\u012bgs ieguld\u012bjums Latvijas kino mantojuma saglab\u0101\u0161an\u0101 un populariz\u0113\u0161an\u0101.<\/p>\n","protected":false},"excerpt":{"rendered":"Brigitas Egl\u012btes 70. jubileja: Ciltsst\u0101sts caur kino Kinore\u017eisores Brigitas Egl\u012btes 70. jubileja tika sagaid\u012bta ar \u012bpa\u0161u rado\u0161\u0101 darba&hellip;\n","protected":false},"author":2,"featured_media":15840,"comment_status":"","ping_status":"","sticky":false,"template":"","format":"standard","meta":{"footnotes":""},"categories":[19],"tags":[4749,89,90,2916,5401,35,39,38,36,37,34,5402,1224,40],"class_list":{"0":"post-15839","1":"post","2":"type-post","3":"status-publish","4":"format-standard","5":"has-post-thumbnail","7":"category-izklaide","8":"tag-brigita-eglite","9":"tag-entertainment","10":"tag-izklaide","11":"tag-jubileja","12":"tag-kinorezisore","13":"tag-latvia","14":"tag-latvian","15":"tag-latviesu","16":"tag-latviesu-valoda","17":"tag-latviesuvaloda","18":"tag-latvija","19":"tag-latvija-un-latviesi","20":"tag-latvijas-kulturas-akademija","21":"tag-lv"},"share_on_mastodon":{"url":"","error":""},"_links":{"self":[{"href":"https:\/\/www.europesays.com\/lv\/wp-json\/wp\/v2\/posts\/15839","targetHints":{"allow":["GET"]}}],"collection":[{"href":"https:\/\/www.europesays.com\/lv\/wp-json\/wp\/v2\/posts"}],"about":[{"href":"https:\/\/www.europesays.com\/lv\/wp-json\/wp\/v2\/types\/post"}],"author":[{"embeddable":true,"href":"https:\/\/www.europesays.com\/lv\/wp-json\/wp\/v2\/users\/2"}],"replies":[{"embeddable":true,"href":"https:\/\/www.europesays.com\/lv\/wp-json\/wp\/v2\/comments?post=15839"}],"version-history":[{"count":0,"href":"https:\/\/www.europesays.com\/lv\/wp-json\/wp\/v2\/posts\/15839\/revisions"}],"wp:featuredmedia":[{"embeddable":true,"href":"https:\/\/www.europesays.com\/lv\/wp-json\/wp\/v2\/media\/15840"}],"wp:attachment":[{"href":"https:\/\/www.europesays.com\/lv\/wp-json\/wp\/v2\/media?parent=15839"}],"wp:term":[{"taxonomy":"category","embeddable":true,"href":"https:\/\/www.europesays.com\/lv\/wp-json\/wp\/v2\/categories?post=15839"},{"taxonomy":"post_tag","embeddable":true,"href":"https:\/\/www.europesays.com\/lv\/wp-json\/wp\/v2\/tags?post=15839"}],"curies":[{"name":"wp","href":"https:\/\/api.w.org\/{rel}","templated":true}]}}