{"id":1584,"date":"2025-09-22T08:55:08","date_gmt":"2025-09-22T08:55:08","guid":{"rendered":"https:\/\/www.europesays.com\/lv\/1584\/"},"modified":"2025-09-22T08:55:08","modified_gmt":"2025-09-22T08:55:08","slug":"bijusais-madrides-real-treneris-mateo-vadis-spanijas-izlasi","status":"publish","type":"post","link":"https:\/\/www.europesays.com\/lv\/1584\/","title":{"rendered":"Biju\u0161ais Madrides &#8220;Real&#8221; treneris Mateo vad\u012bs Sp\u0101nijas izlasi"},"content":{"rendered":"<p>Vieno\u0161an\u0101s ar 56 gadus veco speci\u0101listu nosl\u0113gta l\u012bdz 2029. gadam, kad Sp\u0101nij\u0101 norisin\u0101sies Eiropas \u010dempion\u0101ta fin\u0101lturn\u012brs. Vi\u0146\u0161 p\u0101r\u0146ems pien\u0101kumus no Serd\u017eo Skariolo, kura vad\u012bb\u0101 sp\u0101\u0146i \u0161\u012b gada Eiropas meistarsac\u012bkst\u0113s jau apak\u0161grup\u0101 nolika \u010dempionu pilnvaras.<\/p>\n<p>Mateo trenera arod\u0101 str\u0101d\u0101 kop\u0161 1991. gada, taj\u0101 skait\u0101 vadot ar\u012b Sp\u0101nijas U-16 izlasi.<\/p>\n<p>2014. gad\u0101 Mateo k\u013cuva par <a href=\"https:\/\/sports.tvnet.lv\/term\/600733\/pablo-laso\" class=\"topicLink\" target=\"_blank\" rel=\"nofollow noopener\">Pablo Laso<\/a> asistentu Madrides &#8220;Real&#8221; komand\u0101 un 2022. gad\u0101 p\u0101r\u0146\u0113ma komandas vad\u012bbu. 2023. gad\u0101 vi\u0146\u0161 madridie\u0161us aizveda l\u012bdz uzvarai Eirol\u012bg\u0101 un n\u0101kamaj\u0101 sezon\u0101 sa\u0146\u0113ma lab\u0101k\u0101 trenera balvu.<\/p>\n<p>Pie &#8220;Real&#8221; st\u016bres vi\u0146\u0161 k\u013cuva ar\u012b par divk\u0101rt\u0113ju Sp\u0101nijas \u010dempionu un uzvar\u0113ja Kara\u013ca kausa izc\u012b\u0146\u0101.<\/p>\n","protected":false},"excerpt":{"rendered":"Vieno\u0161an\u0101s ar 56 gadus veco speci\u0101listu nosl\u0113gta l\u012bdz 2029. gadam, kad Sp\u0101nij\u0101 norisin\u0101sies Eiropas \u010dempion\u0101ta fin\u0101lturn\u012brs. Vi\u0146\u0161 p\u0101r\u0146ems&hellip;\n","protected":false},"author":2,"featured_media":1585,"comment_status":"","ping_status":"","sticky":false,"template":"","format":"standard","meta":{"footnotes":""},"categories":[17],"tags":[1015,35,39,38,36,37,34,40,1016,67],"class_list":{"0":"post-1584","1":"post","2":"type-post","3":"status-publish","4":"format-standard","5":"has-post-thumbnail","7":"category-sports","8":"tag-eiropas-basketbola-cempionats","9":"tag-latvia","10":"tag-latvian","11":"tag-latviesu","12":"tag-latviesu-valoda","13":"tag-latviesuvaloda","14":"tag-latvija","15":"tag-lv","16":"tag-pablo-laso","17":"tag-sports"},"share_on_mastodon":{"url":"","error":""},"_links":{"self":[{"href":"https:\/\/www.europesays.com\/lv\/wp-json\/wp\/v2\/posts\/1584","targetHints":{"allow":["GET"]}}],"collection":[{"href":"https:\/\/www.europesays.com\/lv\/wp-json\/wp\/v2\/posts"}],"about":[{"href":"https:\/\/www.europesays.com\/lv\/wp-json\/wp\/v2\/types\/post"}],"author":[{"embeddable":true,"href":"https:\/\/www.europesays.com\/lv\/wp-json\/wp\/v2\/users\/2"}],"replies":[{"embeddable":true,"href":"https:\/\/www.europesays.com\/lv\/wp-json\/wp\/v2\/comments?post=1584"}],"version-history":[{"count":0,"href":"https:\/\/www.europesays.com\/lv\/wp-json\/wp\/v2\/posts\/1584\/revisions"}],"wp:featuredmedia":[{"embeddable":true,"href":"https:\/\/www.europesays.com\/lv\/wp-json\/wp\/v2\/media\/1585"}],"wp:attachment":[{"href":"https:\/\/www.europesays.com\/lv\/wp-json\/wp\/v2\/media?parent=1584"}],"wp:term":[{"taxonomy":"category","embeddable":true,"href":"https:\/\/www.europesays.com\/lv\/wp-json\/wp\/v2\/categories?post=1584"},{"taxonomy":"post_tag","embeddable":true,"href":"https:\/\/www.europesays.com\/lv\/wp-json\/wp\/v2\/tags?post=1584"}],"curies":[{"name":"wp","href":"https:\/\/api.w.org\/{rel}","templated":true}]}}