{"id":158571,"date":"2026-03-20T13:09:07","date_gmt":"2026-03-20T13:09:07","guid":{"rendered":"https:\/\/www.europesays.com\/lv\/158571\/"},"modified":"2026-03-20T13:09:07","modified_gmt":"2026-03-20T13:09:07","slug":"divos-rigas-bernudarzos-aizdomas-par-salmonelozes-uzliesmojumu-divi-berni-hospitalizeti","status":"publish","type":"post","link":"https:\/\/www.europesays.com\/lv\/158571\/","title":{"rendered":"Divos R\u012bgas b\u0113rnud\u0101rzos aizdomas par salmonelozes uzliesmojumu. Divi b\u0113rni hospitaliz\u0113ti"},"content":{"rendered":"<p>Taj\u0101 nor\u0101da, ka izgl\u012bt\u012bbas iest\u0101d\u0113s pirmie saslim\u0161anas simptomi par\u0101d\u012bj\u0101s 18. mart\u0101, bet inform\u0101ciju <a href=\"https:\/\/www.apollo.lv\/term\/571049\/spkc\" class=\"topicLink\" target=\"_blank\" rel=\"nofollow noopener\">SPKC<\/a> sa\u0146\u0113ma 19. mart\u0101, un uzreiz s\u0101ka epidemiolo\u0123isko izmekl\u0113\u0161anu.<\/p>\n<p>\u0160obr\u012bd konstat\u0113ti aptuveni 40 saslim\u0161anas gad\u012bjumi &#8211; gan starp b\u0113rniem, gan PII darbiniekiem. Gad\u012bjumu skaits v\u0113l var pieaugt, atz\u012bst SPKC. Saslim\u0161anas simptomi ir caureja un augsta temperat\u016bra.<\/p>\n<p>Divi saslimu\u0161ie b\u0113rni ir hospitaliz\u0113ti, bet p\u0101r\u0113jie \u0101rst\u0113jas ambulatori.<\/p>\n<p>SPKC nor\u0101da, ka p\u0113c s\u0101kotn\u0113jiem izmekl\u0113jumiem ir aizdomas par infic\u0113\u0161anos ar salmonelozi, tom\u0113r prec\u012bz\u0101ku inform\u0101ciju var\u0113s sniegt p\u0113c visiem laboratoriskajiem izmekl\u0113jumiem n\u0101kamned\u0113\u013c.<\/p>\n<p>Port\u0101ls &#8220;Delfi&#8221; v\u0113sta, ka saslim\u0161anas gad\u012bjumi konstat\u0113ti PII &#8220;Spr\u012bd\u012btis&#8221;, ko apstiprina ar\u012b SPKC, tom\u0113r otru izgl\u012bt\u012bbas iest\u0101di centrs neatkl\u0101j.<\/p>\n<p>P\u0101rtikas un veterin\u0101raj\u0101 dienest\u0101 (<a href=\"https:\/\/www.apollo.lv\/term\/565078\/pvd\" class=\"topicLink\" target=\"_blank\" rel=\"nofollow noopener\">PVD<\/a>) a\u0123ent\u016brai LETA skaidroja, ka, ceturtdien sa\u0146emot inform\u0101ciju no SPKC, dienests operat\u012bvi veica p\u0101rbaudes gan PII &#8220;Spr\u012bd\u012btis&#8221;, gan \u0113dienu gatavo\u0161anas viet\u0101 R\u012bgas 215. pirmsskolas izgl\u012bt\u012bbas iest\u0101d\u0113 R\u012bg\u0101, Usmas iel\u0101, jo PII &#8220;Spr\u012bd\u012btis&#8221; \u0113diens tiek pieg\u0101d\u0101ts no \u0161\u012bs iest\u0101des, nevis gatavots uz vietas.<\/p>\n","protected":false},"excerpt":{"rendered":"Taj\u0101 nor\u0101da, ka izgl\u012bt\u012bbas iest\u0101d\u0113s pirmie saslim\u0161anas simptomi par\u0101d\u012bj\u0101s 18. mart\u0101, bet inform\u0101ciju SPKC sa\u0146\u0113ma 19. mart\u0101, un&hellip;\n","protected":false},"author":2,"featured_media":118836,"comment_status":"","ping_status":"","sticky":false,"template":"","format":"standard","meta":{"footnotes":"","_share_on_mastodon":"0"},"categories":[5],"tags":[23,5928,28,29,32,33,22,30,31,35,39,38,36,37,34,40,20,26,27,4526,31739,1580,24,25,21],"class_list":["post-158571","post","type-post","status-publish","format-standard","has-post-thumbnail","category-aktualitates","tag-aktualitates","tag-bernudarzs","tag-breaking-news","tag-breakingnews","tag-featured-news","tag-featurednews","tag-headlines","tag-latest-news","tag-latestnews","tag-latvia","tag-latvian","tag-latviesu","tag-latviesu-valoda","tag-latviesuvaloda","tag-latvija","tag-lv","tag-news","tag-popularakas-zinas","tag-popularakaszinas","tag-pvd","tag-salmoneloze","tag-spkc","tag-top-stories","tag-topstories","tag-zinas"],"share_on_mastodon":{"url":"https:\/\/pubeurope.com\/@lv\/116261667762339368","error":""},"_links":{"self":[{"href":"https:\/\/www.europesays.com\/lv\/wp-json\/wp\/v2\/posts\/158571","targetHints":{"allow":["GET"]}}],"collection":[{"href":"https:\/\/www.europesays.com\/lv\/wp-json\/wp\/v2\/posts"}],"about":[{"href":"https:\/\/www.europesays.com\/lv\/wp-json\/wp\/v2\/types\/post"}],"author":[{"embeddable":true,"href":"https:\/\/www.europesays.com\/lv\/wp-json\/wp\/v2\/users\/2"}],"replies":[{"embeddable":true,"href":"https:\/\/www.europesays.com\/lv\/wp-json\/wp\/v2\/comments?post=158571"}],"version-history":[{"count":0,"href":"https:\/\/www.europesays.com\/lv\/wp-json\/wp\/v2\/posts\/158571\/revisions"}],"wp:featuredmedia":[{"embeddable":true,"href":"https:\/\/www.europesays.com\/lv\/wp-json\/wp\/v2\/media\/118836"}],"wp:attachment":[{"href":"https:\/\/www.europesays.com\/lv\/wp-json\/wp\/v2\/media?parent=158571"}],"wp:term":[{"taxonomy":"category","embeddable":true,"href":"https:\/\/www.europesays.com\/lv\/wp-json\/wp\/v2\/categories?post=158571"},{"taxonomy":"post_tag","embeddable":true,"href":"https:\/\/www.europesays.com\/lv\/wp-json\/wp\/v2\/tags?post=158571"}],"curies":[{"name":"wp","href":"https:\/\/api.w.org\/{rel}","templated":true}]}}