{"id":15858,"date":"2025-10-08T11:07:10","date_gmt":"2025-10-08T11:07:10","guid":{"rendered":"https:\/\/www.europesays.com\/lv\/15858\/"},"modified":"2025-10-08T11:07:10","modified_gmt":"2025-10-08T11:07:10","slug":"pec-apsardzes-limena-pazeminasanas-apturejis-darbu-cihanouskas-birojs-lietuva","status":"publish","type":"post","link":"https:\/\/www.europesays.com\/lv\/15858\/","title":{"rendered":"P\u0113c apsardzes l\u012bme\u0146a pazemin\u0101\u0161anas aptur\u0113jis darbu Cihanouskas birojs Lietuv\u0101"},"content":{"rendered":"<p>Savuk\u0101rt Lietuvas premjerministre Inga Ruginiene tre\u0161dien pazi\u0146oja, ka l\u0113mums pie\u0146emts, izv\u0113rt\u0113jot pa\u0161reiz\u0113jo draudu l\u012bmeni.<\/p>\n<p>&#8220;Apsardze nav atcelta. <a href=\"https:\/\/www.tvnet.lv\/term\/564459\/apsardze\" class=\"topicLink\" target=\"_blank\" rel=\"nofollow noopener\">Apsardze<\/a> ir izv\u0113l\u0113ta atbilsto\u0161i draudu l\u012bmenim,&#8221; \u017eurn\u0101listiem sac\u012bja vald\u012bbas vad\u012bt\u0101ja.<\/p>\n<p>&#8220;Dienesti dara lielisku darbu, katru dienu izv\u0113rt\u0113jot apdraud\u0113juma l\u012bmeni un, pamatojoties uz to, model\u0113jot, k\u0101da apsardze b\u016btu j\u0101izmanto. Svjatlanai Cihanouskai ir apsardze, bet t\u0101 ir piel\u0101gota \u0161odienas realit\u0101tei,&#8221; teica Ruginiene.<\/p>\n<p>K\u0101 v\u0113st\u012bts, LRT otrdien zi\u0146oja, ka <a href=\"https:\/\/www.tvnet.lv\/term\/555429\/lietuva\" class=\"topicLink\" target=\"_blank\" rel=\"nofollow noopener\">Lietuva<\/a> samazin\u0101jusi Cihanouskas apsardzes l\u012bmeni.<\/p>\n<p>P\u0113c apsardzes l\u012bme\u0146a samazin\u0101\u0161anas par Cihanouskas apsardzi g\u0101d\u0101 nevis Vad\u012bbas apsardzes dienests, kas l\u012bdz \u0161im nodro\u0161in\u0101ja Cihanouskai valsts vad\u012bbas l\u012bme\u0146a apsardzi, k\u0101da ir Lietuvas prezidentam, Seima sp\u012bkeram un premjerministram, bet Krimin\u0101lpolicijas birojs, kas nodro\u0161ina apsardzi person\u0101m, kuras objekt\u012bvi var saskarties ar noteiktiem draudiem.<\/p>\n<p>L\u0113muma \u012bsteno\u0161ana s\u0101k\u0101s 1.oktobr\u012b ar p\u0101rejas periodu l\u012bdz novembrim, v\u0113st\u012bja LRT.<\/p>\n<p>Vad\u012bbas apsardzes dienests s\u0101ka apsarg\u0101t Cihanousku, kad vi\u0146a 2020.gad\u0101 ierad\u0101s Lietuv\u0101 p\u0113c tam, kad bija spiesta atst\u0101t Baltkrieviju.<\/p>\n<p>P\u0113c LRT avotu teikt\u0101. vi\u0146as apsardze valsts vad\u012bbas l\u012bmen\u012b un papildu pakalpojumi valstij izmaks\u0101ju\u0161i aptuveni vienu miljonu eiro gad\u0101, tostarp diennakts fizisk\u0101 apsardze Lietuv\u0101 un \u0101rvalst\u012bs, apsardzes automa\u0161\u012bnas, rezidences uztur\u0113\u0161ana un VIP z\u0101\u013cu izmanto\u0161ana lidost\u0101s.<\/p>\n<p>Izmaksas par lidostu VIP z\u0101\u013cu izmanto\u0161anu 2024.gad\u0101 bija 129 t\u016bksto\u0161i eiro, bet 2023.gad\u0101 &#8211; 92 t\u016bksto\u0161i eiro.<\/p>\n","protected":false},"excerpt":{"rendered":"Savuk\u0101rt Lietuvas premjerministre Inga Ruginiene tre\u0161dien pazi\u0146oja, ka l\u0113mums pie\u0146emts, izv\u0113rt\u0113jot pa\u0161reiz\u0113jo draudu l\u012bmeni. &#8220;Apsardze nav atcelta. Apsardze&hellip;\n","protected":false},"author":2,"featured_media":15859,"comment_status":"","ping_status":"","sticky":false,"template":"","format":"standard","meta":{"footnotes":""},"categories":[14],"tags":[23,5454,57,2416,28,29,32,33,22,30,31,35,39,38,36,37,34,1464,40,20,26,27,5220,24,25,3395,54,55,56,21,58],"class_list":{"0":"post-15858","1":"post","2":"type-post","3":"status-publish","4":"format-standard","5":"has-post-thumbnail","7":"category-zinas-no-arvalstim","8":"tag-aktualitates","9":"tag-apsardze","10":"tag-arvalstim","11":"tag-baltkrievija","12":"tag-breaking-news","13":"tag-breakingnews","14":"tag-featured-news","15":"tag-featurednews","16":"tag-headlines","17":"tag-latest-news","18":"tag-latestnews","19":"tag-latvia","20":"tag-latvian","21":"tag-latviesu","22":"tag-latviesu-valoda","23":"tag-latviesuvaloda","24":"tag-latvija","25":"tag-lietuva","26":"tag-lv","27":"tag-news","28":"tag-popularakas-zinas","29":"tag-popularakaszinas","30":"tag-svjatlana-cihanouska","31":"tag-top-stories","32":"tag-topstories","33":"tag-vilna","34":"tag-world","35":"tag-world-news","36":"tag-worldnews","37":"tag-zinas","38":"tag-zinas-no-arvalstim"},"share_on_mastodon":{"url":"","error":""},"_links":{"self":[{"href":"https:\/\/www.europesays.com\/lv\/wp-json\/wp\/v2\/posts\/15858","targetHints":{"allow":["GET"]}}],"collection":[{"href":"https:\/\/www.europesays.com\/lv\/wp-json\/wp\/v2\/posts"}],"about":[{"href":"https:\/\/www.europesays.com\/lv\/wp-json\/wp\/v2\/types\/post"}],"author":[{"embeddable":true,"href":"https:\/\/www.europesays.com\/lv\/wp-json\/wp\/v2\/users\/2"}],"replies":[{"embeddable":true,"href":"https:\/\/www.europesays.com\/lv\/wp-json\/wp\/v2\/comments?post=15858"}],"version-history":[{"count":0,"href":"https:\/\/www.europesays.com\/lv\/wp-json\/wp\/v2\/posts\/15858\/revisions"}],"wp:featuredmedia":[{"embeddable":true,"href":"https:\/\/www.europesays.com\/lv\/wp-json\/wp\/v2\/media\/15859"}],"wp:attachment":[{"href":"https:\/\/www.europesays.com\/lv\/wp-json\/wp\/v2\/media?parent=15858"}],"wp:term":[{"taxonomy":"category","embeddable":true,"href":"https:\/\/www.europesays.com\/lv\/wp-json\/wp\/v2\/categories?post=15858"},{"taxonomy":"post_tag","embeddable":true,"href":"https:\/\/www.europesays.com\/lv\/wp-json\/wp\/v2\/tags?post=15858"}],"curies":[{"name":"wp","href":"https:\/\/api.w.org\/{rel}","templated":true}]}}