{"id":1590,"date":"2025-09-22T09:00:06","date_gmt":"2025-09-22T09:00:06","guid":{"rendered":"https:\/\/www.europesays.com\/lv\/1590\/"},"modified":"2025-09-22T09:00:06","modified_gmt":"2025-09-22T09:00:06","slug":"zinatne-kars-un-nakotnes-pravietojumi-uz-skatuves-lente-lv","status":"publish","type":"post","link":"https:\/\/www.europesays.com\/lv\/1590\/","title":{"rendered":"zin\u0101tne, kar\u0161 un n\u0101kotnes pravietojumi uz skatuves\u00a0\u2014\u00a0Lente.lv"},"content":{"rendered":"<p>Jaunais Dailes te\u0101tra iestud\u0113jums \u201cOr\u0101kuls\u201d \u2013 dzi\u013c\u0161 ieskats zin\u0101tnes, kara un n\u0101kotnes mijiedarb\u0113<\/p>\n<p>Dailes te\u0101tr\u012b \u0161odien, 22. septembr\u012b, pirmizr\u0101di piedz\u012bvojis v\u0113rien\u012bgais un satrieco\u0161ais jauniestud\u0113jums \u201cOr\u0101kuls\u201d, kas ir otrais po\u013cu re\u017eisora Luka\u0161a Tvarkovska kopdarbs ar Latvijas nacion\u0101lo te\u0101tri. Izr\u0101de, kas jau ieguvusi starptautisku atzin\u012bbu, pasaules pirmizr\u0101di piedz\u012bvoja 28. august\u0101 V\u0101cij\u0101, presti\u017e\u0101s R\u016bras trienn\u0101les programm\u0101, apliecinot Dailes te\u0101tra sp\u0113c\u012bgo poz\u012bciju Eiropas kult\u016bras ainav\u0101.<\/p>\n<p>Zin\u0101tnes trilo\u0123ijas otr\u0101 da\u013ca: S\u0101koties kara \u0113nai<\/p>\n<p>\u201cOr\u0101kuls\u201d ir noz\u012bm\u012bga da\u013ca no re\u017eisora zin\u0101tnes trilo\u0123ijas, aizs\u0101kot jaunu noda\u013cu, kas p\u0113ta zin\u0101tnes un kara savstarp\u0113jo saist\u012bbu. \u0160is iestud\u0113jums iedzi\u013cin\u0101s sare\u017e\u0123\u012btaj\u0101 un reiz\u0113m tum\u0161aj\u0101 Alana Tj\u016bringa, ang\u013cu matem\u0101ti\u0137a, lo\u0123i\u0137a un m\u0101ksl\u012bg\u0101 intelekta testa rad\u012bt\u0101ja, dz\u012bves un darba pasaul\u0113 Otr\u0101 pasaules kara laik\u0101. Izr\u0101de atkl\u0101j Tj\u016bringa atkl\u0101jumus saist\u012bb\u0101 ar dabisko un m\u0101ksl\u012bgo intelektu, \u012bpa\u0161i koncentr\u0113joties uz vi\u0146a darbu Blet\u010dlija park\u0101, kur tika rad\u012bts pirmais dators ar m\u0113r\u0137i at\u0161ifr\u0113t nacistisk\u0101s V\u0101cijas armijas slepen\u0101s zi\u0146as, t\u0101d\u0113j\u0101di pal\u012bdzot sa\u012bsin\u0101t posto\u0161o karu. Ta\u010du izr\u0101de neaprobe\u017eojas tikai ar v\u0113sturisku faktu rekonstrukciju; t\u0101 atspogu\u013co ar\u012b Tj\u016bringa person\u012bg\u0101s dz\u012bves tra\u0123\u0113diju \u2013 to, k\u0101 vald\u012bba, kas pa\u013c\u0101v\u0101s uz vi\u0146a \u0123enialit\u0101ti, v\u0113l\u0101k vi\u0146u vaj\u0101ja vi\u0146a seksu\u0101l\u0101s identit\u0101tes d\u0113\u013c, novestot l\u012bdz piespiedu kastr\u0101cijai.<\/p>\n<p>Te\u0101tra un kino sapl\u016bsme: Vizu\u0101la un konceptu\u0101la pieredze<\/p>\n<p>Viena no \u201cOr\u0101kula\u201d izcil\u0101kaj\u0101m iez\u012bm\u0113m ir t\u0101s sp\u0113ja sapludin\u0101t te\u0101tra un kino izteiksmes l\u012bdzek\u013cus, radot patiesi multimedi\u0101lu un ieskaujo\u0161u pieredzi. Re\u017eisors Tvarkovskis, kur\u0161 paz\u012bstams ar savu sp\u0113ju jaukto robe\u017eas starp te\u0101tri un realit\u0101ti, \u0161oreiz ir rad\u012bjis l\u012bdz \u0161im v\u0113rien\u012bg\u0101ko iestud\u0113jumu Dailes te\u0101tr\u012b. Izr\u0101des laik\u0101 uz skatuves l\u012bdz\u0101s aktieriem str\u0101d\u0101 video operatori, kas veido tie\u0161raides transl\u0101cijas un izmanto kinematogr\u0101fiskus pa\u0146\u0113mienus, izpl\u016bdinot realit\u0101tes un il\u016bzijas robe\u017eas. Tiek izmantotas inovat\u012bvas tehnolo\u0123ijas, piem\u0113ram, termoatt\u0113la un infrasarkan\u0101s kameras, kas simboliski transform\u0113jas no videom\u0101kslas r\u012bkiem par kara iero\u010diem, pie\u0161\u0137irot izr\u0101dei dzi\u013c\u0101ku, provokat\u012bvu sl\u0101ni. Imers\u012bv\u0101s ska\u0146as ainavas un iespaid\u012bg\u0101s kino projekcijas v\u0113l vair\u0101k pastiprina \u0161o pieredzi, vedot skat\u012bt\u0101jus gan caur p\u0113ckara Lielbrit\u0101nijas ain\u0101m, gan p\u0101rlaic\u012bg\u0101m digit\u0101l\u0101m pasaul\u0113m.<\/p>\n<p>Kopdarbs ar starptautisku komandu un pla\u0161a panor\u0101ma<\/p>\n<p>\u201cOr\u0101kuls\u201d ir augst\u0101k\u0101s raudzes kopdarbs, kas apvieno gandr\u012bz 40 rado\u0161\u0101s un tehnisk\u0101s komandas dal\u012bbniekus no da\u017e\u0101d\u0101m valst\u012bm. \u0160is projekts ir rezult\u0101ts veiksm\u012bgai sadarb\u012bbai ar vair\u0101kiem Eiropas te\u0101triem un festiv\u0101liem, tostarp ar R\u016bras trienn\u0101li, kas apliecina Dailes te\u0101tra starptautisko reput\u0101ciju un sp\u0113ju veidot noz\u012bm\u012bgu m\u0101kslas dialogu pasaules m\u0113rog\u0101. Izr\u0101des veido\u0161an\u0101 piedal\u012bju\u0161ies t\u0101di m\u0101kslinieki k\u0101 dramatur\u0123e Anka Herbuta, scenogr\u0101fs Fabj\u0113ns Led\u0113, kost\u012bmu m\u0101ksliniece Svenja Gasena un komponists Juleks Ploskis, radot vizu\u0101li satrieco\u0161u un konceptu\u0101li provokat\u012bvu darbu. Izr\u0101de liek aizdom\u0101ties par n\u0101kotnes pravietojumiem un tehnolo\u0123iju aizskatuv\u0113m, kas jau \u0161obr\u012bd b\u016btiski ietekm\u0113 m\u016bsu dz\u012bvi, pied\u0101v\u0101jot skat\u012bt\u0101jiem neaizmirstamu un pr\u0101tu rosino\u0161u pieredzi.<\/p>\n<p>\u0160is v\u0113rien\u012bgais iestud\u0113jums, kura bud\u017eets p\u0101rsniedz pat pusmiljonu eiro, ir viens no d\u0101rg\u0101kajiem jauniestud\u0113jumiem Latvijas te\u0101tra v\u0113stur\u0113, un t\u0101 rad\u012b\u0161ana apliecina Dailes te\u0101tra gatav\u012bbu invest\u0113t augstas kvalit\u0101tes m\u0101ksl\u0101 un starptautisk\u0101 sadarb\u012bb\u0101. \u201cOr\u0101kuls\u201d ir ne tikai te\u0101tra notikums, bet ar\u012b platforma diskusij\u0101m par tehnolo\u0123iju att\u012bst\u012bbu, zin\u0101tnes lomu sabiedr\u012bb\u0101 un kara tehnolo\u0123iju \u0113tisko dimensiju, aicinot skat\u012bt\u0101jus dzi\u013c\u0101k izprast m\u016bsu digit\u0101l\u0101s laikmetu un t\u0101 neizb\u0113gamo ietekmi uz cilv\u0113ces n\u0101kotni.<\/p>\n","protected":false},"excerpt":{"rendered":"Jaunais Dailes te\u0101tra iestud\u0113jums \u201cOr\u0101kuls\u201d \u2013 dzi\u013c\u0161 ieskats zin\u0101tnes, kara un n\u0101kotnes mijiedarb\u0113 Dailes te\u0101tr\u012b \u0161odien, 22. septembr\u012b,&hellip;\n","protected":false},"author":2,"featured_media":1591,"comment_status":"","ping_status":"","sticky":false,"template":"","format":"standard","meta":{"footnotes":""},"categories":[19],"tags":[1019,454,89,90,1018,35,39,38,36,37,34,455,40,1017],"class_list":{"0":"post-1590","1":"post","2":"type-post","3":"status-publish","4":"format-standard","5":"has-post-thumbnail","7":"category-izklaide","8":"tag-alans-tjurings","9":"tag-dailes-teatris","10":"tag-entertainment","11":"tag-izklaide","12":"tag-jauniestudejums","13":"tag-latvia","14":"tag-latvian","15":"tag-latviesu","16":"tag-latviesu-valoda","17":"tag-latviesuvaloda","18":"tag-latvija","19":"tag-lukass-tvarkovskis","20":"tag-lv","21":"tag-orakuls"},"share_on_mastodon":{"url":"","error":""},"_links":{"self":[{"href":"https:\/\/www.europesays.com\/lv\/wp-json\/wp\/v2\/posts\/1590","targetHints":{"allow":["GET"]}}],"collection":[{"href":"https:\/\/www.europesays.com\/lv\/wp-json\/wp\/v2\/posts"}],"about":[{"href":"https:\/\/www.europesays.com\/lv\/wp-json\/wp\/v2\/types\/post"}],"author":[{"embeddable":true,"href":"https:\/\/www.europesays.com\/lv\/wp-json\/wp\/v2\/users\/2"}],"replies":[{"embeddable":true,"href":"https:\/\/www.europesays.com\/lv\/wp-json\/wp\/v2\/comments?post=1590"}],"version-history":[{"count":0,"href":"https:\/\/www.europesays.com\/lv\/wp-json\/wp\/v2\/posts\/1590\/revisions"}],"wp:featuredmedia":[{"embeddable":true,"href":"https:\/\/www.europesays.com\/lv\/wp-json\/wp\/v2\/media\/1591"}],"wp:attachment":[{"href":"https:\/\/www.europesays.com\/lv\/wp-json\/wp\/v2\/media?parent=1590"}],"wp:term":[{"taxonomy":"category","embeddable":true,"href":"https:\/\/www.europesays.com\/lv\/wp-json\/wp\/v2\/categories?post=1590"},{"taxonomy":"post_tag","embeddable":true,"href":"https:\/\/www.europesays.com\/lv\/wp-json\/wp\/v2\/tags?post=1590"}],"curies":[{"name":"wp","href":"https:\/\/api.w.org\/{rel}","templated":true}]}}