{"id":15913,"date":"2025-10-08T11:56:11","date_gmt":"2025-10-08T11:56:11","guid":{"rendered":"https:\/\/www.europesays.com\/lv\/15913\/"},"modified":"2025-10-08T11:56:11","modified_gmt":"2025-10-08T11:56:11","slug":"jekabpils-slimnicai-jauns-posms-planotas-izmainas-veselibas-aprupes-sistema-jekabpils-laiks-jekabpils-zinas","status":"publish","type":"post","link":"https:\/\/www.europesays.com\/lv\/15913\/","title":{"rendered":"J\u0113kabpils slimn\u012bcai jauns posms \u2013 pl\u0101notas izmai\u0146as vesel\u012bbas apr\u016bpes sist\u0113m\u0101 \/ J\u0113kabpils Laiks: J\u0113kabpils zi\u0146as"},"content":{"rendered":"<p>Vesel\u012bbas apr\u016bpes p\u0101rvaldes v\u012bzija paredz da\u017e\u0101du profilu un l\u012bme\u0146u slimn\u012bcu apvieno\u0161anu ekosist\u0113m\u0101s, un taj\u0101s pl\u0101nots iek\u013caut ar\u012b J\u0113kabpils re\u0123ion\u0101lo slimn\u012bcu, paredz Saeimas Soci\u0101lo un darba lietu komisijas s\u0113d\u0113 prezent\u0113tais Vesel\u012bbas ministrijas (VM) pl\u0101ns.<\/p>\n<p>Diskusij\u0101 par Valsts kontroles veikto rev\u012bziju \u201cVai stacion\u0101r\u0101 vesel\u012bbas apr\u016bpe tiek pl\u0101nota un organiz\u0113ta efekt\u012bvi?\u201d ministrija inform\u0113ja, ka top jauna slimn\u012bcu p\u0101rvald\u012bbas koncepcija, kuras m\u0113r\u0137is ir izveidot funkcion\u0101lu un sadarb\u012bb\u0101 balst\u012btu slimn\u012bcu t\u012bklu.<\/p>\n<p>VM iecere paredz, ka R\u012bgas Austrumu kl\u012bnisk\u0101s universit\u0101tes slimn\u012bcas ekosist\u0113m\u0101 ietilptu ar\u012b Daugavpils, R\u0113zeknes, J\u0113kabpils, Vidzemes un citas tre\u0161\u0101 l\u012bme\u0146a slimn\u012bcas. \u0160aj\u0101 ekosist\u0113m\u0101 pl\u0101nots nodro\u0161in\u0101t dzemdniec\u012bbas, traumatolo\u0123ijas un m\u0101jas apr\u016bpes pakalpojumus.<\/p>\n<p>Savuk\u0101rt Paula Stradi\u0146a kl\u012bnisk\u0101s universit\u0101tes slimn\u012bcas ekosist\u0113m\u0101 b\u016btu iek\u013cauta traumatolo\u0123ijas un hronisko pacientu apr\u016bpe, k\u0101 ar\u012b R\u012bgas 2. slimn\u012bcas p\u0101rprofil\u0113\u0161ana. \u0160aj\u0101 grup\u0101 b\u016btu ar\u012b Liep\u0101jas, Ventspils un Jelgavas slimn\u012bcas.<\/p>\n<p>Atsevi\u0161\u0137i veidota psihisk\u0101s vesel\u012bbas ekosist\u0113ma, kur\u0101 darbotos Nacion\u0101lais psihisk\u0101s vesel\u012bbas centrs, Daugavpils psihoneirolo\u0123isk\u0101 slimn\u012bca, \u201c\u0122intermui\u017ea\u201d, Piej\u016bras un Stren\u010du slimn\u012bcas, k\u0101 ar\u012b b\u0113rnu vesel\u012bbas sist\u0113ma, apvienojot B\u0113rnu slimn\u012bcu, pusaud\u017eu resursu centrus un Aina\u017eu psihoneirolo\u0123isko slimn\u012bcu.<\/p>\n<p>VM nor\u0101da, ka tuv\u0101k dz\u012bvesvietai iedz\u012bvot\u0101jiem b\u016btu j\u0101nodro\u0161ina neatliekam\u0101 pal\u012bdz\u012bba, paliat\u012bv\u0101 un ambulator\u0101 apr\u016bpe, bet specializ\u0113t\u0101 pal\u012bdz\u012bba \u2013 liel\u0101kajos centros.<\/p>\n<p>Konkr\u0113tas izmai\u0146as slimn\u012bcu t\u012bkl\u0101 v\u0113l netika atkl\u0101tas, ta\u010du ministrija pl\u0101no p\u0101rskat\u012bt neatliekam\u0101s medic\u012bnas un uz\u0146em\u0161anas noda\u013cu t\u012bklu, stacion\u0101ro pakalpojumu profilus un finans\u0113juma modeli.<\/p>\n<p>Valsts kontrole atg\u0101din\u0101ja, ka slimn\u012bc\u0101m ik gadu tiek novirz\u012bti vair\u0101k nek\u0101 700 miljoni eiro jeb 40% no vesel\u012bbas apr\u016bpes bud\u017eeta, tom\u0113r eso\u0161ais t\u012bkls ir sadrumstalots, l\u012bme\u0146u sist\u0113ma nestr\u0101d\u0101 un finans\u0113jums tiek piel\u0101gots nevis vajadz\u012bb\u0101m, bet iesp\u0113j\u0101m.<\/p>\n<p>VM sola \u0161\u012bs probl\u0113mas risin\u0101t ar p\u0101rskat\u012btu slimn\u012bcu sadarb\u012bbas modeli, kur\u0101 universit\u0101\u0161u slimn\u012bcas k\u013c\u016btu par vado\u0161ajiem centriem ar metodisko vad\u012bbu un kvalit\u0101tes uzraudz\u012bbu.<\/p>\n","protected":false},"excerpt":{"rendered":"Vesel\u012bbas apr\u016bpes p\u0101rvaldes v\u012bzija paredz da\u017e\u0101du profilu un l\u012bme\u0146u slimn\u012bcu apvieno\u0161anu ekosist\u0113m\u0101s, un taj\u0101s pl\u0101nots iek\u013caut ar\u012b J\u0113kabpils&hellip;\n","protected":false},"author":2,"featured_media":15914,"comment_status":"","ping_status":"","sticky":false,"template":"","format":"standard","meta":{"footnotes":""},"categories":[12],"tags":[23,28,29,32,33,22,987,986,30,31,35,39,38,36,37,34,40,20,26,27,24,25,21],"class_list":{"0":"post-15913","1":"post","2":"type-post","3":"status-publish","4":"format-standard","5":"has-post-thumbnail","7":"category-latvija","8":"tag-aktualitates","9":"tag-breaking-news","10":"tag-breakingnews","11":"tag-featured-news","12":"tag-featurednews","13":"tag-headlines","14":"tag-jekabpils-zinas","15":"tag-jekabpilslaiks","16":"tag-latest-news","17":"tag-latestnews","18":"tag-latvia","19":"tag-latvian","20":"tag-latviesu","21":"tag-latviesu-valoda","22":"tag-latviesuvaloda","23":"tag-latvija","24":"tag-lv","25":"tag-news","26":"tag-popularakas-zinas","27":"tag-popularakaszinas","28":"tag-top-stories","29":"tag-topstories","30":"tag-zinas"},"share_on_mastodon":{"url":"","error":""},"_links":{"self":[{"href":"https:\/\/www.europesays.com\/lv\/wp-json\/wp\/v2\/posts\/15913","targetHints":{"allow":["GET"]}}],"collection":[{"href":"https:\/\/www.europesays.com\/lv\/wp-json\/wp\/v2\/posts"}],"about":[{"href":"https:\/\/www.europesays.com\/lv\/wp-json\/wp\/v2\/types\/post"}],"author":[{"embeddable":true,"href":"https:\/\/www.europesays.com\/lv\/wp-json\/wp\/v2\/users\/2"}],"replies":[{"embeddable":true,"href":"https:\/\/www.europesays.com\/lv\/wp-json\/wp\/v2\/comments?post=15913"}],"version-history":[{"count":0,"href":"https:\/\/www.europesays.com\/lv\/wp-json\/wp\/v2\/posts\/15913\/revisions"}],"wp:featuredmedia":[{"embeddable":true,"href":"https:\/\/www.europesays.com\/lv\/wp-json\/wp\/v2\/media\/15914"}],"wp:attachment":[{"href":"https:\/\/www.europesays.com\/lv\/wp-json\/wp\/v2\/media?parent=15913"}],"wp:term":[{"taxonomy":"category","embeddable":true,"href":"https:\/\/www.europesays.com\/lv\/wp-json\/wp\/v2\/categories?post=15913"},{"taxonomy":"post_tag","embeddable":true,"href":"https:\/\/www.europesays.com\/lv\/wp-json\/wp\/v2\/tags?post=15913"}],"curies":[{"name":"wp","href":"https:\/\/api.w.org\/{rel}","templated":true}]}}