{"id":15925,"date":"2025-10-08T12:03:09","date_gmt":"2025-10-08T12:03:09","guid":{"rendered":"https:\/\/www.europesays.com\/lv\/15925\/"},"modified":"2025-10-08T12:03:09","modified_gmt":"2025-10-08T12:03:09","slug":"ar-socialo-kampanu-pasazieriem-tiks-atgadinats-ka-ari-vini-var-ietekmet-satiksmes-drosibu","status":"publish","type":"post","link":"https:\/\/www.europesays.com\/lv\/15925\/","title":{"rendered":"Ar soci\u0101lo kampa\u0146u pasa\u017eieriem tiks atg\u0101din\u0101ts, ka ar\u012b vi\u0146i var ietekm\u0113t satiksmes dro\u0161\u012bbu"},"content":{"rendered":"<p><img decoding=\"async\" class=\"figure__image\" onclick=\"triggerEvent('articleImageClick', { id: 17198393, focus: 'single-image', focusIndex: '17198393' })\" onkeydown=\"if (event.key === 'Enter') {&#10;        triggerEvent('articleImageClick', { id: 17198393, focus: 'single-image', focusIndex: '17198393' })&#10;        }\" role=\"button\" tabindex=\"0\" data-focus-from=\"single-image\" data-focus-index=\"17198393\" src=\"https:\/\/www.europesays.com\/lv\/wp-content\/uploads\/2025\/10\/17198393t1hdbc1.jpg\" onload=\"this.parentElement.classList.remove('figure__image-loading')\" alt=\"Grafiks.\"\/>Grafiks. Foto: Latvijas Valsts Ce\u013ci<\/p>\n<p>Eksperti ir formul\u0113ju\u0161i univers\u0101lu ieteikumu, k\u0101 pateikt, ka tev ir bail: run\u0101 par uzved\u012bbu, nerun\u0101 par person\u012bbu, run\u0101 par sav\u0101m emocij\u0101m, k\u0101 tu j\u016bties, un pied\u0101v\u0101 izeju, ko dar\u012bt, lai situ\u0101ciju atrisin\u0101tu.<\/p>\n<p>\u201cIkviens cilv\u0113ks var nok\u013c\u016bt emociju var\u0101 un \u0161\u0101d\u0101 st\u0101vokl\u012b b\u016bt pie st\u016bres. T\u0101dos br\u012b\u017eos ir nepiecie\u0161ams, lai k\u0101ds no malas sapr\u0101t\u012bgi un emp\u0101tiski iedod atgriezenisko saiti, atgrie\u017e pie racion\u0101l\u0101s dom\u0101\u0161anas,\u201d st\u0101sta profesors Ivars Austers. Vi\u0146\u0161 nor\u0101da, ka \u0161is ir r\u012bks, ko pasa\u017eieriem vajag m\u0101c\u012bties izmantot, bet autovad\u012bt\u0101jiem \u2013 pie\u0146emt. &#8220;Liela loma \u0161eit ir tam, k\u0101d\u0101 veid\u0101 tiek izteikts \u0161is aizr\u0101d\u012bjums. Protams, agres\u012bva apsauk\u0101\u0161an\u0101s nel\u012bdz\u0113s, j\u0101m\u0101c\u0101s aizr\u0101d\u012bt mier\u012bgi, neprovoc\u0113jot,&#8221; uzsver Austers.<\/p>\n<p>Gandr\u012bz katrs no mums ir bijis l\u012bdzbrauc\u0113js vien\u0101 auto ar \u0123imeni vai draugiem, taksometr\u0101 vai sabiedriskaj\u0101 transport\u0101. Paties\u012bb\u0101, iesp\u0113jams, liel\u0101k\u0101 satiksmes dal\u012bbnieku da\u013ca ir l\u012bdzbrauc\u0113ji. Un gandr\u012bz katram no mums ir st\u0101sts par to, ka ir bijis bail braukt blakus \u0161oferim, kas r\u012bkojas p\u0101rgalv\u012bgi.<\/p>\n<p>Ce\u013cu satiksmes negad\u012bjumos ar boj\u0101g\u0101ju\u0161ajiem uz valsts autoce\u013ciem laik\u0101 no 2022. l\u012bdz 2025. gada augusta beig\u0101m bija iesaist\u012bti 378 transportl\u012bdzek\u013cu vad\u012bt\u0101ji, no tiem 163 g\u0101ja boj\u0101. Starp iesaist\u012btajiem transportl\u012bdzek\u013cu vad\u012bt\u0101jiem 86% bija v\u012brie\u0161i, 14% \u2013 sievietes. Starp boj\u0101g\u0101ju\u0161ajiem transportl\u012bdzek\u013cu vad\u012bt\u0101jiem 88% jeb 144 boj\u0101g\u0101ju\u0161ie bija v\u012brie\u0161i, bet 12% jeb 19 boj\u0101g\u0101ju\u0161ie bija sievietes.<\/p>\n<p><img decoding=\"async\" class=\"figure__image\" onclick=\"triggerEvent('articleImageClick', { id: 17198395, focus: 'single-image', focusIndex: '17198395' })\" onkeydown=\"if (event.key === 'Enter') {&#10;        triggerEvent('articleImageClick', { id: 17198395, focus: 'single-image', focusIndex: '17198395' })&#10;        }\" role=\"button\" tabindex=\"0\" data-focus-from=\"single-image\" data-focus-index=\"17198395\" src=\"https:\/\/www.europesays.com\/lv\/wp-content\/uploads\/2025\/10\/17198395t1h4d78.jpg\" onload=\"this.parentElement.classList.remove('figure__image-loading')\" alt=\"Grafiks.\"\/>Grafiks. Foto: Latvijas valsts ce\u013ci.<\/p>\n<p>&#8220;B\u016btu lieliski pan\u0101kt soci\u0101lo paradumu mai\u0146u: to, ka blakuss\u0113d\u0113t\u0101js pau\u017e, k\u0101 vi\u0146\u0161 j\u016btas, neuztvert k\u0101 kaut ko sliktu, bet gan k\u0101 inform\u0101ciju, ka konkr\u0113tais brauk\u0161anas veids rada blakuss\u0113d\u0113t\u0101jam diskomfortu. M\u0113s nepietiekami run\u0101jam par to, k\u0101 j\u016btamies konkr\u0113tos apst\u0101k\u013cos,&#8221; uzsver profesore Zanda Rubene.<\/p>\n","protected":false},"excerpt":{"rendered":"Grafiks. Foto: Latvijas Valsts Ce\u013ci Eksperti ir formul\u0113ju\u0161i univers\u0101lu ieteikumu, k\u0101 pateikt, ka tev ir bail: run\u0101 par&hellip;\n","protected":false},"author":2,"featured_media":15926,"comment_status":"","ping_status":"","sticky":false,"template":"","format":"standard","meta":{"footnotes":""},"categories":[5],"tags":[23,28,29,32,33,22,30,31,35,39,38,36,37,34,2857,40,20,26,27,1529,1528,24,25,21],"class_list":{"0":"post-15925","1":"post","2":"type-post","3":"status-publish","4":"format-standard","5":"has-post-thumbnail","7":"category-aktualitates","8":"tag-aktualitates","9":"tag-breaking-news","10":"tag-breakingnews","11":"tag-featured-news","12":"tag-featurednews","13":"tag-headlines","14":"tag-latest-news","15":"tag-latestnews","16":"tag-latvia","17":"tag-latvian","18":"tag-latviesu","19":"tag-latviesu-valoda","20":"tag-latviesuvaloda","21":"tag-latvija","22":"tag-latvijas-valsts-celi","23":"tag-lv","24":"tag-news","25":"tag-popularakas-zinas","26":"tag-popularakaszinas","27":"tag-satiksme","28":"tag-satiksmes-drosiba","29":"tag-top-stories","30":"tag-topstories","31":"tag-zinas"},"share_on_mastodon":{"url":"","error":""},"_links":{"self":[{"href":"https:\/\/www.europesays.com\/lv\/wp-json\/wp\/v2\/posts\/15925","targetHints":{"allow":["GET"]}}],"collection":[{"href":"https:\/\/www.europesays.com\/lv\/wp-json\/wp\/v2\/posts"}],"about":[{"href":"https:\/\/www.europesays.com\/lv\/wp-json\/wp\/v2\/types\/post"}],"author":[{"embeddable":true,"href":"https:\/\/www.europesays.com\/lv\/wp-json\/wp\/v2\/users\/2"}],"replies":[{"embeddable":true,"href":"https:\/\/www.europesays.com\/lv\/wp-json\/wp\/v2\/comments?post=15925"}],"version-history":[{"count":0,"href":"https:\/\/www.europesays.com\/lv\/wp-json\/wp\/v2\/posts\/15925\/revisions"}],"wp:featuredmedia":[{"embeddable":true,"href":"https:\/\/www.europesays.com\/lv\/wp-json\/wp\/v2\/media\/15926"}],"wp:attachment":[{"href":"https:\/\/www.europesays.com\/lv\/wp-json\/wp\/v2\/media?parent=15925"}],"wp:term":[{"taxonomy":"category","embeddable":true,"href":"https:\/\/www.europesays.com\/lv\/wp-json\/wp\/v2\/categories?post=15925"},{"taxonomy":"post_tag","embeddable":true,"href":"https:\/\/www.europesays.com\/lv\/wp-json\/wp\/v2\/tags?post=15925"}],"curies":[{"name":"wp","href":"https:\/\/api.w.org\/{rel}","templated":true}]}}