{"id":1595,"date":"2025-09-22T09:06:10","date_gmt":"2025-09-22T09:06:10","guid":{"rendered":"https:\/\/www.europesays.com\/lv\/1595\/"},"modified":"2025-09-22T09:06:10","modified_gmt":"2025-09-22T09:06:10","slug":"gospelkoris-un-kristine-praulina-iekaros-palladium-ar-pacilajosu-koncertu-lente-lv","status":"publish","type":"post","link":"https:\/\/www.europesays.com\/lv\/1595\/","title":{"rendered":"Gospelkoris un Krist\u012bne Prauli\u0146a iekaros Palladium ar pacil\u0101jo\u0161u koncertu\u00a0\u2014\u00a0Lente.lv"},"content":{"rendered":"<p>Aicin\u0101m uz dv\u0113seli aizkustino\u0161u un ener\u0123isku m\u016bzikas baud\u012bjumu! Sv\u0113tdien, 9. novembr\u012b, plkst. 17:00 presti\u017eaj\u0101 \u201cPalladium\u201d koncertz\u0101l\u0113 izskan\u0113s R\u012bgas Gospelkoris kop\u0101 ar savu talant\u012bgo diri\u0123enti un solisti Krist\u012bni Prauli\u0146u. \u0160is notikums sola piepild\u012bt telpu ar gospelm\u016bzikas neaptveramo sp\u0113ku, radot patiesi pacil\u0101jo\u0161u un neaizmirstamu vakaru visiem kl\u0101teso\u0161ajiem.<\/p>\n<p>Gospelm\u016bzikas sirds un dv\u0113sele<\/p>\n<p>Krist\u012bne Prauli\u0146a, kuras v\u0101rds latvie\u0161u m\u016bzikas vid\u0113 asoci\u0113jas ar izcilu vok\u0101lu un dzi\u013cu muzik\u0101lo izj\u016btu, ir ne tikai R\u012bgas Gospelkoris diri\u0123ente, bet ar\u012b talant\u012bga soliste. Vi\u0146as muzik\u0101l\u0101 izaugsme cie\u0161i saist\u012bta ar gospelm\u016bziku, jo savas dzied\u0101t\u0101jas gaitas vi\u0146a uzs\u0101ka tie\u0161i R\u012bgas Gospelkor\u012b jau jaun\u012bb\u0101. Prauli\u0146as talants ir starptautiski atz\u012bts \u2013 vi\u0146a ir ieguvusi Grand Prix d\u017eeza vok\u0101la kategorij\u0101 konkurs\u0101 \u201cRiga Jazz Stage 2014\u201d. Vi\u0146as ietekmes lok\u0101 ir ne tikai gospelis, bet ar\u012b soul, R&amp;B, fanks, d\u017eezs un bl\u016bzs, radot unik\u0101lu skan\u0113jumu.<\/p>\n<p>Koncerts \u201cPalladium\u201d z\u0101l\u0113 tiks veidots div\u0101s da\u013c\u0101s, pied\u0101v\u0101jot klaus\u012bt\u0101jiem gan spirdzino\u0161u ener\u0123iju, gan dzi\u013cas emocijas. Krist\u012bne Prauli\u0146a pati par gaid\u0101mo pas\u0101kumu saka: \u201c\u0160is b\u016bs \u012bpa\u0161i ener\u0123isks, kr\u0101spilns, pacil\u0101jo\u0161s koncerts, kur\u0101 izgaismosim gospelm\u016bzikas spilgt\u0101k\u0101s bag\u0101t\u012bbas.\u201d. Gospelm\u016bzika tiek raksturota k\u0101 cilv\u0113ka gar\u012bg\u0101 ce\u013ca atspogu\u013cojums harmonij\u0101s, kr\u0101s\u0101s un tekstos, kas spirdzina sirdi un apliecina tic\u012bbu, atmodinot un pace\u013cot klaus\u012bt\u0101ju. \u0160oreiz programm\u0101 paredz\u0113ts baud\u012bt gan spiri\u010duelu pirmatn\u0113jo sp\u0113ku, gan moderna gospel m\u016bzikas ritmus ar hip-hopa elementiem.<\/p>\n<p>R\u012bgas Gospelkoris \u2013 pan\u0101kumu st\u0101sts<\/p>\n<p>R\u012bgas Gospelkoris ir ne tikai viens no spilgt\u0101kajiem \u0161\u012b \u017eanra kolekt\u012bviem Latvij\u0101, bet ar\u012b pasaules m\u0113rog\u0101 atz\u012bts m\u0101kslas kolekt\u012bvs. Tas ir divk\u0101rt\u0113js Pasaules koru olimpi\u0101des zelta meda\u013cas ieguv\u0113js. Koris dibin\u0101ts 2003. gad\u0101 un kop\u0161 t\u0101 laika akt\u012bvi koncert\u0113jis gan Latvij\u0101, gan \u0101rzem\u0113s, piedaloties da\u017e\u0101dos starptautiskos projektos. Kora v\u0113stur\u0113 ir sadarb\u012bba ar t\u0101diem Latvijas m\u016bzikas grandiem k\u0101 maestro Raimonds Pauls un grupa \u201cPr\u0101ta V\u0113tra\u201d, k\u0101 ar\u012b ar pasaules l\u012bme\u0146a m\u0101ksliniekiem, tostarp Grammy balvas laure\u0101tiem Donald Lawrence un Myron Butler. Kora sniegums ir bijis dzirdams ar\u012b Disneja filmas \u201cKaralis Lauva\u201d latvie\u0161u dubl\u0101\u017e\u0101.<\/p>\n<p>Kora m\u0101ksliniecisk\u0101 vad\u012bt\u0101ja Krist\u012bne Prauli\u0146a ir ne tikai talant\u012bga dzied\u0101t\u0101ja, bet ar\u012b prasm\u012bga diri\u0123ente, kas savu karjeru s\u0101ka k\u0101 kora dzied\u0101t\u0101ja, bet nu jau septi\u0146us gadus ir t\u0101 vad\u012bt\u0101ja. Vi\u0146as vad\u012bb\u0101 koris turpina att\u012bst\u012bties, saglab\u0101jot dzi\u013co cie\u0146u pret gospelm\u016bzikas trad\u012bcij\u0101m, vienlaikus mekl\u0113jot jaunus izpausmes veidus.<\/p>\n<p>Iespaid\u012bgs muzik\u0101lais pavad\u012bjums<\/p>\n<p>Lai koncertu padar\u012btu v\u0113l iespaid\u012bg\u0101ku, R\u012bgas Gospelkori un Krist\u012bni Prauli\u0146u pavad\u012bs ne tikai talant\u012bgi solisti, bet ar\u012b izcili m\u016bzi\u0137i. Uz skatuves k\u0101ps pianisti Toms Mik\u0101ls un Andris Kauli\u0146\u0161, \u0123it\u0101rists J\u0101nis Kalni\u0146\u0161, basists Valters Spr\u016bd\u017es, k\u0101 ar\u012b sitaminstrument\u0101listi Toms Kagainis un Mi\u0137elis V\u012bte. Vi\u0146i sola rad\u012bt patiesu ener\u0123ijas eksploziju un ritmu virpu\u013cus, kas ne\u013caus klaus\u012bt\u0101jiem palikt vienaldz\u012bgiem.<\/p>\n<p>Koncertu iesild\u012bs un par \u012bpa\u0161u atmosf\u0113ru g\u0101d\u0101s DJ Daniel_9_18, kur\u0161 paz\u012bstams ar savu sp\u0113ju apvienot da\u017e\u0101dus ska\u0146u pasaules, radot dzi\u013ci puls\u0113jo\u0161u un stilistiski bag\u0101t\u012bgu pieredzi, kur\u0101 sapl\u016bst d\u017eezs, fanks, gospels un ritmi no Braz\u012blijas un \u0100frikas.<\/p>\n<p>Ieg\u0101d\u0101jies bi\u013cetes un atbalsti<\/p>\n<p>Bi\u013cetes uz \u0161o unik\u0101lo notikumu \u201cPalladium\u201d koncertz\u0101l\u0113 ir pieejamas iepriek\u0161p\u0101rdo\u0161an\u0101, un to cenas pieaugs tuv\u0101k pas\u0101kuma norisei. L\u012bdz 21. septembrim ir iesp\u0113ja ieg\u0101d\u0101ties \u201cearly bird\u201d bi\u013cetes par \u012bpa\u0161i izdev\u012bgu cenu \u2013 25 eiro. V\u0113l\u0101k bi\u013cetes maks\u0101s 30 un 35 eiro. Tiem, kas v\u0113las atbalst\u012bt kora m\u0101ksliniecisko att\u012bst\u012bbu un gospelm\u016bzikas trad\u012bciju kop\u0161anu Latvij\u0101, pieejamas ar\u012b \u012bpa\u0161as \u201cSupporter\u201d bi\u013cetes.<\/p>\n<p>\u0160is ir ne tikai muzik\u0101ls baud\u012bjums, bet ar\u012b iesp\u0113ja atbalst\u012bt noz\u012bm\u012bgu kult\u016bras mantojumu un iedvesmot n\u0101kotnes projektus, kas atskan\u0113s daudz t\u0101l\u0101k par vienu vakaru.<\/p>\n","protected":false},"excerpt":{"rendered":"Aicin\u0101m uz dv\u0113seli aizkustino\u0161u un ener\u0123isku m\u016bzikas baud\u012bjumu! Sv\u0113tdien, 9. novembr\u012b, plkst. 17:00 presti\u017eaj\u0101 \u201cPalladium\u201d koncertz\u0101l\u0113 izskan\u0113s R\u012bgas&hellip;\n","protected":false},"author":2,"featured_media":1596,"comment_status":"","ping_status":"","sticky":false,"template":"","format":"standard","meta":{"footnotes":""},"categories":[19],"tags":[89,1023,90,1022,1021,35,39,38,36,37,34,40,1024,1020],"class_list":{"0":"post-1595","1":"post","2":"type-post","3":"status-publish","4":"format-standard","5":"has-post-thumbnail","7":"category-izklaide","8":"tag-entertainment","9":"tag-gospelmuzika","10":"tag-izklaide","11":"tag-koncerts-palladium","12":"tag-kristine-praulina","13":"tag-latvia","14":"tag-latvian","15":"tag-latviesu","16":"tag-latviesu-valoda","17":"tag-latviesuvaloda","18":"tag-latvija","19":"tag-lv","20":"tag-muzika-latvija","21":"tag-rigas-gospelkoris"},"share_on_mastodon":{"url":"","error":""},"_links":{"self":[{"href":"https:\/\/www.europesays.com\/lv\/wp-json\/wp\/v2\/posts\/1595","targetHints":{"allow":["GET"]}}],"collection":[{"href":"https:\/\/www.europesays.com\/lv\/wp-json\/wp\/v2\/posts"}],"about":[{"href":"https:\/\/www.europesays.com\/lv\/wp-json\/wp\/v2\/types\/post"}],"author":[{"embeddable":true,"href":"https:\/\/www.europesays.com\/lv\/wp-json\/wp\/v2\/users\/2"}],"replies":[{"embeddable":true,"href":"https:\/\/www.europesays.com\/lv\/wp-json\/wp\/v2\/comments?post=1595"}],"version-history":[{"count":0,"href":"https:\/\/www.europesays.com\/lv\/wp-json\/wp\/v2\/posts\/1595\/revisions"}],"wp:featuredmedia":[{"embeddable":true,"href":"https:\/\/www.europesays.com\/lv\/wp-json\/wp\/v2\/media\/1596"}],"wp:attachment":[{"href":"https:\/\/www.europesays.com\/lv\/wp-json\/wp\/v2\/media?parent=1595"}],"wp:term":[{"taxonomy":"category","embeddable":true,"href":"https:\/\/www.europesays.com\/lv\/wp-json\/wp\/v2\/categories?post=1595"},{"taxonomy":"post_tag","embeddable":true,"href":"https:\/\/www.europesays.com\/lv\/wp-json\/wp\/v2\/tags?post=1595"}],"curies":[{"name":"wp","href":"https:\/\/api.w.org\/{rel}","templated":true}]}}