{"id":159693,"date":"2026-03-22T02:47:08","date_gmt":"2026-03-22T02:47:08","guid":{"rendered":"https:\/\/www.europesays.com\/lv\/159693\/"},"modified":"2026-03-22T02:47:08","modified_gmt":"2026-03-22T02:47:08","slug":"ka-somijas-lielveikali-valsts-aizsardziba-ienem-centralu-lomu","status":"publish","type":"post","link":"https:\/\/www.europesays.com\/lv\/159693\/","title":{"rendered":"K\u0101 Somijas lielveikali valsts aizsardz\u012bb\u0101 ie\u0146em centr\u0101lu lomu"},"content":{"rendered":"<p class=\"MsoNormal\">Ar\u012b konkur\u0113jo\u0161ais lielveikalu t\u012bkls &#8220;Kesko&#8221; ir iesaist\u012bts. &#8220;M\u0113s v\u0113lamies dar\u012bt savu da\u013cu, lai Somijas sabiedr\u012bba sp\u0113tu darboties katru dienu neatkar\u012bgi no apst\u0101k\u013ciem,&#8221; saka Kesko vad\u012bt\u0101js Jirki Tomminens.<\/p>\n<p class=\"MsoNormal\">Gan \u0161iem uz\u0146\u0113mumiem, gan citiem p\u0101rtikas nozares uz\u0146\u0113mumiem ar likumu ir noteikts pien\u0101kums uztur\u0113t strat\u0113\u0123iskos kr\u0101jumus ar kritiski svar\u012bg\u0101m prec\u0113m, piem\u0113ram, miltiem, cukuru un cepamo e\u013c\u013cu. Tie tiek glab\u0101ti \u012bpa\u0161\u0101s noliktav\u0101s vai pazemes bunkuros ar rezerves elektroener\u0123ijas \u0123eneratoriem.<\/p>\n<p class=\"MsoNormal\">Psiholo\u0123e D\u017eenifera De Paola no Helsinku universit\u0101tes saka, ka Somijas uz\u0146\u0113mumi un sabiedr\u012bbas locek\u013ci labpr\u0101t dara savu da\u013cu divu galveno iemeslu d\u0113\u013c. Pirmk\u0101rt, vi\u0146i uzticas vald\u012bbai, un, otrk\u0101rt, somi augstu v\u0113rt\u0113 dro\u0161\u012bbas saj\u016btu.<\/p>\n<p class=\"MsoNormal\">Lai gan uztic\u012bbas l\u012bmenis \u0161\u0137iet augsts, somi vajadz\u012bbas gad\u012bjum\u0101 sp\u0113j ar\u012b glab\u0101t nosl\u0113pumus. &#8220;S Group&#8221; p\u0101rst\u0101vis Ahtoniemi atsak\u0101s sniegt jebk\u0101das deta\u013cas par uz\u0146\u0113muma pl\u0101niem kara gad\u012bjum\u0101, paskaidrojot, ka t\u0101 ir &#8220;konfidenci\u0101la inform\u0101cija&#8221;.<\/p>\n<p class=\"MsoNormal\">L\u012bdz\u012bga situ\u0101cija ir ar\u012b &#8220;Kesko&#8221;, kura p\u0101rst\u0101vis nor\u0101da, ka &#8220;saska\u0146\u0101 ar m\u016bsu ierasto praksi m\u0113s nesniedzam papildu inform\u0101ciju par m\u016bsu r\u012bc\u012bbas pl\u0101niem kr\u012bzes gad\u012bjumos&#8221;.<\/p>\n","protected":false},"excerpt":{"rendered":"Ar\u012b konkur\u0113jo\u0161ais lielveikalu t\u012bkls &#8220;Kesko&#8221; ir iesaist\u012bts. &#8220;M\u0113s v\u0113lamies dar\u012bt savu da\u013cu, lai Somijas sabiedr\u012bba sp\u0113tu darboties katru&hellip;\n","protected":false},"author":2,"featured_media":159694,"comment_status":"","ping_status":"","sticky":false,"template":"","format":"standard","meta":{"footnotes":"","_share_on_mastodon":"0"},"categories":[14],"tags":[1546,23,57,28,29,32,33,22,30,31,35,39,38,36,37,34,31993,40,20,3843,26,27,490,24,25,54,55,56,21,58],"class_list":["post-159693","post","type-post","status-publish","format-standard","has-post-thumbnail","category-zinas-no-arvalstim","tag-aizsardziba","tag-aktualitates","tag-arvalstim","tag-breaking-news","tag-breakingnews","tag-featured-news","tag-featurednews","tag-headlines","tag-latest-news","tag-latestnews","tag-latvia","tag-latvian","tag-latviesu","tag-latviesu-valoda","tag-latviesuvaloda","tag-latvija","tag-lielveikals","tag-lv","tag-news","tag-partika","tag-popularakas-zinas","tag-popularakaszinas","tag-somija","tag-top-stories","tag-topstories","tag-world","tag-world-news","tag-worldnews","tag-zinas","tag-zinas-no-arvalstim"],"share_on_mastodon":{"url":"https:\/\/pubeurope.com\/@lv\/116270546486322485","error":""},"_links":{"self":[{"href":"https:\/\/www.europesays.com\/lv\/wp-json\/wp\/v2\/posts\/159693","targetHints":{"allow":["GET"]}}],"collection":[{"href":"https:\/\/www.europesays.com\/lv\/wp-json\/wp\/v2\/posts"}],"about":[{"href":"https:\/\/www.europesays.com\/lv\/wp-json\/wp\/v2\/types\/post"}],"author":[{"embeddable":true,"href":"https:\/\/www.europesays.com\/lv\/wp-json\/wp\/v2\/users\/2"}],"replies":[{"embeddable":true,"href":"https:\/\/www.europesays.com\/lv\/wp-json\/wp\/v2\/comments?post=159693"}],"version-history":[{"count":0,"href":"https:\/\/www.europesays.com\/lv\/wp-json\/wp\/v2\/posts\/159693\/revisions"}],"wp:featuredmedia":[{"embeddable":true,"href":"https:\/\/www.europesays.com\/lv\/wp-json\/wp\/v2\/media\/159694"}],"wp:attachment":[{"href":"https:\/\/www.europesays.com\/lv\/wp-json\/wp\/v2\/media?parent=159693"}],"wp:term":[{"taxonomy":"category","embeddable":true,"href":"https:\/\/www.europesays.com\/lv\/wp-json\/wp\/v2\/categories?post=159693"},{"taxonomy":"post_tag","embeddable":true,"href":"https:\/\/www.europesays.com\/lv\/wp-json\/wp\/v2\/tags?post=159693"}],"curies":[{"name":"wp","href":"https:\/\/api.w.org\/{rel}","templated":true}]}}