{"id":16013,"date":"2025-10-08T13:52:07","date_gmt":"2025-10-08T13:52:07","guid":{"rendered":"https:\/\/www.europesays.com\/lv\/16013\/"},"modified":"2025-10-08T13:52:07","modified_gmt":"2025-10-08T13:52:07","slug":"krievija-izteikusi-draudus-asv-saistiba-ar-planoto-tomahawk-piegadi-ukrainai","status":"publish","type":"post","link":"https:\/\/www.europesays.com\/lv\/16013\/","title":{"rendered":"Krievija izteikusi draudus ASV saist\u012bb\u0101 ar pl\u0101noto \u201cTomahawk\u201d pieg\u0101di Ukrainai"},"content":{"rendered":"<p>\u201c\u0160\u0101du sist\u0113mu izmanto\u0161ana hipot\u0113tiski iesp\u0113jama tikai ar tie\u0161u amerik\u0101\u0146u person\u0101la l\u012bdzdal\u012bbu. Ceru, ka tie, kas spie\u017e Va\u0161ingtonu pie\u0146emt \u0161\u0101du l\u0113mumu, apzin\u0101s t\u0101 dzi\u013cumu un smag\u0101s sekas,\u201d sac\u012bja Rjabkovs.<\/p>\n<p>Lasi ar\u012b: <a href=\"https:\/\/tv3.lv\/zinas\/arvalstis\/ko-spej-tomahawk-rakete-no-kuras-putinam-bail\/\" rel=\"nofollow noopener\" target=\"_blank\">Ko sp\u0113j \u201cTomahawk\u201d \u2013 ra\u0137ete, no kuras Putinam bail<\/a><\/p>\n<p>Vi\u0146\u0161 aicin\u0101ja Balt\u0101 nama un Pentagona amatpersonas \u201cr\u012bkoties pr\u0101t\u012bgi, sapr\u0101t\u012bgi un atbild\u012bgi \u0161aj\u0101 situ\u0101cij\u0101\u201d.<\/p>\n<p>K\u0101 zin\u0101ms, ASV prezidents Donalds Tramps nol\u0113mis noteikt\u0101 apjom\u0101 nodot Ukrainai \u201cTomahawk\u201d ra\u0137etes. Pirms tam Krem\u013ca diktators Vladimirs Putins br\u012bdin\u0101ja, ka \u0161\u0101ds solis \u2014 pieg\u0101d\u0101t Kijivai t\u0101las darb\u012bbas ra\u0137etes triecieniem dzi\u013ci Krievijas teritorij\u0101 var piln\u012bb\u0101 sagraut Maskavas un Va\u0161ingtonas attiec\u012bbas.<\/p>\n<p class=\"tv3-fw-500\">Zi\u0146o par k\u013c\u016bdu rakst\u0101<\/p>\n<p class=\"d-md-block d-none\">Iez\u012bm\u0113 k\u013c\u016bdaino tekstu un spied Ctrl+Enter.<\/p>\n<p class=\"d-md-none d-block\">Iez\u012bm\u0113 k\u013c\u016bdaino tekstu un zi\u0146o par to!<\/p>\n","protected":false},"excerpt":{"rendered":"\u201c\u0160\u0101du sist\u0113mu izmanto\u0161ana hipot\u0113tiski iesp\u0113jama tikai ar tie\u0161u amerik\u0101\u0146u person\u0101la l\u012bdzdal\u012bbu. Ceru, ka tie, kas spie\u017e Va\u0161ingtonu pie\u0146emt&hellip;\n","protected":false},"author":2,"featured_media":16014,"comment_status":"","ping_status":"","sticky":false,"template":"","format":"standard","meta":{"footnotes":""},"categories":[5],"tags":[23,5511,28,29,32,33,22,30,31,35,39,38,36,37,34,40,20,26,27,24,25,21],"class_list":{"0":"post-16013","1":"post","2":"type-post","3":"status-publish","4":"format-standard","5":"has-post-thumbnail","7":"category-aktualitates","8":"tag-aktualitates","9":"tag-asvdonalds-trampskars-ukrainakrievijavladimirs-putins","10":"tag-breaking-news","11":"tag-breakingnews","12":"tag-featured-news","13":"tag-featurednews","14":"tag-headlines","15":"tag-latest-news","16":"tag-latestnews","17":"tag-latvia","18":"tag-latvian","19":"tag-latviesu","20":"tag-latviesu-valoda","21":"tag-latviesuvaloda","22":"tag-latvija","23":"tag-lv","24":"tag-news","25":"tag-popularakas-zinas","26":"tag-popularakaszinas","27":"tag-top-stories","28":"tag-topstories","29":"tag-zinas"},"share_on_mastodon":{"url":"","error":""},"_links":{"self":[{"href":"https:\/\/www.europesays.com\/lv\/wp-json\/wp\/v2\/posts\/16013","targetHints":{"allow":["GET"]}}],"collection":[{"href":"https:\/\/www.europesays.com\/lv\/wp-json\/wp\/v2\/posts"}],"about":[{"href":"https:\/\/www.europesays.com\/lv\/wp-json\/wp\/v2\/types\/post"}],"author":[{"embeddable":true,"href":"https:\/\/www.europesays.com\/lv\/wp-json\/wp\/v2\/users\/2"}],"replies":[{"embeddable":true,"href":"https:\/\/www.europesays.com\/lv\/wp-json\/wp\/v2\/comments?post=16013"}],"version-history":[{"count":0,"href":"https:\/\/www.europesays.com\/lv\/wp-json\/wp\/v2\/posts\/16013\/revisions"}],"wp:featuredmedia":[{"embeddable":true,"href":"https:\/\/www.europesays.com\/lv\/wp-json\/wp\/v2\/media\/16014"}],"wp:attachment":[{"href":"https:\/\/www.europesays.com\/lv\/wp-json\/wp\/v2\/media?parent=16013"}],"wp:term":[{"taxonomy":"category","embeddable":true,"href":"https:\/\/www.europesays.com\/lv\/wp-json\/wp\/v2\/categories?post=16013"},{"taxonomy":"post_tag","embeddable":true,"href":"https:\/\/www.europesays.com\/lv\/wp-json\/wp\/v2\/tags?post=16013"}],"curies":[{"name":"wp","href":"https:\/\/api.w.org\/{rel}","templated":true}]}}