{"id":16024,"date":"2025-10-08T14:11:07","date_gmt":"2025-10-08T14:11:07","guid":{"rendered":"https:\/\/www.europesays.com\/lv\/16024\/"},"modified":"2025-10-08T14:11:07","modified_gmt":"2025-10-08T14:11:07","slug":"opera-satiekas-ar-musdienu-melodijam-lente-lv-2","status":"publish","type":"post","link":"https:\/\/www.europesays.com\/lv\/16024\/","title":{"rendered":"Opera satiekas ar m\u016bsdienu melodij\u0101m\u00a0\u2014\u00a0Lente.lv"},"content":{"rendered":"<p>Bazn\u012bc\u0101 skan\u0113s opera m\u016bsdienu interpret\u0101cij\u0101<\/p>\n<p>R\u012bgas Sv\u0113t\u0101 P\u0101vila eva\u0146\u0123\u0113liski luterisk\u0101 bazn\u012bca jau 2025. gada septembr\u012b uz\u0146ems unik\u0101lu muzik\u0101lu notikumu \u2013 programmu &#8220;T\u0101 ir OPERA&#8221;. \u0160is pas\u0101kums pied\u0101v\u0101 ne tikai baud\u012bt klasisk\u0101s operas skaistumu, bet ar\u012b iepaz\u012bt t\u0101s modernas un aizraujo\u0161as interpret\u0101cijas, radot neatk\u0101rtojamu pieredzi gan operm\u016bzikas cien\u012bt\u0101jiem, gan jaunpien\u0101c\u0113jiem.<\/p>\n<p>M\u016bzikas dialogs: No klasikas l\u012bdz m\u016bsdien\u0101m<\/p>\n<p>Koncertprogramm\u0101 iek\u013cauti gan vispopul\u0101r\u0101kie fragmenti no klasiskaj\u0101m oper\u0101m, piem\u0113ram, izcil\u0101s \u0101rijas no Biz\u0113 un Verdi darbiem, sirsn\u012bgi dueti un liriskas melodijas, gan ar\u012b ska\u0146darbi, ko iedvesmoju\u0161i m\u016bsdienu m\u0101kslinieki, piem\u0113ram, Andrea Bo\u010delli, Lara Fabi\u0101na un Emma \u0160aplina. &#8220;T\u0101 ir OPERA&#8221; aicina uz dialogu starp laikmetiem, \u013caujot klaus\u012bt\u0101jiem ieraudz\u012bt operu jaun\u0101 gaism\u0101 \u2013 t\u0101s svaigumu, dzi\u013co emocion\u0101lo pasauli un univers\u0101lo cilv\u0113cisko paties\u012bbu. \u0160\u012b pieeja padara operu pieejamu un saprotamu ikvienam, neatkar\u012bgi no iepriek\u0161\u0113j\u0101s pieredzes ar \u0161o \u017eanru. Koncerti notiks 26. septembr\u012b plkst. 19:00 un, pateicoties lielajai interesei, ar\u012b 27. septembr\u012b taj\u0101 pa\u0161\u0101 laik\u0101.<\/p>\n<p>Latvijas Operas zvaigznes uz vienas skatuves<\/p>\n<p>Par koncerta izcil\u012bbu r\u016bp\u0113sies Latvijas Nacion\u0101l\u0101s operas un baleta spo\u017e\u0101kie m\u0101kslinieki. Uz skatuves k\u0101ps primadonna, sopr\u0101ns J\u016blija Vasi\u013cjeva, kuras vok\u0101l\u0101 meistar\u012bba, muzik\u0101l\u0101 j\u016bt\u012bgums un skatuves kl\u0101tb\u016btne ir iekarojusi publikas atzin\u012bbu gan Latvij\u0101, gan starptautiskaj\u0101 ar\u0113n\u0101. Vi\u0146ai pievienosies ar\u012b talant\u012bgais tenors Raimonds Bramanis, Latvijas Nacion\u0101l\u0101s operas solists un presti\u017e\u0101s &#8220;Latvijas G\u0101ze&#8221; Gada balvas Operai laure\u0101ts. Bramanis ir slavens ar savu emocion\u0101lo un sp\u0113c\u012bgo tenora balsi, kas izce\u013cas gan lirisk\u0101s, gan dramatisk\u0101s lom\u0101s.<\/p>\n<p>Virtuozi m\u016bzi\u0137i nodro\u0161ina augstv\u0113rt\u012bgu pavad\u012bjumu<\/p>\n<p>Muzik\u0101lo baud\u012bjumu papildin\u0101s izcili instrument\u0101listi. Pie klavier\u0113m s\u0113d\u012bsies pieredz\u0113ju\u0161ais pianists M\u0101ris \u017dagars, kur\u0161 ir sniedzis koncertus 21 pasaules valst\u012b. Vi\u0146am pievienosies talant\u012bgais vijolnieks Gidons Gr\u012bnbergs, Latvijas Nacion\u0101l\u0101s operas un baleta or\u0137estra solists, un starptautiski atz\u012bt\u0101 \u010delliste Irina Vi\u013ceg\u017ea\u0146ina, Maskavas konservatorijas absolvente. Par ritmisko da\u013cu r\u016bp\u0113sies sitaminstrument\u0101liste Vird\u017e\u012bnija Laube-V\u012bti\u0146a, kas ir paz\u012bstama k\u0101 Latvijas Nacion\u0101l\u0101 operas un or\u0137estra &#8220;R\u012bga&#8221; rado\u0161ais sp\u0113ks. Kop\u0101 \u0161ie talant\u012bgie m\u0101kslinieki rad\u012bs harmonisku muzik\u0101lu pl\u016bdumu, kas elegant\u0101 veid\u0101 apvienos klasisko operas est\u0113tiku ar m\u016bsdienu izteiksmes form\u0101m, pied\u0101v\u0101jot patiesi greznu un intelektu\u0101li bag\u0101tino\u0161u klaus\u012b\u0161an\u0101s pieredzi.<\/p>\n<p>Bazn\u012bcas unik\u0101l\u0101 atmosf\u0113ra un akustika<\/p>\n<p>R\u012bgas Sv\u0113t\u0101 P\u0101vila eva\u0146\u0123\u0113liski luterisk\u0101 bazn\u012bca, ar savu v\u0113sturisko arhitekt\u016bru un lielisko akustiku, rad\u012bs \u012bpa\u0161u telpu \u0161o augstv\u0113rt\u012bgo muzik\u0101lo notikumu uztverei. Silt\u0101 sve\u010du gaisma un dievnama mierpiln\u0101 atmosf\u0113ra \u013caus klaus\u012bt\u0101jiem piln\u012bb\u0101 iegremd\u0113ties m\u016bzikas pasaul\u0113, baudot gan est\u0113tisku, gan intelektu\u0101lu baud\u012bjumu.<\/p>\n<p>\u0160ie koncerti ir aicin\u0101jums atkl\u0101t m\u016bzikas daudzveid\u012bbu un t\u0101s sp\u0113ju iedvesmot un aizkustin\u0101t, pied\u0101v\u0101jot augstas kvalit\u0101tes kult\u016bras baud\u012bjumu ikvienam.<\/p>\n","protected":false},"excerpt":{"rendered":"Bazn\u012bc\u0101 skan\u0113s opera m\u016bsdienu interpret\u0101cij\u0101 R\u012bgas Sv\u0113t\u0101 P\u0101vila eva\u0146\u0123\u0113liski luterisk\u0101 bazn\u012bca jau 2025. gada septembr\u012b uz\u0146ems unik\u0101lu muzik\u0101lu&hellip;\n","protected":false},"author":2,"featured_media":16025,"comment_status":"","ping_status":"","sticky":false,"template":"","format":"standard","meta":{"footnotes":""},"categories":[19],"tags":[89,90,5286,202,35,39,38,36,37,34,40,2638,5287,5285],"class_list":{"0":"post-16024","1":"post","2":"type-post","3":"status-publish","4":"format-standard","5":"has-post-thumbnail","7":"category-izklaide","8":"tag-entertainment","9":"tag-izklaide","10":"tag-julija-vasiljeva","11":"tag-koncerts","12":"tag-latvia","13":"tag-latvian","14":"tag-latviesu","15":"tag-latviesu-valoda","16":"tag-latviesuvaloda","17":"tag-latvija","18":"tag-lv","19":"tag-opera","20":"tag-raimonds-bramanis","21":"tag-rigas-sv-pavila-baznica"},"share_on_mastodon":{"url":"","error":""},"_links":{"self":[{"href":"https:\/\/www.europesays.com\/lv\/wp-json\/wp\/v2\/posts\/16024","targetHints":{"allow":["GET"]}}],"collection":[{"href":"https:\/\/www.europesays.com\/lv\/wp-json\/wp\/v2\/posts"}],"about":[{"href":"https:\/\/www.europesays.com\/lv\/wp-json\/wp\/v2\/types\/post"}],"author":[{"embeddable":true,"href":"https:\/\/www.europesays.com\/lv\/wp-json\/wp\/v2\/users\/2"}],"replies":[{"embeddable":true,"href":"https:\/\/www.europesays.com\/lv\/wp-json\/wp\/v2\/comments?post=16024"}],"version-history":[{"count":0,"href":"https:\/\/www.europesays.com\/lv\/wp-json\/wp\/v2\/posts\/16024\/revisions"}],"wp:featuredmedia":[{"embeddable":true,"href":"https:\/\/www.europesays.com\/lv\/wp-json\/wp\/v2\/media\/16025"}],"wp:attachment":[{"href":"https:\/\/www.europesays.com\/lv\/wp-json\/wp\/v2\/media?parent=16024"}],"wp:term":[{"taxonomy":"category","embeddable":true,"href":"https:\/\/www.europesays.com\/lv\/wp-json\/wp\/v2\/categories?post=16024"},{"taxonomy":"post_tag","embeddable":true,"href":"https:\/\/www.europesays.com\/lv\/wp-json\/wp\/v2\/tags?post=16024"}],"curies":[{"name":"wp","href":"https:\/\/api.w.org\/{rel}","templated":true}]}}