{"id":16048,"date":"2025-10-08T14:40:08","date_gmt":"2025-10-08T14:40:08","guid":{"rendered":"https:\/\/www.europesays.com\/lv\/16048\/"},"modified":"2025-10-08T14:40:08","modified_gmt":"2025-10-08T14:40:08","slug":"demisionejusais-francijas-premjers-cer-uz-pedeja-briza-izeju-no-politiskas-krizes","status":"publish","type":"post","link":"https:\/\/www.europesays.com\/lv\/16048\/","title":{"rendered":"Demision\u0113ju\u0161ais Francijas premjers cer uz p\u0113d\u0113j\u0101 br\u012b\u017ea izeju no politisk\u0101s kr\u012bzes"},"content":{"rendered":"<p>Lekorn\u012b vald\u012bbas vad\u012b\u0161ana tika uztic\u0113ta tikai pirms \u010detr\u0101m ned\u0113\u013c\u0101m, ta\u010du sv\u0113tdien izsludin\u0101tais jaun\u0101 kabineta sast\u0101v izsauca asu kritiku vis\u0101 politiskaj\u0101 spektr\u0101, un jau pirmdien vi\u0146\u0161 pazi\u0146oja par atk\u0101p\u0161anos.<\/p>\n<p>Ja vi\u0146am izdosies pan\u0101kt vieno\u0161anos ar citiem politiskajiem sp\u0113kiem un rast izeju no politisk\u0101s kr\u012bzes, Makrons var\u0113tu aicin\u0101t Lekorn\u012b atkal uz\u0146emties premjera pien\u0101kumus.<\/p>\n<p>Lekorn\u012b gan \u013c\u0101vis noprast, ka vi\u0146\u0161 nev\u0113las v\u0113lreiz kandid\u0113t uz vald\u012bbas vad\u012bt\u0101ja amatu, ta\u010du k\u0101 uzticams Makrona l\u012bdzgaitnieks vi\u0146\u0161, dom\u0101jams, nenoraid\u012bs prezidenta l\u016bgumu.<\/p>\n<p>Ta\u010du past\u0101v iesp\u0113ja, ka, pan\u0101kot vieno\u0161anos ar Lekorn\u012b, partijas uzst\u0101j uz premjerministru, kas p\u0101rst\u0101v\u0113tu citu politisko nometni.<\/p>\n<p>Makrons \u0161\u0101du iesp\u0113ju kategoriski noraid\u012bjis, lai gan soci\u0101listi, komunisti un za\u013cie uzskata, ka p\u0113rn notiku\u0161o v\u0113l\u0113\u0161anu rezult\u0101ti dodot tiem pamatu piepras\u012bt premjera amatu kreisajiem.<\/p>\n<p>Gad\u012bjum\u0101, ja Lekorn\u012b risin\u0101jumu neizdosies atrast, Makronam, dom\u0101jams, tom\u0113r n\u0101ksies atlaist Nacion\u0101lo sapulci un izsludin\u0101t jaunas v\u0113l\u0113\u0161anas.<\/p>\n<p>Laikraksts &#8220;Le Canard encha\u00een\u00e9&#8221; v\u0113sta, ka iesp\u0113jamais v\u0113l\u0113\u0161anu datums, \u0161\u0137iet, jau esot noteikts un ka prefekt\u016bras jau sa\u0146\u0113mu\u0161as neofici\u0101lus nor\u0101d\u012bjumus s\u0101kt gatavot v\u0113l\u0113\u0161anas, kas var\u0113tu notikt 16. un 23.novembr\u012b.<\/p>\n<p>Neskatoties uz arvien ska\u013c\u0101kiem aicin\u0101jumiem, kas izskan gan no lab\u0113jiem, gan no kreisajiem, atk\u0101pties pa\u0161am prezidentam, Makrona demisija ir mazticama.<\/p>\n<p>Makrons uzsv\u0113ris, ka vi\u0146u esot tie\u0161\u0101s v\u0113l\u0113\u0161an\u0101s iev\u0113l\u0113jusi tauta un ka vi\u0146\u0161 amat\u0101 palik\u0161ot l\u012bdz pilnvaru beig\u0101m 2027.gad\u0101.<\/p>\n","protected":false},"excerpt":{"rendered":"Lekorn\u012b vald\u012bbas vad\u012b\u0161ana tika uztic\u0113ta tikai pirms \u010detr\u0101m ned\u0113\u013c\u0101m, ta\u010du sv\u0113tdien izsludin\u0101tais jaun\u0101 kabineta sast\u0101v izsauca asu kritiku&hellip;\n","protected":false},"author":2,"featured_media":16049,"comment_status":"","ping_status":"","sticky":false,"template":"","format":"standard","meta":{"footnotes":""},"categories":[5],"tags":[23,28,29,1310,32,33,1309,22,30,31,35,39,38,36,37,34,40,20,26,27,24,25,21],"class_list":{"0":"post-16048","1":"post","2":"type-post","3":"status-publish","4":"format-standard","5":"has-post-thumbnail","7":"category-aktualitates","8":"tag-aktualitates","9":"tag-breaking-news","10":"tag-breakingnews","11":"tag-emanuels-makrons","12":"tag-featured-news","13":"tag-featurednews","14":"tag-francija","15":"tag-headlines","16":"tag-latest-news","17":"tag-latestnews","18":"tag-latvia","19":"tag-latvian","20":"tag-latviesu","21":"tag-latviesu-valoda","22":"tag-latviesuvaloda","23":"tag-latvija","24":"tag-lv","25":"tag-news","26":"tag-popularakas-zinas","27":"tag-popularakaszinas","28":"tag-top-stories","29":"tag-topstories","30":"tag-zinas"},"share_on_mastodon":{"url":"","error":""},"_links":{"self":[{"href":"https:\/\/www.europesays.com\/lv\/wp-json\/wp\/v2\/posts\/16048","targetHints":{"allow":["GET"]}}],"collection":[{"href":"https:\/\/www.europesays.com\/lv\/wp-json\/wp\/v2\/posts"}],"about":[{"href":"https:\/\/www.europesays.com\/lv\/wp-json\/wp\/v2\/types\/post"}],"author":[{"embeddable":true,"href":"https:\/\/www.europesays.com\/lv\/wp-json\/wp\/v2\/users\/2"}],"replies":[{"embeddable":true,"href":"https:\/\/www.europesays.com\/lv\/wp-json\/wp\/v2\/comments?post=16048"}],"version-history":[{"count":0,"href":"https:\/\/www.europesays.com\/lv\/wp-json\/wp\/v2\/posts\/16048\/revisions"}],"wp:featuredmedia":[{"embeddable":true,"href":"https:\/\/www.europesays.com\/lv\/wp-json\/wp\/v2\/media\/16049"}],"wp:attachment":[{"href":"https:\/\/www.europesays.com\/lv\/wp-json\/wp\/v2\/media?parent=16048"}],"wp:term":[{"taxonomy":"category","embeddable":true,"href":"https:\/\/www.europesays.com\/lv\/wp-json\/wp\/v2\/categories?post=16048"},{"taxonomy":"post_tag","embeddable":true,"href":"https:\/\/www.europesays.com\/lv\/wp-json\/wp\/v2\/tags?post=16048"}],"curies":[{"name":"wp","href":"https:\/\/api.w.org\/{rel}","templated":true}]}}