{"id":16054,"date":"2025-10-08T14:44:14","date_gmt":"2025-10-08T14:44:14","guid":{"rendered":"https:\/\/www.europesays.com\/lv\/16054\/"},"modified":"2025-10-08T14:44:14","modified_gmt":"2025-10-08T14:44:14","slug":"niderlande-sakta-masveida-dronu-razosana-ukrainai-2","status":"publish","type":"post","link":"https:\/\/www.europesays.com\/lv\/16054\/","title":{"rendered":"N\u012bderland\u0113 s\u0101kta masveida dronu ra\u017eo\u0161ana Ukrainai"},"content":{"rendered":"<p>N\u012bderlandes aizsardz\u012bbas ministrs Rubens Brekelmans parakst\u012bja l\u012bgumus ar projekta dal\u012bbniekiem \u2014 uz\u0146\u0113mumiem &#8220;Milrem Robotics&#8221;, &#8220;Tulip Tech&#8221; un &#8220;DeltaQuad&#8221; \u2014 un raksturoja \u0161o uzs\u0101k\u0161anu k\u0101 nepiecie\u0161amu aizsardz\u012bbas sp\u0113ju pa\u0101trin\u0101\u0161anu Ukrainas kara kontekst\u0101.<\/p>\n<p>Projekts tiek d\u0113v\u0113ts par vienu no \u0101tr\u0101kajiem aizsardz\u012bbas ra\u017eo\u0161anas uzs\u0101k\u0161anas projektiem N\u012bderlandes v\u0113stur\u0113. Pirm\u0101s ra\u017eo\u0161anas l\u012bnijas s\u0101ka darboties da\u017eu m\u0113ne\u0161u laik\u0101, nevis vair\u0101ku gadu laik\u0101, k\u0101 tas parasti notiek.<\/p>\n<p>Aizsardz\u012bbas ministrija ir iznom\u0101jusi 120 000 kvadr\u0101tmetru ra\u017eo\u0161anas telpu, kur nekav\u0113joties tika uzs\u0101kta ra\u017eo\u0161ana.<\/p>\n<p>Projektam ir ar\u012b strat\u0113\u0123iska noz\u012bme &#8211; tas samazin\u0101s N\u012bderlandes atkar\u012bbu no \u0101rvalstu pieg\u0101d\u0101t\u0101jiem un palielin\u0101s autonomiju milit\u0101r\u0101s tehnikas ra\u017eo\u0161an\u0101.<\/p>\n<p>Iepriek\u0161 Ukrainas prezidents Volodimirs Zelenskis pazi\u0146oja, ka front\u0113 vair\u0101k nek\u0101 40 % Ukrainas bru\u0146oto sp\u0113ku iero\u010du ir ra\u017eoti Ukrain\u0101 vai sadarb\u012bb\u0101 ar Ukrainu. P\u0113c vi\u0146a teikt\u0101, uzdevums vis\u0101m \u0161aj\u0101 proces\u0101 iesaist\u012btaj\u0101m Ukrainas instit\u016bcij\u0101m ir l\u012bdz gada beig\u0101m palielin\u0101t \u0161o r\u0101d\u012bt\u0101ju l\u012bdz 50 % no front\u0113 eso\u0161ajiem iero\u010diem.<\/p>\n<p>Zelenskis toreiz nor\u0101d\u012bja, ka Ukraina ir sp\u0113jusi rekord\u0101tr\u0101 laik\u0101 un kvalitat\u012bvi uzs\u0101kt artil\u0113rijas ra\u017eo\u0161anu.<\/p>\n","protected":false},"excerpt":{"rendered":"N\u012bderlandes aizsardz\u012bbas ministrs Rubens Brekelmans parakst\u012bja l\u012bgumus ar projekta dal\u012bbniekiem \u2014 uz\u0146\u0113mumiem &#8220;Milrem Robotics&#8221;, &#8220;Tulip Tech&#8221; un &#8220;DeltaQuad&#8221;&hellip;\n","protected":false},"author":2,"featured_media":15922,"comment_status":"","ping_status":"","sticky":false,"template":"","format":"standard","meta":{"footnotes":""},"categories":[14],"tags":[1546,23,57,63,28,29,75,32,33,22,74,30,31,35,39,38,36,37,34,40,20,26,27,24,25,54,55,56,21,58],"class_list":{"0":"post-16054","1":"post","2":"type-post","3":"status-publish","4":"format-standard","5":"has-post-thumbnail","7":"category-zinas-no-arvalstim","8":"tag-aizsardziba","9":"tag-aktualitates","10":"tag-arvalstim","11":"tag-arvalstis","12":"tag-breaking-news","13":"tag-breakingnews","14":"tag-droni","15":"tag-featured-news","16":"tag-featurednews","17":"tag-headlines","18":"tag-krievijas-iebrukums-ukraina","19":"tag-latest-news","20":"tag-latestnews","21":"tag-latvia","22":"tag-latvian","23":"tag-latviesu","24":"tag-latviesu-valoda","25":"tag-latviesuvaloda","26":"tag-latvija","27":"tag-lv","28":"tag-news","29":"tag-popularakas-zinas","30":"tag-popularakaszinas","31":"tag-top-stories","32":"tag-topstories","33":"tag-world","34":"tag-world-news","35":"tag-worldnews","36":"tag-zinas","37":"tag-zinas-no-arvalstim"},"share_on_mastodon":{"url":"","error":""},"_links":{"self":[{"href":"https:\/\/www.europesays.com\/lv\/wp-json\/wp\/v2\/posts\/16054","targetHints":{"allow":["GET"]}}],"collection":[{"href":"https:\/\/www.europesays.com\/lv\/wp-json\/wp\/v2\/posts"}],"about":[{"href":"https:\/\/www.europesays.com\/lv\/wp-json\/wp\/v2\/types\/post"}],"author":[{"embeddable":true,"href":"https:\/\/www.europesays.com\/lv\/wp-json\/wp\/v2\/users\/2"}],"replies":[{"embeddable":true,"href":"https:\/\/www.europesays.com\/lv\/wp-json\/wp\/v2\/comments?post=16054"}],"version-history":[{"count":0,"href":"https:\/\/www.europesays.com\/lv\/wp-json\/wp\/v2\/posts\/16054\/revisions"}],"wp:featuredmedia":[{"embeddable":true,"href":"https:\/\/www.europesays.com\/lv\/wp-json\/wp\/v2\/media\/15922"}],"wp:attachment":[{"href":"https:\/\/www.europesays.com\/lv\/wp-json\/wp\/v2\/media?parent=16054"}],"wp:term":[{"taxonomy":"category","embeddable":true,"href":"https:\/\/www.europesays.com\/lv\/wp-json\/wp\/v2\/categories?post=16054"},{"taxonomy":"post_tag","embeddable":true,"href":"https:\/\/www.europesays.com\/lv\/wp-json\/wp\/v2\/tags?post=16054"}],"curies":[{"name":"wp","href":"https:\/\/api.w.org\/{rel}","templated":true}]}}