{"id":16104,"date":"2025-10-08T16:05:12","date_gmt":"2025-10-08T16:05:12","guid":{"rendered":"https:\/\/www.europesays.com\/lv\/16104\/"},"modified":"2025-10-08T16:05:12","modified_gmt":"2025-10-08T16:05:12","slug":"ta-bija-dziesma-kuru-neviens-neplanoja-rakstit-bet-ta-pati-atnaca","status":"publish","type":"post","link":"https:\/\/www.europesays.com\/lv\/16104\/","title":{"rendered":"T\u0101 bija dziesma, kuru neviens nepl\u0101noja rakst\u012bt, bet t\u0101 pati atn\u0101ca"},"content":{"rendered":"<p>Dzied\u0101t\u0101ja un dziesmu autore Aminata Savadogo saviem sekot\u0101jiem soci\u0101lajos t\u012bklos atkl\u0101jusi, ka uzs\u0101k \u012bpa\u0161u s\u0113riju, kur\u0101 dal\u012bsies ar st\u0101stiem par dziesmu tap\u0161anu savam jaunajam albumam. Pirmaj\u0101 ierakst\u0101 vi\u0146a past\u0101sta par dziesmu &#8220;Vienalga&#8221;, kas ar\u012b k\u013cuvusi par albuma pirmo singlu.<\/p>\n<p>Aminata atz\u012bst, ka \u0161\u012b dziesma tapusi jau pirms vair\u0101kiem gadiem, glu\u017ei nejau\u0161i \u2014 &#8220;t\u0101 pati atn\u0101ca&#8221;, k\u0101 vi\u0146a saka. Piedzied\u0101juma ideja radusies spont\u0101ni, vi\u0146ai str\u0101d\u0101jot sav\u0101 m\u0101jas mini studij\u0101. <\/p>\n<blockquote><p>Dziesmas teksts esot par dz\u012bvi un t\u0101s pretrun\u012bgo dabu \u2014 t\u0101 ironiski run\u0101 par samierin\u0101\u0161anos ar to, ka ne viss vienm\u0113r ir labi, ta\u010du taj\u0101 pa\u0161\u0101 laik\u0101 nes cer\u012bbu, ka viss galu gal\u0101 nok\u0101rtosies.<\/p><\/blockquote>\n<p>&#8220;Nevaru pat pateikt, vai t\u0101 ir jautra vai b\u0113d\u012bga dziesma \u2014 dr\u012bz\u0101k ironiska samierin\u0101\u0161an\u0101s,&#8221; raksta Aminata, piebilstot, ka \u0161\u0101da veida dziesm\u0101m bie\u017ei vien noz\u012bme main\u0101s ar laiku. &#8220;Kad to raksti, tas noz\u012bm\u0113 vienu, bet v\u0113l\u0101k atrodi taj\u0101 pavisam citu,&#8221; vi\u0146a atz\u012bm\u0113.<\/p>\n<p>Dziesmas pamat\u0101 ir akustisk\u0101 \u0123it\u0101ra, un t\u0101s ieraksts tapis \u0161\u012b gada s\u0101kum\u0101 kop\u0101 ar J\u0101ni Ja\u010dausku (JJ Lush) un Kasparu Vizuli. <\/p>\n<blockquote><p>Aminata uzsver, ka ierakstu process ir vi\u0146as m\u012b\u013c\u0101kais darba posms: &#8220;Vienm\u0113r izbaudu \u0161o saj\u016btu, kad rodas kaut kas jauns, kad var \u013cauties domu g\u0101jienam un piefiks\u0113t ar\u012b smiekl\u012bgas idejas \u2013 piem\u0113ram, \u0161oreiz &#8220;raudo\u0161os&#8221; bekvok\u0101lus, kas haotiski ce\u013co pa tumb\u0101m.<\/p><\/blockquote>\n<p>P\u0113c gandr\u012bz gada rado\u0161\u0101s pauzes \u0161\u012b dziesma Aminatai k\u013cuvusi par simbolisku atgrie\u0161anos studij\u0101. Kop\u0101 ar Gati Za\u0137i (Gimme Tacos), Anatoliju Priedi un Kri\u0161j\u0101ni Geid\u0101nu vi\u0146a studij\u0101 &#8220;R\u012bgas Zvaigzn\u0101js&#8221; ierakst\u012bjusi ar\u012b nelielu live video, kas, k\u0101 pati saka, &#8220;devis dziesmai otro elpu&#8221;.<\/p>\n<p>Tagad &#8220;Vienalga&#8221; jau dz\u012bvo savu dz\u012bvi \u2014 un Aminata sola, ka \u0161is ir tikai s\u0101kums jaunajam muzik\u0101lajam ce\u013cojumam, kur\u0101 vi\u0146a klaus\u012bt\u0101jus iepaz\u012bstin\u0101s ar katras dziesmas tap\u0161anas st\u0101stu.<\/p>\n<p><\/p>\n<p>Lasi ar\u012b!<\/p>\n<p>&#13;<br \/>\n&#13;<br \/>\n<a target=\"_blank\" href=\"https:\/\/www.1188.lv\/zinas\/foto-aminatas-dejotaju-atlase-koncertam-liela-meitene-pulce-negaiditi-lielu-dalibnieku-skaitu\/54581\" rel=\"nofollow noopener\">FOTO: Aminatas dejot\u0101ju atlase koncertam &#8220;Liel\u0101 Meitene&#8221; pulc\u0113 negaid\u012bti lielu dal\u012bbnieku skaitu<\/a>&#13;<br \/>\n&#13;<br \/>\n<\/p>\n<p>&#13;<br \/>\n&#13;<br \/>\n<a target=\"_blank\" href=\"https:\/\/www.1188.lv\/zinas\/apprecejusies-dziedataja-aminata\/32288\" rel=\"nofollow noopener\">Apprec\u0113jusies dzied\u0101t\u0101ja Aminata<\/a>&#13;<br \/>\n&#13;<br \/>\n<\/p>\n<p><img decoding=\"async\" src=\"https:\/\/www.europesays.com\/lv\/wp-content\/uploads\/2025\/10\/ceb5f4c44c64a2ad13da102213060818.png\" title=\"aminata_savadogo\/Instagram\" alt=\"aminata_savadogo\/Instagram\"\/><\/p>\n<p class=\"article-img-desc\">aminata_savadogo\/Instagram<\/p>\n","protected":false},"excerpt":{"rendered":"Dzied\u0101t\u0101ja un dziesmu autore Aminata Savadogo saviem sekot\u0101jiem soci\u0101lajos t\u012bklos atkl\u0101jusi, ka uzs\u0101k \u012bpa\u0161u s\u0113riju, kur\u0101 dal\u012bsies ar&hellip;\n","protected":false},"author":2,"featured_media":16105,"comment_status":"","ping_status":"","sticky":false,"template":"","format":"standard","meta":{"footnotes":""},"categories":[19],"tags":[129,1773,5538,2239,89,90,35,39,38,36,37,34,40,5539,2240,1774,5540,2241,1775],"class_list":{"0":"post-16104","1":"post","2":"type-post","3":"status-publish","4":"format-standard","5":"has-post-thumbnail","7":"category-izklaide","8":"tag-__typenameadvicekeyword","9":"tag-id1061","10":"tag-id209","11":"tag-id93","12":"tag-entertainment","13":"tag-izklaide","14":"tag-latvia","15":"tag-latvian","16":"tag-latviesu","17":"tag-latviesu-valoda","18":"tag-latviesuvaloda","19":"tag-latvija","20":"tag-lv","21":"tag-slugaminata","22":"tag-slugmusic","23":"tag-slugslavenibas","24":"tag-titleaminata","25":"tag-titlemusic","26":"tag-titleslavenibas"},"share_on_mastodon":{"url":"","error":""},"_links":{"self":[{"href":"https:\/\/www.europesays.com\/lv\/wp-json\/wp\/v2\/posts\/16104","targetHints":{"allow":["GET"]}}],"collection":[{"href":"https:\/\/www.europesays.com\/lv\/wp-json\/wp\/v2\/posts"}],"about":[{"href":"https:\/\/www.europesays.com\/lv\/wp-json\/wp\/v2\/types\/post"}],"author":[{"embeddable":true,"href":"https:\/\/www.europesays.com\/lv\/wp-json\/wp\/v2\/users\/2"}],"replies":[{"embeddable":true,"href":"https:\/\/www.europesays.com\/lv\/wp-json\/wp\/v2\/comments?post=16104"}],"version-history":[{"count":0,"href":"https:\/\/www.europesays.com\/lv\/wp-json\/wp\/v2\/posts\/16104\/revisions"}],"wp:featuredmedia":[{"embeddable":true,"href":"https:\/\/www.europesays.com\/lv\/wp-json\/wp\/v2\/media\/16105"}],"wp:attachment":[{"href":"https:\/\/www.europesays.com\/lv\/wp-json\/wp\/v2\/media?parent=16104"}],"wp:term":[{"taxonomy":"category","embeddable":true,"href":"https:\/\/www.europesays.com\/lv\/wp-json\/wp\/v2\/categories?post=16104"},{"taxonomy":"post_tag","embeddable":true,"href":"https:\/\/www.europesays.com\/lv\/wp-json\/wp\/v2\/tags?post=16104"}],"curies":[{"name":"wp","href":"https:\/\/api.w.org\/{rel}","templated":true}]}}