{"id":16108,"date":"2025-10-08T16:10:10","date_gmt":"2025-10-08T16:10:10","guid":{"rendered":"https:\/\/www.europesays.com\/lv\/16108\/"},"modified":"2025-10-08T16:10:10","modified_gmt":"2025-10-08T16:10:10","slug":"valdibai-gruti-but-popularai-kad-japienem-daudz-nepopularu-lemumu-pauz-silina","status":"publish","type":"post","link":"https:\/\/www.europesays.com\/lv\/16108\/","title":{"rendered":"Vald\u012bbai gr\u016bti b\u016bt popul\u0101rai, kad j\u0101pie\u0146em daudz nepopul\u0101ru l\u0113mumu, pau\u017e Sili\u0146a"},"content":{"rendered":"<p>L\u016bgta koment\u0113t p\u0113t\u012bjumu centra SKDS veikto iedz\u012bvot\u0101ju aptauju, kura liecina, ka vald\u012bba un t\u0101s darbs iedz\u012bvot\u0101jos visbie\u017e\u0101k rada pesimismu, premjere pauda, ka vald\u012bbas Latvij\u0101 nekad nav biju\u0161as popul\u0101ras. Vi\u0146aspr\u0101t, ir svar\u012bgi str\u0101d\u0101t, lai iedz\u012bvot\u0101ji saprastu un ar\u012b praktiski sajustu vald\u012bbas darba rezult\u0101tus.<\/p>\n<p>&#8220;Manupr\u0101t, ka\u0161\u0137i koal\u012bcij\u0101 popularit\u0101ti neuzlabo. Varu tikai turpin\u0101t darbu, pild\u012bt v\u0113l\u0113t\u0101jiem dotos sol\u012bjumus un dot cer\u012bbu, ka cilv\u0113ki Latvij\u0101, kas cietu\u0161i no vardarb\u012bbas, var sa\u0146emt pal\u012bdz\u012bbu no valsts, un \u0161aj\u0101 zi\u0146\u0101 nekas nemain\u012bsies, lai ar\u012b k\u0101das b\u016btu diskusijas Saeim\u0101,&#8221; sac\u012bja Sili\u0146a.<\/p>\n<p>Savuk\u0101rt Valsts prezidents atzina, ka \u0161is ir laiks, kad vald\u012bb\u0101m nekl\u0101jas viegli ne tikai Latvij\u0101, bet ar\u012b citviet, jo ir j\u0101pie\u0146em daudzi sare\u017e\u0123\u012bti l\u0113mumi. Vi\u0146\u0161 piebilda, ka ir jaut\u0101jumi, kuros Latvijas vald\u012bbas l\u0113mumi atbilst priorit\u0101t\u0113m, kas j\u0101risina &#8211; dro\u0161\u012bba un aizsardz\u012bba.<\/p>\n<p>&#8220;Tom\u0113r reiz\u0113m l\u0113mumi, kas \u0161\u0137iet pa\u0161saprotami R\u012bg\u0101, pierobe\u017e\u0101, ja tos pietiekami neizskaidro, apaug ar baum\u0101m un spekul\u0101cij\u0101m. Tad ar\u012b pamatots l\u0113mums rada pret\u0113ju efektu,&#8221; nor\u0101d\u012bja Rink\u0113vi\u010ds.<\/p>\n<p>Vi\u0146\u0161 ar\u012b piebilda, ka sabiedr\u012bbu interes\u0113 dro\u0161\u012bba, demogr\u0101fisk\u0101 situ\u0101cija, ce\u013cu st\u0101voklis un vesel\u012bbas apr\u016bpe. Valsts prezidenta v\u0113rt\u0113jum\u0101 ne vienm\u0113r politisko diskusiju centr\u0101 ir tie\u0161i \u0161ie jaut\u0101jumi.<\/p>\n","protected":false},"excerpt":{"rendered":"L\u016bgta koment\u0113t p\u0113t\u012bjumu centra SKDS veikto iedz\u012bvot\u0101ju aptauju, kura liecina, ka vald\u012bba un t\u0101s darbs iedz\u012bvot\u0101jos visbie\u017e\u0101k rada&hellip;\n","protected":false},"author":2,"featured_media":16109,"comment_status":"","ping_status":"","sticky":false,"template":"","format":"standard","meta":{"footnotes":""},"categories":[5],"tags":[23,28,29,1249,3962,32,33,22,30,31,35,39,38,36,37,34,40,20,26,27,24,25,21],"class_list":{"0":"post-16108","1":"post","2":"type-post","3":"status-publish","4":"format-standard","5":"has-post-thumbnail","7":"category-aktualitates","8":"tag-aktualitates","9":"tag-breaking-news","10":"tag-breakingnews","11":"tag-evika-silina","12":"tag-evikas-silinas-valdiba","13":"tag-featured-news","14":"tag-featurednews","15":"tag-headlines","16":"tag-latest-news","17":"tag-latestnews","18":"tag-latvia","19":"tag-latvian","20":"tag-latviesu","21":"tag-latviesu-valoda","22":"tag-latviesuvaloda","23":"tag-latvija","24":"tag-lv","25":"tag-news","26":"tag-popularakas-zinas","27":"tag-popularakaszinas","28":"tag-top-stories","29":"tag-topstories","30":"tag-zinas"},"share_on_mastodon":{"url":"","error":""},"_links":{"self":[{"href":"https:\/\/www.europesays.com\/lv\/wp-json\/wp\/v2\/posts\/16108","targetHints":{"allow":["GET"]}}],"collection":[{"href":"https:\/\/www.europesays.com\/lv\/wp-json\/wp\/v2\/posts"}],"about":[{"href":"https:\/\/www.europesays.com\/lv\/wp-json\/wp\/v2\/types\/post"}],"author":[{"embeddable":true,"href":"https:\/\/www.europesays.com\/lv\/wp-json\/wp\/v2\/users\/2"}],"replies":[{"embeddable":true,"href":"https:\/\/www.europesays.com\/lv\/wp-json\/wp\/v2\/comments?post=16108"}],"version-history":[{"count":0,"href":"https:\/\/www.europesays.com\/lv\/wp-json\/wp\/v2\/posts\/16108\/revisions"}],"wp:featuredmedia":[{"embeddable":true,"href":"https:\/\/www.europesays.com\/lv\/wp-json\/wp\/v2\/media\/16109"}],"wp:attachment":[{"href":"https:\/\/www.europesays.com\/lv\/wp-json\/wp\/v2\/media?parent=16108"}],"wp:term":[{"taxonomy":"category","embeddable":true,"href":"https:\/\/www.europesays.com\/lv\/wp-json\/wp\/v2\/categories?post=16108"},{"taxonomy":"post_tag","embeddable":true,"href":"https:\/\/www.europesays.com\/lv\/wp-json\/wp\/v2\/tags?post=16108"}],"curies":[{"name":"wp","href":"https:\/\/api.w.org\/{rel}","templated":true}]}}