{"id":16178,"date":"2025-10-08T17:32:12","date_gmt":"2025-10-08T17:32:12","guid":{"rendered":"https:\/\/www.europesays.com\/lv\/16178\/"},"modified":"2025-10-08T17:32:12","modified_gmt":"2025-10-08T17:32:12","slug":"izraela-partverusi-vel-devinus-gazas-joslas-flotiles-kugus","status":"publish","type":"post","link":"https:\/\/www.europesays.com\/lv\/16178\/","title":{"rendered":"Izra\u0113la p\u0101rtv\u0113rusi v\u0113l devi\u0146us Gazas joslas flotiles ku\u0123us"},"content":{"rendered":"<p>Kust\u012bbas &#8220;Freedom Flotilla Coalition&#8221; (&#8220;Br\u012bv\u012bbas flotiles koal\u012bcija&#8221;) un &#8220;Thousand Madleens to Gaza&#8221; (&#8220;T\u016bksto\u0161 Madl\u0113nas Gazai&#8221;) soci\u0101lajos t\u012bklos pazi\u0146oja, ka Izra\u0113las armija \u0161or\u012bt aptuveni 220 kilometru att\u0101lum\u0101 no Gazas krastiem aptur\u0113ja devi\u0146us ku\u0123us ar aptuveni 150 akt\u012bvistiem no aptuveni 30 valst\u012bm.<\/p>\n<p>Organiz\u0101cija &#8220;Global Sumud Flotilla&#8221; (&#8220;Glob\u0101l\u0101 Sum\u016bdas flotile&#8221;; GSF) iepriek\u0161 zi\u0146oja, ka Izra\u0113las armija \u0161or\u012bt p\u0101rtv\u0113ra vismaz tr\u012bs ku\u0123us &#8211; &#8220;Gaza Sunbirds&#8221;, &#8220;Alaa Al-Najjar&#8221; un &#8220;Anas Al-Sharif&#8221;, k\u0101 ar\u012b uzbruka ku\u0123im &#8220;Conscience&#8221;, kur\u0101 atrodas vair\u0101k nek\u0101 90 \u017eurn\u0101listu, \u0101rstu un akt\u012bvistu.<\/p>\n<p>Akt\u012bvisti apgalvo, ka ku\u0123iem uzbrukts un tie p\u0101rtverti pretlikum\u012bgi.<\/p>\n<p>Izra\u0113las \u0100rlietu ministrija apstiprin\u0101ja, ka <a href=\"https:\/\/www.tvnet.lv\/term\/555449\/izraela\" class=\"topicLink\" target=\"_blank\" rel=\"nofollow noopener\">Izra\u0113la<\/a> p\u0101rtv\u0113rusi ku\u0123us, kas m\u0113\u0123in\u0101ja sasniegt Gazu.<\/p>\n<p>&#8220;V\u0113l viens velt\u012bgs m\u0113\u0123in\u0101jums p\u0101rraut likum\u012bgo j\u016bras blok\u0101di un iek\u013c\u016bt kaujas zon\u0101 beidzies bez rezult\u0101tiem. Ku\u0123i un pasa\u017eieri nog\u0101d\u0101ti Izra\u0113las ost\u0101,&#8221; ministrija pazi\u0146oja soci\u0101lajos medijos.<\/p>\n<p>&#8220;Visi pasa\u017eieri ir sveiki un veseli. Paredzams, ka pasa\u017eieri tiks nekav\u0113joties deport\u0113ti,&#8221; nor\u0101d\u012bja ministrija.<\/p>\n<blockquote class=\"quote ck-widget\" contenteditable=\"false\">\n<p>&#8220;Br\u012bv\u012bbas flotiles koal\u012bcija&#8221; pazi\u0146oja, ka ku\u0123i veda &#8220;vit\u0101li svar\u012bgu pal\u012bdz\u012bbu vair\u0101k nek\u0101 110 000 dol\u0101ru v\u0113rt\u012bb\u0101 &#8211; medikamentus, elpo\u0161anas iek\u0101rtas un p\u0101rtikas kr\u0101jumus, kas bija paredz\u0113ti bada nomoc\u012btaj\u0101m Gazas slimn\u012bc\u0101m&#8221;.<\/p>\n<\/blockquote>\n<p>Izra\u0113la p\u0113d\u0113jos m\u0113ne\u0161os blo\u0137\u0113jusi vair\u0101ku starptautisku floti\u013cu nok\u013c\u016b\u0161anu l\u012bdz kara plos\u012btajai palest\u012bnie\u0161u teritorijai.<\/p>\n<p>Pag\u0101ju\u0161aj\u0101 ned\u0113\u013c\u0101 Izra\u0113las j\u016bras sp\u0113ki aptur\u0113ja v\u0113l vienu GSF flotili, kur\u0101 bija aptuveni 45 ku\u0123i ar politi\u0137iem un akt\u012bvistiem. Vi\u0146u vid\u016b bija ar\u012b zviedru klimata kampa\u0146as dal\u012bbniece Gr\u0113ta T\u016bnberga.<\/p>\n<p>\u0160is solis daudzviet Eirop\u0101 izrais\u012bja pla\u0161us protestus.<\/p>\n","protected":false},"excerpt":{"rendered":"Kust\u012bbas &#8220;Freedom Flotilla Coalition&#8221; (&#8220;Br\u012bv\u012bbas flotiles koal\u012bcija&#8221;) un &#8220;Thousand Madleens to Gaza&#8221; (&#8220;T\u016bksto\u0161 Madl\u0113nas Gazai&#8221;) soci\u0101lajos t\u012bklos pazi\u0146oja,&hellip;\n","protected":false},"author":2,"featured_media":15996,"comment_status":"","ping_status":"","sticky":false,"template":"","format":"standard","meta":{"footnotes":""},"categories":[14],"tags":[23,57,28,29,32,33,1274,22,493,503,30,31,35,39,38,36,37,34,40,20,26,27,24,25,54,55,56,21,58],"class_list":{"0":"post-16178","1":"post","2":"type-post","3":"status-publish","4":"format-standard","5":"has-post-thumbnail","7":"category-zinas-no-arvalstim","8":"tag-aktualitates","9":"tag-arvalstim","10":"tag-breaking-news","11":"tag-breakingnews","12":"tag-featured-news","13":"tag-featurednews","14":"tag-gazas-josla","15":"tag-headlines","16":"tag-izraela","17":"tag-izraelas-palestiniesu-konflikts","18":"tag-latest-news","19":"tag-latestnews","20":"tag-latvia","21":"tag-latvian","22":"tag-latviesu","23":"tag-latviesu-valoda","24":"tag-latviesuvaloda","25":"tag-latvija","26":"tag-lv","27":"tag-news","28":"tag-popularakas-zinas","29":"tag-popularakaszinas","30":"tag-top-stories","31":"tag-topstories","32":"tag-world","33":"tag-world-news","34":"tag-worldnews","35":"tag-zinas","36":"tag-zinas-no-arvalstim"},"share_on_mastodon":{"url":"","error":""},"_links":{"self":[{"href":"https:\/\/www.europesays.com\/lv\/wp-json\/wp\/v2\/posts\/16178","targetHints":{"allow":["GET"]}}],"collection":[{"href":"https:\/\/www.europesays.com\/lv\/wp-json\/wp\/v2\/posts"}],"about":[{"href":"https:\/\/www.europesays.com\/lv\/wp-json\/wp\/v2\/types\/post"}],"author":[{"embeddable":true,"href":"https:\/\/www.europesays.com\/lv\/wp-json\/wp\/v2\/users\/2"}],"replies":[{"embeddable":true,"href":"https:\/\/www.europesays.com\/lv\/wp-json\/wp\/v2\/comments?post=16178"}],"version-history":[{"count":0,"href":"https:\/\/www.europesays.com\/lv\/wp-json\/wp\/v2\/posts\/16178\/revisions"}],"wp:featuredmedia":[{"embeddable":true,"href":"https:\/\/www.europesays.com\/lv\/wp-json\/wp\/v2\/media\/15996"}],"wp:attachment":[{"href":"https:\/\/www.europesays.com\/lv\/wp-json\/wp\/v2\/media?parent=16178"}],"wp:term":[{"taxonomy":"category","embeddable":true,"href":"https:\/\/www.europesays.com\/lv\/wp-json\/wp\/v2\/categories?post=16178"},{"taxonomy":"post_tag","embeddable":true,"href":"https:\/\/www.europesays.com\/lv\/wp-json\/wp\/v2\/tags?post=16178"}],"curies":[{"name":"wp","href":"https:\/\/api.w.org\/{rel}","templated":true}]}}