{"id":16200,"date":"2025-10-08T18:04:10","date_gmt":"2025-10-08T18:04:10","guid":{"rendered":"https:\/\/www.europesays.com\/lv\/16200\/"},"modified":"2025-10-08T18:04:10","modified_gmt":"2025-10-08T18:04:10","slug":"saeimas-komisija-sak-skatit-ieceri-par-izstasanos-no-stambulas-konvencijas","status":"publish","type":"post","link":"https:\/\/www.europesays.com\/lv\/16200\/","title":{"rendered":"Saeimas komisij\u0101 s\u0101k skat\u012bt ieceri par izst\u0101\u0161anos no Stambulas konvencijas"},"content":{"rendered":"<p>P\u0113c Palkovas uzrunas M\u016brniece pazi\u0146oja, ka s\u0113de tiks turpin\u0101ta tre\u0161dien, 15.oktobr\u012b. Tad b\u016b\u0161ot ar\u012b laiks politiskajai diskusijai.<\/p>\n<p>Ar\u012b Cepur\u012btis s\u0113des nosl\u0113gum\u0101 p\u0101rmeta, ka komisijas deput\u0101tiem aizvien nav likumprojekta anot\u0101cijas. Tagad s\u0113des norise tiek sadal\u012bta, lai &#8220;Latvija pirmaj\u0101 viet\u0101&#8221; kop\u0101 ar komisijas vad\u012bbu var\u0113tu izstr\u0101d\u0101t \u0161o anot\u0101ciju.<\/p>\n<p>Kalni\u0146a-Luka\u0161evica savuk\u0101rt vaic\u0101ja, kad tiks dots v\u0101rds nevalstiskaj\u0101m organiz\u0101cij\u0101m un citiem. M\u016brniece uz to attrauca ar kritiku, ka konvencijas ratifik\u0101cija savulaik notikusi steidzam\u012bbas k\u0101rt\u012bb\u0101, priek\u0161likumu sagatavo\u0161anai dodot tikai 15 min\u016btes. Vi\u0146a nevarot pateikt, vai 15.oktobr\u012b tiks beigts darbs pie likumprojekta skat\u012b\u0161anas, bet &#8220;\u0161\u012b komisija&#8221; str\u0101d\u0101\u0161ot lab\u0101k un l\u0113mums b\u016b\u0161ot balst\u012bts faktos.<\/p>\n<p>Latvij\u0101 Eiropas Padomes Konvencija par vardarb\u012bbas pret sieviet\u0113m un vardarb\u012bbas \u0123imen\u0113 nov\u0113r\u0161anu un apkaro\u0161anu jeb t\u0101 d\u0113v\u0113t\u0101 Stambulas konvencija st\u0101j\u0101s sp\u0113k\u0101 pag\u0101ju\u0161\u0101 gada 1.maij\u0101. Tas ir starptautisks l\u012bgums, kas paredz, ka t\u0101 dal\u012bbvalst\u012bm ir j\u0101izstr\u0101d\u0101 saska\u0146ota politika, lai lab\u0101k var\u0113tu aizsarg\u0101t sievietes no visu veidu vardarb\u012bbas, k\u0101 ar\u012b sievietes un v\u012brie\u0161us no vardarb\u012bbas \u0123imen\u0113. Tostarp dal\u012bbvalst\u012bm ir j\u0101nodro\u0161ina cietu\u0161ajiem vispus\u012bga pal\u012bdz\u012bba un aizsardz\u012bba, kr\u012bzes centri, kr\u012bzes t\u0101lrunis, kas darbojas diennakti, specializ\u0113tie atbalsta centri no seksu\u0101las vardarb\u012bbas cietu\u0161\u0101m person\u0101m, j\u0101aizsarg\u0101 un j\u0101atbalsta b\u0113rni, kas ir vardarb\u012bbas liecinieki.<\/p>\n<p>Jau v\u0113st\u012bts, ka septembra izska\u0146\u0101, pateicoties Za\u013co un zemnieku savien\u012bbas (ZZS) balsojumam Saeim\u0101 par Stambulas konvencijas denons\u0113\u0161anu, s\u0101k\u0101s izteikta nestabilit\u0101te vald\u012bbas koal\u012bcij\u0101. Koal\u012bcijas partneri gan ap\u0146\u0113mu\u0161ies str\u0101d\u0101t, lai pie\u0146emtu n\u0101kam\u0101 gada &#8220;dro\u0161\u012bbas bud\u017eetu&#8221;, ta\u010du tic\u012bbu Sili\u0146as vald\u012bbas sp\u0113jai str\u0101d\u0101t ilgtermi\u0146\u0101 nu jau pau\u017e vien retais politi\u0137is.<\/p>\n<p>&#8220;Jaunajai vienot\u012bbai&#8221; Saeim\u0101 ir 25 deput\u0101ti, ZZS frakcij\u0101 &#8211; 16 deput\u0101ti, bet &#8220;Progres\u012bvo&#8221; rind\u0101s &#8211; asto\u0146i Saeimas deput\u0101ti. &#8220;Apvienotajam sarakstam&#8221; ir 13 deput\u0101ti, Nacion\u0101lajai apvien\u012bbai &#8211; 12 deput\u0101ti, &#8220;Latvija pirmaj\u0101 viet\u0101&#8221; un &#8220;Stabilit\u0101tei&#8221; &#8211; katr\u0101 pa asto\u0146iem deput\u0101tiem. V\u0113l Saeim\u0101 ir 10 pie frakcij\u0101m nepiedero\u0161i deput\u0101ti, da\u017ei no kuriem atbalsta valdo\u0161o koal\u012bciju.<\/p>\n","protected":false},"excerpt":{"rendered":"P\u0113c Palkovas uzrunas M\u016brniece pazi\u0146oja, ka s\u0113de tiks turpin\u0101ta tre\u0161dien, 15.oktobr\u012b. Tad b\u016b\u0161ot ar\u012b laiks politiskajai diskusijai. Ar\u012b&hellip;\n","protected":false},"author":2,"featured_media":16201,"comment_status":"","ping_status":"","sticky":false,"template":"","format":"standard","meta":{"footnotes":""},"categories":[5],"tags":[23,28,29,32,33,22,30,31,35,39,38,36,37,34,40,20,26,27,141,2023,24,25,899,21],"class_list":{"0":"post-16200","1":"post","2":"type-post","3":"status-publish","4":"format-standard","5":"has-post-thumbnail","7":"category-aktualitates","8":"tag-aktualitates","9":"tag-breaking-news","10":"tag-breakingnews","11":"tag-featured-news","12":"tag-featurednews","13":"tag-headlines","14":"tag-latest-news","15":"tag-latestnews","16":"tag-latvia","17":"tag-latvian","18":"tag-latviesu","19":"tag-latviesu-valoda","20":"tag-latviesuvaloda","21":"tag-latvija","22":"tag-lv","23":"tag-news","24":"tag-popularakas-zinas","25":"tag-popularakaszinas","26":"tag-saeima","27":"tag-stambulas-konvencija","28":"tag-top-stories","29":"tag-topstories","30":"tag-vardarbiba","31":"tag-zinas"},"share_on_mastodon":{"url":"","error":""},"_links":{"self":[{"href":"https:\/\/www.europesays.com\/lv\/wp-json\/wp\/v2\/posts\/16200","targetHints":{"allow":["GET"]}}],"collection":[{"href":"https:\/\/www.europesays.com\/lv\/wp-json\/wp\/v2\/posts"}],"about":[{"href":"https:\/\/www.europesays.com\/lv\/wp-json\/wp\/v2\/types\/post"}],"author":[{"embeddable":true,"href":"https:\/\/www.europesays.com\/lv\/wp-json\/wp\/v2\/users\/2"}],"replies":[{"embeddable":true,"href":"https:\/\/www.europesays.com\/lv\/wp-json\/wp\/v2\/comments?post=16200"}],"version-history":[{"count":0,"href":"https:\/\/www.europesays.com\/lv\/wp-json\/wp\/v2\/posts\/16200\/revisions"}],"wp:featuredmedia":[{"embeddable":true,"href":"https:\/\/www.europesays.com\/lv\/wp-json\/wp\/v2\/media\/16201"}],"wp:attachment":[{"href":"https:\/\/www.europesays.com\/lv\/wp-json\/wp\/v2\/media?parent=16200"}],"wp:term":[{"taxonomy":"category","embeddable":true,"href":"https:\/\/www.europesays.com\/lv\/wp-json\/wp\/v2\/categories?post=16200"},{"taxonomy":"post_tag","embeddable":true,"href":"https:\/\/www.europesays.com\/lv\/wp-json\/wp\/v2\/tags?post=16200"}],"curies":[{"name":"wp","href":"https:\/\/api.w.org\/{rel}","templated":true}]}}