{"id":16204,"date":"2025-10-08T18:10:22","date_gmt":"2025-10-08T18:10:22","guid":{"rendered":"https:\/\/www.europesays.com\/lv\/16204\/"},"modified":"2025-10-08T18:10:22","modified_gmt":"2025-10-08T18:10:22","slug":"turpinas-ierobezojumus-latvijas-austrumu-pierobezas-gaisa-telpa","status":"publish","type":"post","link":"https:\/\/www.europesays.com\/lv\/16204\/","title":{"rendered":"Turpin\u0101s ierobe\u017eojumus Latvijas austrumu pierobe\u017eas gaisa telp\u0101"},"content":{"rendered":"<p>Saska\u0146\u0101 ar Nacion\u0101lo bru\u0146oto sp\u0113ku izv\u0113rt\u0113jumu t\u016bl\u012bt\u0113ja milit\u0101ra apdraud\u0113juma Latvijai nav, ta\u010du visaptvero\u0161as valsts aizsardz\u012bbas m\u0101c\u012bbu &#8220;Namejs 2025&#8221; laik\u0101 Nacion\u0101lie bru\u0146otie sp\u0113ki ir paaugstin\u0101t\u0101 gatav\u012bb\u0101.<\/p>\n<p>Lai mazin\u0101tu dronu apdraud\u0113jumu, Latvijas austrumu pierobe\u017e\u0101 past\u0101v\u012bg\u0101 de\u017e\u016br\u0101 atrodas Nacion\u0101lo bru\u0146oto sp\u0113ku pretgaisa aizsardz\u012bbas vien\u012bbas, lai vajadz\u012bbas gad\u012bjum\u0101 notriektu agresorvalstu dronus. T\u0101pat ir pastiprin\u0101ta NATO patrul\u0113\u0161anas misija, k\u0101 ar\u012b tiek ieviestas jaunas akustisk\u0101s gaisa telpas nov\u0113ro\u0161anas sist\u0113mas. P\u0113d\u0113j\u0101 gada laik\u0101 ir veikti groz\u012bjumi normat\u012bvajos aktos, kas sadarb\u012bb\u0101 ar &#8220;Latvijas gaisa satiksmi&#8221; \u013cauj \u0101tri sl\u0113gt gaisa telpu apdraud\u0113t\u0101s teritorij\u0101s. T\u0101pat ir veiktas izmai\u0146as, kas pastiprina lidojumu kontroli Latvijas austrumu gaisa telp\u0101.<\/p>\n<p>Aizsardz\u012bbas ministrs visaptvero\u0161as valsts aizsardz\u012bbas m\u0101c\u012bbu &#8220;Namejs 2025&#8221; laik\u0101 uzdeva Nacion\u0101lajiem bru\u0146otajiem sp\u0113kiem pastiprin\u0101t gatav\u012bbu, lai nodro\u0161in\u0101tu Latvijas gaisa, informat\u012bv\u0101s un kibertelpas pastiprin\u0101tu nov\u0113ro\u0161anu, k\u0101 ar\u012b veikt visu zemessargu apzi\u0146o\u0161anu ar m\u0113r\u0137i noskaidrot vi\u0146u gatav\u012bbu ierasties vien\u012bb\u0101s un veikt kaujas uzdevumus.<\/p>\n<p>Nacion\u0101lo bru\u0146oto sp\u0113ku organiz\u0113t\u0101s visaptvero\u0161as valsts aizsardz\u012bbas m\u0101c\u012bbas &#8220;Namejs 2025&#8221; vis\u0101 Latvij\u0101 notiek no 2.septembra l\u012bdz 8.oktobrim. Taj\u0101s piedal\u0101s karav\u012bri un zemessargi no vis\u0101m Nacion\u0101lo bru\u0146oto sp\u0113ku vien\u012bb\u0101m, tostarp valsts aizsardz\u012bbas dienesta karav\u012bri, rezerves karav\u012bri, un sabiedroto bru\u0146oto sp\u0113ku karav\u012bri.<\/p>\n","protected":false},"excerpt":{"rendered":"Saska\u0146\u0101 ar Nacion\u0101lo bru\u0146oto sp\u0113ku izv\u0113rt\u0113jumu t\u016bl\u012bt\u0113ja milit\u0101ra apdraud\u0113juma Latvijai nav, ta\u010du visaptvero\u0161as valsts aizsardz\u012bbas m\u0101c\u012bbu &#8220;Namejs 2025&#8221;&hellip;\n","protected":false},"author":2,"featured_media":16205,"comment_status":"","ping_status":"","sticky":false,"template":"","format":"standard","meta":{"footnotes":""},"categories":[5],"tags":[626,23,625,28,29,32,33,22,30,31,35,39,38,36,37,34,40,71,20,26,27,24,25,21],"class_list":{"0":"post-16204","1":"post","2":"type-post","3":"status-publish","4":"format-standard","5":"has-post-thumbnail","7":"category-aktualitates","8":"tag-aizsardzibas-ministrija","9":"tag-aktualitates","10":"tag-austrumu-robeza","11":"tag-breaking-news","12":"tag-breakingnews","13":"tag-featured-news","14":"tag-featurednews","15":"tag-headlines","16":"tag-latest-news","17":"tag-latestnews","18":"tag-latvia","19":"tag-latvian","20":"tag-latviesu","21":"tag-latviesu-valoda","22":"tag-latviesuvaloda","23":"tag-latvija","24":"tag-lv","25":"tag-nato","26":"tag-news","27":"tag-popularakas-zinas","28":"tag-popularakaszinas","29":"tag-top-stories","30":"tag-topstories","31":"tag-zinas"},"share_on_mastodon":{"url":"","error":""},"_links":{"self":[{"href":"https:\/\/www.europesays.com\/lv\/wp-json\/wp\/v2\/posts\/16204","targetHints":{"allow":["GET"]}}],"collection":[{"href":"https:\/\/www.europesays.com\/lv\/wp-json\/wp\/v2\/posts"}],"about":[{"href":"https:\/\/www.europesays.com\/lv\/wp-json\/wp\/v2\/types\/post"}],"author":[{"embeddable":true,"href":"https:\/\/www.europesays.com\/lv\/wp-json\/wp\/v2\/users\/2"}],"replies":[{"embeddable":true,"href":"https:\/\/www.europesays.com\/lv\/wp-json\/wp\/v2\/comments?post=16204"}],"version-history":[{"count":0,"href":"https:\/\/www.europesays.com\/lv\/wp-json\/wp\/v2\/posts\/16204\/revisions"}],"wp:featuredmedia":[{"embeddable":true,"href":"https:\/\/www.europesays.com\/lv\/wp-json\/wp\/v2\/media\/16205"}],"wp:attachment":[{"href":"https:\/\/www.europesays.com\/lv\/wp-json\/wp\/v2\/media?parent=16204"}],"wp:term":[{"taxonomy":"category","embeddable":true,"href":"https:\/\/www.europesays.com\/lv\/wp-json\/wp\/v2\/categories?post=16204"},{"taxonomy":"post_tag","embeddable":true,"href":"https:\/\/www.europesays.com\/lv\/wp-json\/wp\/v2\/tags?post=16204"}],"curies":[{"name":"wp","href":"https:\/\/api.w.org\/{rel}","templated":true}]}}