{"id":16225,"date":"2025-10-08T18:39:11","date_gmt":"2025-10-08T18:39:11","guid":{"rendered":"https:\/\/www.europesays.com\/lv\/16225\/"},"modified":"2025-10-08T18:39:11","modified_gmt":"2025-10-08T18:39:11","slug":"publiceta-jauna-ukrainas-raketes-garais-neptuns-fotografija","status":"publish","type":"post","link":"https:\/\/www.europesays.com\/lv\/16225\/","title":{"rendered":"Public\u0113ta jauna Ukrainas ra\u0137etes &#8220;Garais Nept\u016bns&#8221; fotogr\u0101fija"},"content":{"rendered":"<p>Ra\u0137ete b\u016btiski at\u0161\u0137iras no R-360 mode\u013ca, k\u0101 ir at\u0161\u0137ir\u012bgas modifik\u0101cijas, kas ieguvusi nosaukumu &#8220;Garais Nept\u016bns&#8221;.<\/p>\n<p>J\u0101teic, ka parastajai R-360 darb\u012bbas r\u0101diuss ir 280 kilometri, kam\u0113r &#8220;Garais Nept\u016bns&#8221; var tr\u0101p\u012bt m\u0113r\u0137iem 1000 kilometru att\u0101lum\u0101.<\/p>\n<p>2025. gada. s\u0101kum\u0101 zi\u0146ots, ka <a href=\"https:\/\/www.apollo.lv\/term\/8497\/ukraina\" class=\"topicLink\" target=\"_blank\" rel=\"nofollow noopener\">Ukraina<\/a> visdr\u012bz\u0101k veiksm\u012bgi izm\u0113\u0123in\u0101jusi jauno t\u0101las darb\u012bbas sp\u0101rnoto ra\u0137eti &#8220;Garais Nept\u016bns&#8221;, kas izrais\u012bja pla\u0161u ugunsgr\u0113ku Krievijas naftas p\u0101rstr\u0101des r\u016bpn\u012bc\u0101 Tuaps\u0113.<\/p>\n<p>&#8220;Sargs.lv&#8221; zi\u0146oja, ka ra\u0137ete &#8220;Nept\u016bns&#8221; s\u0101kotn\u0113ji tika izstr\u0101d\u0101ta k\u0101 pretku\u0123u ierocis ar 300 kilometru darb\u012bbas r\u0101diusu un 150 kg kaujas galvi\u0146u. T\u0101 tika rad\u012bta uz padomju ra\u0137etes X-35 b\u0101zes un pirmo reizi prezent\u0113ta 2015. gad\u0101.<\/p>\n<p>Ra\u0137ete k\u013cuva slavena p\u0113c tam, kad 2022. gad\u0101 t\u0101 nogremd\u0113ja Krievijas Meln\u0101s j\u016bras flotes flagmani \u2013 kreiseri &#8220;Moskva&#8221;.<\/p>\n","protected":false},"excerpt":{"rendered":"Ra\u0137ete b\u016btiski at\u0161\u0137iras no R-360 mode\u013ca, k\u0101 ir at\u0161\u0137ir\u012bgas modifik\u0101cijas, kas ieguvusi nosaukumu &#8220;Garais Nept\u016bns&#8221;. J\u0101teic, ka parastajai&hellip;\n","protected":false},"author":2,"featured_media":16226,"comment_status":"","ping_status":"","sticky":false,"template":"","format":"standard","meta":{"footnotes":""},"categories":[12],"tags":[23,28,29,32,33,22,74,30,31,35,39,38,36,37,34,40,20,26,27,24,25,276,21],"class_list":{"0":"post-16225","1":"post","2":"type-post","3":"status-publish","4":"format-standard","5":"has-post-thumbnail","7":"category-latvija","8":"tag-aktualitates","9":"tag-breaking-news","10":"tag-breakingnews","11":"tag-featured-news","12":"tag-featurednews","13":"tag-headlines","14":"tag-krievijas-iebrukums-ukraina","15":"tag-latest-news","16":"tag-latestnews","17":"tag-latvia","18":"tag-latvian","19":"tag-latviesu","20":"tag-latviesu-valoda","21":"tag-latviesuvaloda","22":"tag-latvija","23":"tag-lv","24":"tag-news","25":"tag-popularakas-zinas","26":"tag-popularakaszinas","27":"tag-top-stories","28":"tag-topstories","29":"tag-ukraina","30":"tag-zinas"},"share_on_mastodon":{"url":"","error":""},"_links":{"self":[{"href":"https:\/\/www.europesays.com\/lv\/wp-json\/wp\/v2\/posts\/16225","targetHints":{"allow":["GET"]}}],"collection":[{"href":"https:\/\/www.europesays.com\/lv\/wp-json\/wp\/v2\/posts"}],"about":[{"href":"https:\/\/www.europesays.com\/lv\/wp-json\/wp\/v2\/types\/post"}],"author":[{"embeddable":true,"href":"https:\/\/www.europesays.com\/lv\/wp-json\/wp\/v2\/users\/2"}],"replies":[{"embeddable":true,"href":"https:\/\/www.europesays.com\/lv\/wp-json\/wp\/v2\/comments?post=16225"}],"version-history":[{"count":0,"href":"https:\/\/www.europesays.com\/lv\/wp-json\/wp\/v2\/posts\/16225\/revisions"}],"wp:featuredmedia":[{"embeddable":true,"href":"https:\/\/www.europesays.com\/lv\/wp-json\/wp\/v2\/media\/16226"}],"wp:attachment":[{"href":"https:\/\/www.europesays.com\/lv\/wp-json\/wp\/v2\/media?parent=16225"}],"wp:term":[{"taxonomy":"category","embeddable":true,"href":"https:\/\/www.europesays.com\/lv\/wp-json\/wp\/v2\/categories?post=16225"},{"taxonomy":"post_tag","embeddable":true,"href":"https:\/\/www.europesays.com\/lv\/wp-json\/wp\/v2\/tags?post=16225"}],"curies":[{"name":"wp","href":"https:\/\/api.w.org\/{rel}","templated":true}]}}