{"id":16277,"date":"2025-10-08T20:05:08","date_gmt":"2025-10-08T20:05:08","guid":{"rendered":"https:\/\/www.europesays.com\/lv\/16277\/"},"modified":"2025-10-08T20:05:08","modified_gmt":"2025-10-08T20:05:08","slug":"raimonda-paula-intara-busula-un-andra-keisa-albuma-sekspirs-soneti-atskanojumi-iekaro-klausitaju-sirdis-lente-lv","status":"publish","type":"post","link":"https:\/\/www.europesays.com\/lv\/16277\/","title":{"rendered":"Raimonda Paula, Intara Busu\u013ca un Andra Kei\u0161a albuma \u00ab\u0160eksp\u012brs. Soneti\u00bb atska\u0146ojumi iekaro klaus\u012bt\u0101ju sirdis\u00a0\u2014\u00a0Lente.lv"},"content":{"rendered":"<p>Latvijas m\u016bzikas un kult\u016bras vid\u0113 uzplaukusi jauna, izsmalcin\u0101ta p\u0113rle \u2013 klaj\u0101 n\u0101cis albums \u00abPauls. Busulis. Kei\u0161s. \u0160eksp\u012brs. Soneti\u00bb. \u0160is unik\u0101lais projekts apvieno Maestro Raimonda Paula neaizsniedzamo muzik\u0101lo \u0123\u0113niju ar Viljama \u0160eksp\u012bra m\u016b\u017eam dz\u012bvajiem sonetiem, ko ar \u012bpa\u0161u j\u016bt\u012bgumu un aizraut\u012bbu atdz\u012bvina dzied\u0101t\u0101js Intars Busulis un aktieris Andris Kei\u0161s. Albums, kas izdots Dzejas dienu laik\u0101, jau guvis pla\u0161u atzin\u012bbu un tiek uzskat\u012bts par noz\u012bm\u012bgu notikumu Latvijas kult\u016brtelpas att\u012bst\u012bb\u0101.<\/p>\n<p>M\u016bzikas un dzejas dialogs gadsimtu lokos<\/p>\n<p>Projekta pamat\u0101 ir Raimonda Paula rad\u012bt\u0101 ori\u0123in\u0101l\u0101 m\u016bzika, kas apliecina vi\u0146a sp\u0113ju dzi\u013ci izprast un interpret\u0113t klasisko dzeju. Komponists ir rad\u012bjis smalku muzik\u0101lu audumu, kas cie\u0161i savijas ar \u0160eksp\u012bra v\u0101rdiem, pie\u0161\u0137irot tiem jaunu elpu un emocion\u0101lu dzi\u013cumu. Intara Busu\u013ca harism\u0101tisk\u0101 balss un unik\u0101l\u0101 interpret\u0101cija pie\u0161\u0137ir dziesm\u0101m int\u012bmit\u0101ti un aizraut\u012bbu, savuk\u0101rt Andra Kei\u0161a spilgt\u0101 un juteklisk\u0101 dzejas las\u012bjumu interpret\u0101cija pie\u0161\u0137ir dramatisko dzi\u013cumu un pies\u0101tin\u0101t\u012bbu. \u0160\u012b apvien\u012bba ir apliecin\u0101jums tam, ka patiesai m\u0101kslai nav robe\u017eu un ka klasisk\u0101 dzeja joproj\u0101m sp\u0113j uzrun\u0101t m\u016bsdienu cilv\u0113ku. \u0160is ir ne tikai muzik\u0101ls, bet ar\u012b liter\u0101rs notikums, kas savieno 16. gadsimta dzejas sp\u0113ku ar 21. gadsimta m\u016bzikas puls\u0101ciju, radot unik\u0101lu ska\u0146u ainavu, kas sp\u0113j aizkustin\u0101t un iedvesmot.<\/p>\n<p>Album\u0101 iek\u013cautie darbi ir rezult\u0101ts r\u016bp\u012bgai sadarb\u012bbai, kur\u0101 katrs m\u0101kslinieks devis savu unik\u0101lo ieguld\u012bjumu. Raimonds Pauls rad\u012bjis m\u016bziku un sp\u0113l\u0113 klavieres, Intars Busulis nodro\u0161ina vok\u0101lo izpild\u012bjumu, bet Andris Kei\u0161s pievieno sonetu las\u012bjumus. Ierakstu Latvijas Radio 1. studij\u0101 produc\u0113jis M\u0101ris Brie\u017ekalns, bet tehnisko pusi nodro\u0161in\u0101jis P\u0101vels Mali\u0161kins. Albuma vizu\u0101lo noform\u0113jumu veidojis m\u0101kslinieks br\u0101lis Y, bet v\u0101ka fotogr\u0101fijas autors ir J\u0101nis Deinats. \u012apa\u0161u uzman\u012bbu piesaista dziesmas \u00ab\u0160\u012bs l\u016bpas, kur\u0101s m\u012bla kv\u0113l\u00bb videoversija, ko rad\u012bjis Kaspars Dvinskis, pie\u0161\u0137irot dziesmai papildu vizu\u0101lo dimensiju un emocion\u0101lo sp\u0113ku.<\/p>\n<p>Koncertuzvedumi k\u0101 m\u016bzikas un dzejas svin\u012bbas<\/p>\n<p>Albuma izn\u0101k\u0161ana ir cie\u0161i saist\u012bta ar aizraujo\u0161u koncertuzvedumu, kas \u013cauj klaus\u012bt\u0101jiem piedz\u012bvot \u0161o unik\u0101lo m\u0101kslas projektu kl\u0101tien\u0113. Pirmie \u0161\u0101di pas\u0101kumi notika m\u016bzikas nam\u0101 \u00abDaile\u00bb 2025. gada 20. septembr\u012b, un v\u0113l viena iesp\u0113ja baud\u012bt \u0161o m\u0101ksliniecisko fenomenu bija 2025. gada 16. oktobr\u012b. Koncertu apmekl\u0113t\u0101jiem bija pieejams jaun\u0101 albuma CD izdevums, un tiek pl\u0101nots, ka l\u012bdz gada beig\u0101m izdevniec\u012bba \u00abMicRec\u00bb izdos ar\u012b vinila ska\u0146uplati. Albums ir pieejams ar\u012b vis\u0101s popul\u0101r\u0101kaj\u0101s straum\u0113\u0161anas un lejupiel\u0101des platform\u0101s, bet CD eksempl\u0101rus iesp\u0113jams pas\u016bt\u012bt \u00abMicRec\u00bb m\u0101jaslap\u0101.<\/p>\n<p>\u0160is muzik\u0101lais un liter\u0101rais ce\u013cojums, kur\u0101 satiekas laikmeti, sniedz klaus\u012bt\u0101jiem unik\u0101lu iesp\u0113ju vien\u0101 vakar\u0101 izbaud\u012bt gan izcilu m\u016bziku, gan pasaules literat\u016bras d\u0101rgakme\u0146us. T\u0101 ir drosm\u012bga un inovat\u012bva pieeja, kas apliecina, cik bag\u0101t\u012bga un daudzveid\u012bga var b\u016bt m\u0101kslinieku sadarb\u012bba, kad tiek p\u0101rvar\u0113tas \u017eanru un laikmetu robe\u017eas. \u0160is projekts kalpo k\u0101 spo\u017ea iedvesmas dzirksts n\u0101kamaj\u0101m rado\u0161aj\u0101m paaudz\u0113m, mudinot t\u0101s mekl\u0113t jaunus un negaid\u012btus veidus, k\u0101 interpret\u0113t un atdz\u012bvin\u0101t klasiskos darbus, pied\u0101v\u0101jot tiem svaigas formas un perspekt\u012bvas.<\/p>\n<p>Mantojuma dialogs un m\u0101kslas transform\u0113jo\u0161ais sp\u0113ks<\/p>\n<p>\u00ab\u0160eksp\u012brs. Soneti\u00bb ir vair\u0101k nek\u0101 vienk\u0101r\u0161i albums vai koncerts; tas ir dzi\u013c\u0161 dialogs ar pag\u0101tni, t\u0101s m\u016bsdien\u012bga interpret\u0101cija un nodo\u0161ana n\u0101kamaj\u0101m paaudz\u0113m. Tas ir dz\u012bvs apliecin\u0101jums tam, ka kult\u016bras mantojums nav tikai v\u0113stures putek\u013cos ieskauta liec\u012bba, bet gan nep\u0101rtraukts dialogs, kas bag\u0101tina m\u016bsdienas. \u0160eksp\u012bra soneti, kas rad\u012bti 16. gadsimt\u0101, piedz\u012bvo jaunu elpo\u0161anu Maestro Paula rad\u012btaj\u0101 m\u016bzik\u0101, \u013caujot mums tos izjust ar 21. gadsimta j\u016bt\u012bgumu un izpratni. Tas ir k\u0101 veca v\u012bna baud\u012b\u0161ana jaun\u0101 trauk\u0101 \u2013 gar\u0161a paliek izsmalcin\u0101ta, bet pasnieg\u0161anas veids pie\u0161\u0137ir jaunu eleganci.<\/p>\n<p>\u0160\u012b drosm\u012bg\u0101 sadarb\u012bba starp Raimondu Paulu, Intaru Busuli un Andri Kei\u0161u ir apliecin\u0101jums m\u0101kslas transform\u0113jo\u0161ajam sp\u0113kam. \u010cetri v\u0101rdi \u2013 \u0160eksp\u012brs, Pauls, Busulis, Kei\u0161s \u2013 saviju\u0161ies vien\u0101 unik\u0101l\u0101 m\u0101kslas darb\u0101, kas atg\u0101dina par nepiecie\u0161am\u012bbu apst\u0101ties un ieklaus\u012bties laikmetu krustpunkt\u0101, kur cilv\u0113ka balss un m\u016bzika sapl\u016bst ar nemirst\u012bgu dzeju, radot harmoniju, kas p\u0101rsniedz ikdieni\u0161\u0137o un aizskar m\u016b\u017e\u012bgo. T\u0101 ir d\u0101vana Latvijas un pasaules klaus\u012bt\u0101jiem, aicin\u0101jums atkl\u0101t un izbaud\u012bt m\u0101kslu t\u0101s patiesaj\u0101, neaiz\u0113notaj\u0101 sp\u0113k\u0101.<\/p>\n","protected":false},"excerpt":{"rendered":"Latvijas m\u016bzikas un kult\u016bras vid\u0113 uzplaukusi jauna, izsmalcin\u0101ta p\u0113rle \u2013 klaj\u0101 n\u0101cis albums \u00abPauls. Busulis. Kei\u0161s. \u0160eksp\u012brs. Soneti\u00bb.&hellip;\n","protected":false},"author":2,"featured_media":16278,"comment_status":"","ping_status":"","sticky":false,"template":"","format":"standard","meta":{"footnotes":""},"categories":[19],"tags":[5391,89,4322,90,35,39,38,36,37,34,40,2606,2672,5570],"class_list":{"0":"post-16277","1":"post","2":"type-post","3":"status-publish","4":"format-standard","5":"has-post-thumbnail","7":"category-izklaide","8":"tag-andris-keiss","9":"tag-entertainment","10":"tag-intars-busulis","11":"tag-izklaide","12":"tag-latvia","13":"tag-latvian","14":"tag-latviesu","15":"tag-latviesu-valoda","16":"tag-latviesuvaloda","17":"tag-latvija","18":"tag-lv","19":"tag-muzikas-albums","20":"tag-raimonds-pauls","21":"tag-sekspira-soneti"},"share_on_mastodon":{"url":"","error":""},"_links":{"self":[{"href":"https:\/\/www.europesays.com\/lv\/wp-json\/wp\/v2\/posts\/16277","targetHints":{"allow":["GET"]}}],"collection":[{"href":"https:\/\/www.europesays.com\/lv\/wp-json\/wp\/v2\/posts"}],"about":[{"href":"https:\/\/www.europesays.com\/lv\/wp-json\/wp\/v2\/types\/post"}],"author":[{"embeddable":true,"href":"https:\/\/www.europesays.com\/lv\/wp-json\/wp\/v2\/users\/2"}],"replies":[{"embeddable":true,"href":"https:\/\/www.europesays.com\/lv\/wp-json\/wp\/v2\/comments?post=16277"}],"version-history":[{"count":0,"href":"https:\/\/www.europesays.com\/lv\/wp-json\/wp\/v2\/posts\/16277\/revisions"}],"wp:featuredmedia":[{"embeddable":true,"href":"https:\/\/www.europesays.com\/lv\/wp-json\/wp\/v2\/media\/16278"}],"wp:attachment":[{"href":"https:\/\/www.europesays.com\/lv\/wp-json\/wp\/v2\/media?parent=16277"}],"wp:term":[{"taxonomy":"category","embeddable":true,"href":"https:\/\/www.europesays.com\/lv\/wp-json\/wp\/v2\/categories?post=16277"},{"taxonomy":"post_tag","embeddable":true,"href":"https:\/\/www.europesays.com\/lv\/wp-json\/wp\/v2\/tags?post=16277"}],"curies":[{"name":"wp","href":"https:\/\/api.w.org\/{rel}","templated":true}]}}