{"id":162787,"date":"2026-03-25T15:51:09","date_gmt":"2026-03-25T15:51:09","guid":{"rendered":"https:\/\/www.europesays.com\/lv\/162787\/"},"modified":"2026-03-25T15:51:09","modified_gmt":"2026-03-25T15:51:09","slug":"foto-%e2%9f%a9-valsts-augstakas-amatpersonas-pie-okupacijas-muzeja-piemin-komunistiska-genocida-upurus","status":"publish","type":"post","link":"https:\/\/www.europesays.com\/lv\/162787\/","title":{"rendered":"FOTO \u27e9 Valsts augst\u0101k\u0101s amatpersonas pie Okup\u0101cijas muzeja piemin komunistisk\u0101 genoc\u012bda upurus"},"content":{"rendered":"<p>Pas\u0101kum\u0101 tika velt\u012bts klusuma br\u012bdis 42 125 deport\u0113tajiem iedz\u012bvot\u0101jiem, un p\u0113c Valsts prezidenta runas Nacion\u0101lo bru\u0146oto sp\u0113ku \u0160t\u0101ba or\u0137estris izpild\u012bja valsts himnu, kuras laik\u0101 kl\u0101teso\u0161ie vienoj\u0101s dziesm\u0101.<\/p>\n<p>Piemi\u0146as pas\u0101kum\u0101 izs\u016bt\u012btos ar ziediem godin\u0101ja ar\u012b v\u0113stnieki, daudznacion\u0101l\u0101s brig\u0101des virsnieki un citi kl\u0101teso\u0161ie.<\/p>\n<p>Str\u0113lnieku laukums bija norobe\u017eots, un pas\u0101kumu uzraudz\u012bja pa\u0161vald\u012bbas policija.<\/p>\n<p>Valsts augst\u0101k\u0101s amatpersonas piemi\u0146as dienu atz\u012bm\u0113 ar\u012b soci\u0101lajos medijos. Mieri\u0146a pauda, ka sabiedr\u012bbas atbild\u012bba ir nepie\u013caut v\u0113stures atk\u0101rto\u0161anos, stiprin\u0101t savu valsti un sabiedr\u012bbas notur\u012bbu. Savuk\u0101rt Saeimas priek\u0161s\u0113d\u0113t\u0101jas biedre Zanda Kalni\u0146a-Luka\u0161evica (JV) pauda, ka v\u0113sture ir j\u0101zina, lai sp\u0113tu sevi pasarg\u0101t, un ka m\u016bsdienu Krievija ir Sta\u013cina re\u017e\u012bma brut\u0101lisma mantiniece un turpin\u0101t\u0101ja.<\/p>\n<p>Saeimas deput\u0101te un \u0100rlietu komisijas priek\u0161s\u0113d\u0113t\u0101ja In\u0101ra M\u016brniece (NA) public\u0113ja, ka laik\u0101, kad ukrai\u0146u tauta ik dienu c\u012bn\u0101s pret Krievijas agresiju un ne\u017e\u0113l\u012bbu, \u0161\u012b v\u0113stures m\u0101c\u012bba liek b\u016bt modriem, ka j\u0101sarg\u0101 sava zeme un alla\u017e j\u0101nost\u0101jas taisn\u012bbas pus\u0113. Savuk\u0101rt \u0101rlietu ministre Baiba Bra\u017ee (JV) public\u0113ja informat\u012bvu ierakstu ang\u013cu valod\u0101 par piemi\u0146as dienu.<\/p>\n<p>\u0160ogad aprit 77 gadi, kop\u0161 1949. gada 25. mart\u0101 s\u0101k\u0101s vispla\u0161\u0101k\u0101 Baltijas valstu iedz\u012bvot\u0101ju deport\u0101cijas akcija, kas slepeni saukta &#8220;Krasta banga&#8221;. 1949. gad\u0101 no 25. marta l\u012bdz 30. martam no Latvijas 33 lopu vagonos sta\u013ciniskais re\u017e\u012bms uz Sib\u012brijas un T\u0101lo Austrumu apgabaliem izs\u016bt\u012bja 42 125 cilv\u0113kus jeb 2,2% no Latvijas iedz\u012bvot\u0101jiem, taj\u0101 skait\u0101 16 869 v\u012brie\u0161us un 25 256 sievietes. Vi\u0146u vid\u016b bija 10 987 b\u0113rni vecum\u0101 l\u012bdz 16 gadiem.<\/p>\n<p>Pieskaitot pa ce\u013cam uz Sib\u012briju dzimu\u0161os b\u0113rnus un cilv\u0113kus, kuri tika izs\u016bt\u012bti vai pievienoj\u0101s \u0123imen\u0113m p\u0113c 30. marta, kop\u0113jais deport\u0101cijas upuru skaits ir 44 271 cilv\u0113ks. Liel\u0101k\u0101 da\u013ca no vi\u0146iem ietilpa &#8220;kulaku&#8221; kategorij\u0101 &#8211; 67,7%. 94,5% no izs\u016bt\u012btajiem bija latvie\u0161i, n\u0101kam\u0101s liel\u0101k\u0101s grupas bija krievi, po\u013ci un baltkrievi.<\/p>\n","protected":false},"excerpt":{"rendered":"Pas\u0101kum\u0101 tika velt\u012bts klusuma br\u012bdis 42 125 deport\u0113tajiem iedz\u012bvot\u0101jiem, un p\u0113c Valsts prezidenta runas Nacion\u0101lo bru\u0146oto sp\u0113ku \u0160t\u0101ba&hellip;\n","protected":false},"author":2,"featured_media":162788,"comment_status":"","ping_status":"","sticky":false,"template":"","format":"standard","meta":{"footnotes":"","_share_on_mastodon":"0"},"categories":[5],"tags":[23,28,29,816,32,33,27488,22,30,31,35,39,38,36,37,34,40,20,26,27,24,25,21],"class_list":["post-162787","post","type-post","status-publish","format-standard","has-post-thumbnail","category-aktualitates","tag-aktualitates","tag-breaking-news","tag-breakingnews","tag-edgars-rinkevics","tag-featured-news","tag-featurednews","tag-genocids","tag-headlines","tag-latest-news","tag-latestnews","tag-latvia","tag-latvian","tag-latviesu","tag-latviesu-valoda","tag-latviesuvaloda","tag-latvija","tag-lv","tag-news","tag-popularakas-zinas","tag-popularakaszinas","tag-top-stories","tag-topstories","tag-zinas"],"share_on_mastodon":{"url":"https:\/\/pubeurope.com\/@lv\/116290616232637067","error":""},"_links":{"self":[{"href":"https:\/\/www.europesays.com\/lv\/wp-json\/wp\/v2\/posts\/162787","targetHints":{"allow":["GET"]}}],"collection":[{"href":"https:\/\/www.europesays.com\/lv\/wp-json\/wp\/v2\/posts"}],"about":[{"href":"https:\/\/www.europesays.com\/lv\/wp-json\/wp\/v2\/types\/post"}],"author":[{"embeddable":true,"href":"https:\/\/www.europesays.com\/lv\/wp-json\/wp\/v2\/users\/2"}],"replies":[{"embeddable":true,"href":"https:\/\/www.europesays.com\/lv\/wp-json\/wp\/v2\/comments?post=162787"}],"version-history":[{"count":0,"href":"https:\/\/www.europesays.com\/lv\/wp-json\/wp\/v2\/posts\/162787\/revisions"}],"wp:featuredmedia":[{"embeddable":true,"href":"https:\/\/www.europesays.com\/lv\/wp-json\/wp\/v2\/media\/162788"}],"wp:attachment":[{"href":"https:\/\/www.europesays.com\/lv\/wp-json\/wp\/v2\/media?parent=162787"}],"wp:term":[{"taxonomy":"category","embeddable":true,"href":"https:\/\/www.europesays.com\/lv\/wp-json\/wp\/v2\/categories?post=162787"},{"taxonomy":"post_tag","embeddable":true,"href":"https:\/\/www.europesays.com\/lv\/wp-json\/wp\/v2\/tags?post=162787"}],"curies":[{"name":"wp","href":"https:\/\/api.w.org\/{rel}","templated":true}]}}