{"id":16289,"date":"2025-10-08T20:56:10","date_gmt":"2025-10-08T20:56:10","guid":{"rendered":"https:\/\/www.europesays.com\/lv\/16289\/"},"modified":"2025-10-08T20:56:10","modified_gmt":"2025-10-08T20:56:10","slug":"eiropai-ir-jaatbild-uz-krievijas-hibrido-karadarbibu-uzsver-leiena","status":"publish","type":"post","link":"https:\/\/www.europesays.com\/lv\/16289\/","title":{"rendered":"Eiropai ir j\u0101atbild uz Krievijas hibr\u012bdo karadarb\u012bbu, uzsver Leiena"},"content":{"rendered":"<p>Vi\u0146a nor\u0101d\u012bja, ka hibr\u012bdie uzbrukumi tiek \u012bstenoti &#8220;pel\u0113kaj\u0101 zon\u0101&#8221;, bet uzsv\u0113ra, ka \u0161ie incidenti nav nejau\u0161i. &#8220;T\u0101 ir saska\u0146ota un pieaugo\u0161a kampa\u0146a,&#8221; sac\u012bja Leiena.<\/p>\n<p>&#8220;Divi incidenti ir nejau\u0161\u012bba, bet tr\u012bs, pieci, desmit &#8211; t\u0101 ir apzin\u0101ta un m\u0113r\u0137tiec\u012bga pel\u0113k\u0101s zonas kampa\u0146a pret Eiropu, un Eiropai ir j\u0101rea\u0123\u0113,&#8221; vi\u0146a uzsv\u0113ra.<\/p>\n<p>Rea\u0123\u0113jot uz Krievijas dronu un izn\u012bcin\u0101t\u0101ju veiktajiem gaisa telpas p\u0101rk\u0101pumiem Polij\u0101, Igaunij\u0101 un Rum\u0101nij\u0101, un neidentific\u0113tajiem droniem D\u0101nij\u0101, V\u0101cij\u0101 un Be\u013c\u0123ij\u0101, ES valstis pl\u0101no kop\u012bgus projektus bloka aizsardz\u012bbas stiprin\u0101\u0161anai, tai skait\u0101 dronu sienas izveidi.<\/p>\n<p>&#8220;Mums ir ne tikai j\u0101rea\u0123\u0113. Mums [draudi] ir j\u0101attur, jo, ja m\u0113s vilcin\u0101simies r\u012bkoties, pel\u0113k\u0101 zona tikai papla\u0161in\u0101sies,&#8221; nor\u0101d\u012bja Leiena.<\/p>\n<p>&#8220;Eiropas Savien\u012bbas pamatuzdevums ir saglab\u0101t mieru, un \u0161odien tas noz\u012bm\u0113, ka tai ir j\u0101b\u016bt sp\u0113jai attur\u0113t no agresijas un provok\u0101cij\u0101m,&#8221; vi\u0146a piebilda.<\/p>\n<p>ES l\u012bderi \u0161om\u0113nes samit\u0101 Brisel\u0113 cent\u012bsies vienoties par ietvaru, lai sagatavotu bloku Krievijas draudu atvair\u012b\u0161anai turpm\u0101kajos gados.<\/p>\n<p>&#8220;T\u0101d\u0113j\u0101di tiks noteikti ne tikai kop\u012bgi m\u0113r\u0137i, bet ar\u012b \u013coti konkr\u0113ti atskaites punkti un termi\u0146i ce\u013c\u0101 uz 2030.gadu, jo m\u0113s visi zin\u0101m, ka tikai tas, kas tiek nom\u0113r\u012bts, patie\u0161\u0101m tiek paveikts,&#8221; sac\u012bja Leiena. Vi\u0146a uzsv\u0113ra, ka c\u012b\u0146ai pret Krievijas hibr\u012bdkaru ir nepiecie\u0161ams &#8220;piln\u012bgi jauns dom\u0101\u0161anas veids mums visiem&#8221;.<\/p>\n<p>&#8220;M\u016bsu izv\u0113le ir \u013coti vienk\u0101r\u0161a. Vai nu m\u0113s varam vair\u012bties un v\u0113rot, k\u0101 Krievijas draudi pieaug, vai ar\u012b m\u0113s st\u0101jamies tiem pret\u012b ar vienot\u012bbu, attur\u0113\u0161anu un ap\u0146\u0113m\u012bbu,&#8221; uzskata Leiena.<\/p>\n","protected":false},"excerpt":{"rendered":"Vi\u0146a nor\u0101d\u012bja, ka hibr\u012bdie uzbrukumi tiek \u012bstenoti &#8220;pel\u0113kaj\u0101 zon\u0101&#8221;, bet uzsv\u0113ra, ka \u0161ie incidenti nav nejau\u0161i. &#8220;T\u0101 ir&hellip;\n","protected":false},"author":2,"featured_media":16290,"comment_status":"","ping_status":"","sticky":false,"template":"","format":"standard","meta":{"footnotes":""},"categories":[14],"tags":[23,57,28,29,514,32,33,22,1571,234,74,30,31,35,39,38,36,37,34,40,20,26,27,24,25,5507,54,55,56,21,58],"class_list":{"0":"post-16289","1":"post","2":"type-post","3":"status-publish","4":"format-standard","5":"has-post-thumbnail","7":"category-zinas-no-arvalstim","8":"tag-aktualitates","9":"tag-arvalstim","10":"tag-breaking-news","11":"tag-breakingnews","12":"tag-eiropas-savieniba","13":"tag-featured-news","14":"tag-featurednews","15":"tag-headlines","16":"tag-hibridkars","17":"tag-krievija","18":"tag-krievijas-iebrukums-ukraina","19":"tag-latest-news","20":"tag-latestnews","21":"tag-latvia","22":"tag-latvian","23":"tag-latviesu","24":"tag-latviesu-valoda","25":"tag-latviesuvaloda","26":"tag-latvija","27":"tag-lv","28":"tag-news","29":"tag-popularakas-zinas","30":"tag-popularakaszinas","31":"tag-top-stories","32":"tag-topstories","33":"tag-urzula-fon-der-leiena","34":"tag-world","35":"tag-world-news","36":"tag-worldnews","37":"tag-zinas","38":"tag-zinas-no-arvalstim"},"share_on_mastodon":{"url":"","error":""},"_links":{"self":[{"href":"https:\/\/www.europesays.com\/lv\/wp-json\/wp\/v2\/posts\/16289","targetHints":{"allow":["GET"]}}],"collection":[{"href":"https:\/\/www.europesays.com\/lv\/wp-json\/wp\/v2\/posts"}],"about":[{"href":"https:\/\/www.europesays.com\/lv\/wp-json\/wp\/v2\/types\/post"}],"author":[{"embeddable":true,"href":"https:\/\/www.europesays.com\/lv\/wp-json\/wp\/v2\/users\/2"}],"replies":[{"embeddable":true,"href":"https:\/\/www.europesays.com\/lv\/wp-json\/wp\/v2\/comments?post=16289"}],"version-history":[{"count":0,"href":"https:\/\/www.europesays.com\/lv\/wp-json\/wp\/v2\/posts\/16289\/revisions"}],"wp:featuredmedia":[{"embeddable":true,"href":"https:\/\/www.europesays.com\/lv\/wp-json\/wp\/v2\/media\/16290"}],"wp:attachment":[{"href":"https:\/\/www.europesays.com\/lv\/wp-json\/wp\/v2\/media?parent=16289"}],"wp:term":[{"taxonomy":"category","embeddable":true,"href":"https:\/\/www.europesays.com\/lv\/wp-json\/wp\/v2\/categories?post=16289"},{"taxonomy":"post_tag","embeddable":true,"href":"https:\/\/www.europesays.com\/lv\/wp-json\/wp\/v2\/tags?post=16289"}],"curies":[{"name":"wp","href":"https:\/\/api.w.org\/{rel}","templated":true}]}}