{"id":16299,"date":"2025-10-08T21:17:06","date_gmt":"2025-10-08T21:17:06","guid":{"rendered":"https:\/\/www.europesays.com\/lv\/16299\/"},"modified":"2025-10-08T21:17:06","modified_gmt":"2025-10-08T21:17:06","slug":"valmieras-koncertu-ieskandinot-astronout-nak-klaja-ar-jaunako-singlu-garlaicigi-nav","status":"publish","type":"post","link":"https:\/\/www.europesays.com\/lv\/16299\/","title":{"rendered":"Valmieras koncertu ieskandinot, Astro&#8217;n&#8217;out n\u0101k klaj\u0101 ar jaun\u0101ko singlu \u201cGarlaic\u012bgi nav\u201d"},"content":{"rendered":"<p><img fetchpriority=\"high\" decoding=\"async\" width=\"1024\" height=\"576\" src=\"https:\/\/www.europesays.com\/lv\/wp-content\/uploads\/2025\/10\/Astronout-GarlaicigiNav_promo-1024x576.jpg\" alt=\"\" class=\"wp-image-977453\"  \/>Publicit\u0101tes foto\u00a0<\/p>\n<p>Savu pirmo akustisko koncertt\u016bri ieskandinot, grupa \u201cAstro\u2019n\u2019out\u201d n\u0101k klaj\u0101 ar jaunu singlu \u201cGarlaic\u012bgi nav!\u201d. Dziesmas videoversija ataino to gai\u0161o saj\u016btu, ko grupa pl\u0101no ar\u012b kl\u0101tien\u0113 sniegt t\u016bres koncertu apmekl\u0113t\u0101jiem. T\u0101 tapusi sadarb\u012bb\u0101 ar producentu Andi Ansonu un skan k\u0101 mierin\u0101jums m\u016bsdienu p\u0101rs\u0101tin\u0101taj\u0101 laikmet\u0101, kad \u0161\u0137iet, ka visu laiku esam spiesti rea\u0123\u0113t uz apk\u0101rt\u0113jo pasauli un ir tik daudz, par ko p\u0101rdz\u012bvot.<\/p>\n<p>\u201cFr\u0101ze \u201cGarlaic\u012bgi nav\u201d ir t\u0101, kuru izmantojam m\u0101j\u0101s, kad netiekam gal\u0101 ar b\u0113rniem, darbiem, emocij\u0101m, bet, par sp\u012bti saj\u016btu karuselim, vienm\u0113r atceramies nov\u0113rt\u0113t mums doto,\u201d saka grupas soliste M\u0101ra Upmane-Hol\u0161teine.\u00a0\u201cVideoklipa centr\u0101 eso\u0161\u0101 c\u0113lo\u0146u un seku mijiedarb\u012bba jeb tauri\u0146a efekts, kas atg\u0101dina, ka viss ir savstarp\u0113ji saist\u012bts, br\u012bni\u0161\u0137\u012bgi atspogu\u013co ar\u012b m\u016bsu ilgtsp\u0113j\u012bg\u0101s t\u016bres eksperimenta ideju: cik iesp\u0113jami dabai saudz\u012bgu koncertu m\u0113s sp\u0113jam noorganiz\u0113t t\u0101, lai neciestu m\u0101ksliniecisk\u0101s ieceres?\u201d<\/p>\n<p>L\u012bdz ar jaun\u0101 singla izn\u0101k\u0161anu grupa akt\u012bvi gatavojas\u00a0 akustiskajai koncertt\u016brei ar\u00a0nosaukumu\u00a0\u201cM\u016bc\u201d,\u00a0kas n\u0101kamned\u0113\u013c, 17. oktobr\u012b, tiks atkl\u0101ta ar pirmo koncertu Valmier\u0101. Jau dr\u012bzum\u0101 \u201cAstro\u2019n\u2019out\u201d viesosies ar\u012b cit\u0101s Latvijas pils\u0113t\u0101s:\u00a02. novembr\u012b Liep\u0101j\u0101, 10. novembr\u012b Jelgav\u0101, 14. novembr\u012b Kuld\u012bg\u0101, 29. novembr\u012b R\u0113zekn\u0113, k\u0101 ar\u012b 5. un 6. decembr\u012b R\u012bg\u0101, kur\u00a0tiks aizvad\u012bti divi nosl\u0113dzo\u0161ie koncerti.<\/p>\n<p><img loading=\"lazy\" decoding=\"async\" width=\"1024\" height=\"704\" src=\"https:\/\/www.europesays.com\/lv\/wp-content\/uploads\/2025\/10\/Astronout-Muc-tures_afisa-Hor-1024x704.jpg\" alt=\"\" class=\"wp-image-977454\"  \/><\/p>\n<p>Gaid\u0101m\u0101 koncertt\u016bre pl\u0101nota k\u0101 int\u012bma satik\u0161an\u0101s ar grupu bez l\u012bdz \u0161im ierast\u0101 \u0161ova un\u00a0ball\u012btes,\u00a0k\u0101da 2023. gada nogales lielkoncert\u0101 ar v\u0113rienu pieskandin\u0101ja \u201cAr\u0113nu R\u012bga\u201d. T\u0101dej\u0101di Astro\u2019n\u2019out uzst\u0101\u0161an\u0101s katr\u0101 no pils\u0113t\u0101m raksturos pieklusin\u0101tas gaismas, lakoniskas dekor\u0101cijas un visam pamat\u0101 \u2013 personiskas sarunas. Koncertos izskan\u0113s gan grupas jaun\u0101kie singli, gan ar\u012b jau pla\u0161i iem\u012b\u013cotas dziesmas, kas klaus\u012bt\u0101jiem tiks pied\u0101v\u0101tas akustisk\u0101s versij\u0101s, pie\u0161\u0137irot t\u0101m jaunu, v\u0113l nedzird\u0113tu skan\u0113jumu.<\/p>\n<p>Bi\u013cetes uz koncertiem pieejamas\u00a0\u00a0Bi\u013ce\u0161u Serviss\u00a0kas\u0113s, k\u0101 ar\u012b tie\u0161saist\u0113 Bilesuserviss.lv.<\/p>\n<p>Dziesmas autori:<br \/>M\u016bzika: Astro\u2019n\u2019out (M\u0101ra Upmane-Hol\u0161teine, Juris Kalni\u0161s, M\u0101rti\u0146\u0161 Elerts, Toms Poi\u0161s, M\u0101rti\u0146\u0161 Opmanis), Andis Ansons<br \/>V\u0101rdi: M\u0101ra Upmane-Hol\u0161teine<\/p>\n<p>Producents: Andis Ansons\u00a0<\/p>\n<p><img loading=\"lazy\" decoding=\"async\" width=\"832\" height=\"1024\" src=\"https:\/\/www.europesays.com\/lv\/wp-content\/uploads\/2025\/10\/Muc_Valmiera_17.10-832x1024.png\" alt=\"\" class=\"wp-image-977455\"  \/>                    <\/p>\n","protected":false},"excerpt":{"rendered":"Publicit\u0101tes foto\u00a0 Savu pirmo akustisko koncertt\u016bri ieskandinot, grupa \u201cAstro\u2019n\u2019out\u201d n\u0101k klaj\u0101 ar jaunu singlu \u201cGarlaic\u012bgi nav!\u201d. Dziesmas videoversija&hellip;\n","protected":false},"author":2,"featured_media":16300,"comment_status":"","ping_status":"","sticky":false,"template":"","format":"standard","meta":{"footnotes":""},"categories":[19],"tags":[5574,89,5575,90,202,35,39,38,36,37,34,40,5576,5577],"class_list":{"0":"post-16299","1":"post","2":"type-post","3":"status-publish","4":"format-standard","5":"has-post-thumbnail","7":"category-izklaide","8":"tag-astronout","9":"tag-entertainment","10":"tag-garlaiciginav","11":"tag-izklaide","12":"tag-koncerts","13":"tag-latvia","14":"tag-latvian","15":"tag-latviesu","16":"tag-latviesu-valoda","17":"tag-latviesuvaloda","18":"tag-latvija","19":"tag-lv","20":"tag-muc","21":"tag-singls"},"share_on_mastodon":{"url":"","error":""},"_links":{"self":[{"href":"https:\/\/www.europesays.com\/lv\/wp-json\/wp\/v2\/posts\/16299","targetHints":{"allow":["GET"]}}],"collection":[{"href":"https:\/\/www.europesays.com\/lv\/wp-json\/wp\/v2\/posts"}],"about":[{"href":"https:\/\/www.europesays.com\/lv\/wp-json\/wp\/v2\/types\/post"}],"author":[{"embeddable":true,"href":"https:\/\/www.europesays.com\/lv\/wp-json\/wp\/v2\/users\/2"}],"replies":[{"embeddable":true,"href":"https:\/\/www.europesays.com\/lv\/wp-json\/wp\/v2\/comments?post=16299"}],"version-history":[{"count":0,"href":"https:\/\/www.europesays.com\/lv\/wp-json\/wp\/v2\/posts\/16299\/revisions"}],"wp:featuredmedia":[{"embeddable":true,"href":"https:\/\/www.europesays.com\/lv\/wp-json\/wp\/v2\/media\/16300"}],"wp:attachment":[{"href":"https:\/\/www.europesays.com\/lv\/wp-json\/wp\/v2\/media?parent=16299"}],"wp:term":[{"taxonomy":"category","embeddable":true,"href":"https:\/\/www.europesays.com\/lv\/wp-json\/wp\/v2\/categories?post=16299"},{"taxonomy":"post_tag","embeddable":true,"href":"https:\/\/www.europesays.com\/lv\/wp-json\/wp\/v2\/tags?post=16299"}],"curies":[{"name":"wp","href":"https:\/\/api.w.org\/{rel}","templated":true}]}}