{"id":16304,"date":"2025-10-08T21:22:08","date_gmt":"2025-10-08T21:22:08","guid":{"rendered":"https:\/\/www.europesays.com\/lv\/16304\/"},"modified":"2025-10-08T21:22:08","modified_gmt":"2025-10-08T21:22:08","slug":"japievers-uzmaniba-sarunvalodai-bernu-starpa-pirmsskolas-iestades","status":"publish","type":"post","link":"https:\/\/www.europesays.com\/lv\/16304\/","title":{"rendered":"J\u0101piev\u0113r\u0161 uzman\u012bba sarunvalodai b\u0113rnu starp\u0101 pirmsskolas iest\u0101d\u0113s"},"content":{"rendered":"<p>Komisijas deput\u0101ti tre\u0161dien dev\u0101s izbraukuma s\u0113d\u0113 uz R\u012bgas 75.pamatskolu, lai spriestu par aktu\u0101lo situ\u0101ciju un izaicin\u0101jumiem, p\u0101rejot uz m\u0101c\u012bb\u0101m tikai latvie\u0161u valod\u0101. K\u0101 nor\u0101d\u012bja K\u016btris, deput\u0101ti v\u0113l\u0113ju\u0161ies noskaidrot, k\u0101 vienot\u0101s skolas reforma \u012bstenojas dz\u012bv\u0113.<\/p>\n<p>Esot secin\u0101ts, ka skolas v\u0113l &#8220;mok\u0101s&#8221; ar pedagogu tr\u016bkumu, kas var\u0113tu kvalitat\u012bvi m\u0101c\u012bt latvie\u0161u valod\u0101, reiz\u0113 apzinoties, ka ne visi b\u0113rni visu latvie\u0161u valod\u0101 saprot. Tas noz\u012bm\u0113, ka \u0161iem b\u0113rniem latvie\u0161u valoda nav zin\u0101ma pietiekam\u0101 l\u012bmen\u012b, jau n\u0101kot uz skolu no pirmsskolas iest\u0101d\u0113m, skaidroja K\u016btris.<\/p>\n<p>&#8220;J\u0101piev\u0113r\u0161 uzman\u012bba, k\u0101 pirmsskolas izgl\u012bt\u012bbas iest\u0101d\u0113s b\u0113rni sarun\u0101jas latvie\u0161u valod\u0101 &#8211; tam, k\u0101 notiek sarunvaloda,&#8221; sac\u012bja K\u016btris.<\/p>\n<p>Vi\u0146\u0161 ar\u012b atz\u012bm\u0113ja, ka Izgl\u012bt\u012bbas un zin\u0101tnes ministrija esot sol\u012bjusi, ka notiks monitorings, lai vis\u0101s skol\u0101s pras\u012bbas p\u0101rejai uz latvie\u0161u valodu notiktu vien\u0101di, lai neb\u016btu t\u0101, ka skolot\u0101js vai b\u0113rns no vienas skolas &#8220;p\u0101rskrien&#8221; uz citu skolu ar iesp\u0113ju, ka taj\u0101 skol\u0101 ir viegl\u0101k, jo pras\u012bbas nav tikpat augstas.<\/p>\n<p>Jau zi\u0146ots, ka \u0161is ir tre\u0161ais un nosl\u0113dzo\u0161ais m\u0101c\u012bbu gads, kad Latvijas izgl\u012bt\u012bbas iest\u0101d\u0113s, kas \u012bsteno maz\u0101kumtaut\u012bbu pamatizgl\u012bt\u012bbas programmu, p\u0101riet uz m\u0101c\u012bb\u0101m tikai latvie\u0161u valod\u0101.<\/p>\n","protected":false},"excerpt":{"rendered":"Komisijas deput\u0101ti tre\u0161dien dev\u0101s izbraukuma s\u0113d\u0113 uz R\u012bgas 75.pamatskolu, lai spriestu par aktu\u0101lo situ\u0101ciju un izaicin\u0101jumiem, p\u0101rejot uz&hellip;\n","protected":false},"author":2,"featured_media":16305,"comment_status":"","ping_status":"","sticky":false,"template":"","format":"standard","meta":{"footnotes":""},"categories":[5],"tags":[23,5579,28,29,32,33,22,30,31,35,39,38,36,37,34,40,20,5578,26,27,24,25,21],"class_list":{"0":"post-16304","1":"post","2":"type-post","3":"status-publish","4":"format-standard","5":"has-post-thumbnail","7":"category-aktualitates","8":"tag-aktualitates","9":"tag-berns-pirmsskolas-bernudarzs","10":"tag-breaking-news","11":"tag-breakingnews","12":"tag-featured-news","13":"tag-featurednews","14":"tag-headlines","15":"tag-latest-news","16":"tag-latestnews","17":"tag-latvia","18":"tag-latvian","19":"tag-latviesu","20":"tag-latviesu-valoda","21":"tag-latviesuvaloda","22":"tag-latvija","23":"tag-lv","24":"tag-news","25":"tag-pirmsskolas-izglitiba","26":"tag-popularakas-zinas","27":"tag-popularakaszinas","28":"tag-top-stories","29":"tag-topstories","30":"tag-zinas"},"share_on_mastodon":{"url":"","error":""},"_links":{"self":[{"href":"https:\/\/www.europesays.com\/lv\/wp-json\/wp\/v2\/posts\/16304","targetHints":{"allow":["GET"]}}],"collection":[{"href":"https:\/\/www.europesays.com\/lv\/wp-json\/wp\/v2\/posts"}],"about":[{"href":"https:\/\/www.europesays.com\/lv\/wp-json\/wp\/v2\/types\/post"}],"author":[{"embeddable":true,"href":"https:\/\/www.europesays.com\/lv\/wp-json\/wp\/v2\/users\/2"}],"replies":[{"embeddable":true,"href":"https:\/\/www.europesays.com\/lv\/wp-json\/wp\/v2\/comments?post=16304"}],"version-history":[{"count":0,"href":"https:\/\/www.europesays.com\/lv\/wp-json\/wp\/v2\/posts\/16304\/revisions"}],"wp:featuredmedia":[{"embeddable":true,"href":"https:\/\/www.europesays.com\/lv\/wp-json\/wp\/v2\/media\/16305"}],"wp:attachment":[{"href":"https:\/\/www.europesays.com\/lv\/wp-json\/wp\/v2\/media?parent=16304"}],"wp:term":[{"taxonomy":"category","embeddable":true,"href":"https:\/\/www.europesays.com\/lv\/wp-json\/wp\/v2\/categories?post=16304"},{"taxonomy":"post_tag","embeddable":true,"href":"https:\/\/www.europesays.com\/lv\/wp-json\/wp\/v2\/tags?post=16304"}],"curies":[{"name":"wp","href":"https:\/\/api.w.org\/{rel}","templated":true}]}}