{"id":16312,"date":"2025-10-08T21:28:10","date_gmt":"2025-10-08T21:28:10","guid":{"rendered":"https:\/\/www.europesays.com\/lv\/16312\/"},"modified":"2025-10-08T21:28:10","modified_gmt":"2025-10-08T21:28:10","slug":"sogad-videja-gada-inflacija-sagaidama-35-4-robezas","status":"publish","type":"post","link":"https:\/\/www.europesays.com\/lv\/16312\/","title":{"rendered":"\u0160ogad vid\u0113j\u0101 gada infl\u0101cija sagaid\u0101ma 3,5-4% robe\u017e\u0101s"},"content":{"rendered":"<p>M\u0113ne\u0161a laik\u0101 &#8220;Brent&#8221; naftas cena sv\u0101rst\u012bj\u0101s 66-70 ASV dol\u0101ru par barelu robe\u017e\u0101s. EM skaidro, ka m\u0113ne\u0161a s\u0101kum\u0101 cenas pieauga, atbalstot ba\u017eas par Krievijas pieg\u0101\u017eu trauc\u0113jumiem un pozit\u012bviem datiem no \u0136\u012bnas, kas liecin\u0101ja par ra\u017eo\u0161anas aktivit\u0101tes atjauno\u0161anos. Tom\u0113r pieaugumu ierobe\u017eoja gaidas par OPEC+ iesp\u0113jamu ieguves palielin\u0101jumu un sign\u0101li par p\u0101rpalikuma riskiem tirg\u016b.<\/p>\n<p>M\u0113ne\u0161a vid\u016b cenu spiedienu lejup rad\u012bja ASV kr\u0101jumu pieaugums un v\u0101jin\u0101ta degvielas piepras\u012bjuma prognoze, savuk\u0101rt septembra otraj\u0101 pus\u0113 naftas cenas da\u013c\u0113ji atguv\u0101s, rea\u0123\u0113jot uz atk\u0101rtotiem Ukrainas uzbrukumiem Krievijas ener\u0123\u0113tikas infrastrukt\u016brai un ASV kr\u0101jumu samazin\u0101\u0161anos, kas rad\u012bja ba\u017eas par pied\u0101v\u0101juma ierobe\u017eojumiem. EM nor\u0101da, ka kopum\u0101 \u0161ie faktori l\u012bdzsvaroj\u0101s, uzturot cenas relat\u012bvi stabilas visa m\u0113ne\u0161a garum\u0101.<\/p>\n<p>Noz\u012bm\u012bga ietekme bija ar\u012b cenu kritumam ar m\u0101jok\u013ca iek\u0101rtu un uztur\u0113\u0161anu saist\u012bt\u0101m prec\u0113m &#8211; par 1,5%, kas kop\u0113jo pat\u0113ri\u0146a cenu l\u012bmeni samazin\u0101ja par 0,05 procentpunktiem. EM ieskat\u0101 liel\u0101k\u0101 ietekme bija cenu kritumam t\u012br\u012b\u0161anas un kop\u0161anas l\u012bdzek\u013ciem.<\/p>\n<p>Pakalpojumiem septembr\u012b cenas kopum\u0101 nemain\u012bj\u0101s. Liel\u0101ko palielino\u0161o ietekmi uz pat\u0113ri\u0146a cen\u0101m rad\u012bja augst\u0101k\u0101s izgl\u012bt\u012bbas pakalpojumu sad\u0101rdzin\u0101\u0161an\u0101s, kas saist\u012bta ar jaun\u0101 akad\u0113misk\u0101 gada s\u0101kumu un studiju maksas pieaugumu. EM nor\u0101da, ka papildu ietekmi sniedza \u016bdensapg\u0101des un kanaliz\u0101cijas pakalpojumu tarifu k\u0101pums, k\u0101 ar\u012b ambulatoro medic\u012bnas pakalpojumu sad\u0101rdzin\u0101\u0161an\u0101s \u0101rstu speci\u0101listu un zob\u0101rstniec\u012bbas segment\u0101.<\/p>\n<p>Savuk\u0101rt visliel\u0101ko samazino\u0161o ietekmi uz kop\u0113jo cenu l\u012bmeni atst\u0101ja pasa\u017eieru p\u0101rvad\u0101jumu cenu kritums, skaidro EM. Cenas samazin\u0101j\u0101s gan aviop\u0101rvad\u0101jumos, gan p\u0101rvad\u0101jumos pa autoce\u013ciem un j\u016bru, bet visvair\u0101k &#8211; aviop\u0101rvad\u0101jumos, sezon\u0101l\u0101 piepras\u012bjuma mazin\u0101\u0161an\u0101s d\u0113\u013c.<\/p>\n<p>T\u0101pat EM v\u0113r\u0161 uzman\u012bbu, ka izmitin\u0101\u0161anas pakalpojumu cenas septembr\u012b iev\u0113rojami saruka, atspogu\u013cojot t\u016brisma sezonas nosl\u0113gumu un zem\u0101ku viesu aktivit\u0101ti naktsm\u012btn\u0113s, neskatoties uz septembra pirmaj\u0101 pus\u0113 R\u012bg\u0101 notiku\u0161aj\u0101m Eiropas \u010dempion\u0101ta basketbol\u0101 sp\u0113l\u0113m, kas tikai \u012bslaic\u012bgi veicin\u0101ja viesn\u012bcu noslogojumu galvaspils\u0113t\u0101.<\/p>\n<p>Cit\u0101s pre\u010du un pakalpojumu grup\u0101s cenu sv\u0101rst\u012bbas aizvad\u012btaj\u0101 m\u0113nes\u012b kop\u0113jo cenu l\u012bmeni b\u016btiski neietekm\u0113ja, nor\u0101da EM.<\/p>\n<p>\u0160\u012b gada septembr\u012b, sal\u012bdzinot ar iepriek\u0161\u0113j\u0101 gada septembri, pat\u0113ri\u0146a cenas pieauga par 4,1%. Gada vid\u0113j\u0101 <a href=\"https:\/\/www.tvnet.lv\/term\/556983\/inflacija\" class=\"topicLink\" target=\"_blank\" rel=\"nofollow noopener\">infl\u0101cija<\/a> bija 3,4%.<\/p>\n","protected":false},"excerpt":{"rendered":"M\u0113ne\u0161a laik\u0101 &#8220;Brent&#8221; naftas cena sv\u0101rst\u012bj\u0101s 66-70 ASV dol\u0101ru par barelu robe\u017e\u0101s. EM skaidro, ka m\u0113ne\u0161a s\u0101kum\u0101 cenas&hellip;\n","protected":false},"author":2,"featured_media":16313,"comment_status":"","ping_status":"","sticky":false,"template":"","format":"standard","meta":{"footnotes":""},"categories":[5],"tags":[23,28,29,32,33,22,550,5580,30,31,35,39,38,36,37,34,40,20,26,27,24,25,21],"class_list":{"0":"post-16312","1":"post","2":"type-post","3":"status-publish","4":"format-standard","5":"has-post-thumbnail","7":"category-aktualitates","8":"tag-aktualitates","9":"tag-breaking-news","10":"tag-breakingnews","11":"tag-featured-news","12":"tag-featurednews","13":"tag-headlines","14":"tag-inflacija","15":"tag-inflacija-deflacija","16":"tag-latest-news","17":"tag-latestnews","18":"tag-latvia","19":"tag-latvian","20":"tag-latviesu","21":"tag-latviesu-valoda","22":"tag-latviesuvaloda","23":"tag-latvija","24":"tag-lv","25":"tag-news","26":"tag-popularakas-zinas","27":"tag-popularakaszinas","28":"tag-top-stories","29":"tag-topstories","30":"tag-zinas"},"share_on_mastodon":{"url":"","error":""},"_links":{"self":[{"href":"https:\/\/www.europesays.com\/lv\/wp-json\/wp\/v2\/posts\/16312","targetHints":{"allow":["GET"]}}],"collection":[{"href":"https:\/\/www.europesays.com\/lv\/wp-json\/wp\/v2\/posts"}],"about":[{"href":"https:\/\/www.europesays.com\/lv\/wp-json\/wp\/v2\/types\/post"}],"author":[{"embeddable":true,"href":"https:\/\/www.europesays.com\/lv\/wp-json\/wp\/v2\/users\/2"}],"replies":[{"embeddable":true,"href":"https:\/\/www.europesays.com\/lv\/wp-json\/wp\/v2\/comments?post=16312"}],"version-history":[{"count":0,"href":"https:\/\/www.europesays.com\/lv\/wp-json\/wp\/v2\/posts\/16312\/revisions"}],"wp:featuredmedia":[{"embeddable":true,"href":"https:\/\/www.europesays.com\/lv\/wp-json\/wp\/v2\/media\/16313"}],"wp:attachment":[{"href":"https:\/\/www.europesays.com\/lv\/wp-json\/wp\/v2\/media?parent=16312"}],"wp:term":[{"taxonomy":"category","embeddable":true,"href":"https:\/\/www.europesays.com\/lv\/wp-json\/wp\/v2\/categories?post=16312"},{"taxonomy":"post_tag","embeddable":true,"href":"https:\/\/www.europesays.com\/lv\/wp-json\/wp\/v2\/tags?post=16312"}],"curies":[{"name":"wp","href":"https:\/\/api.w.org\/{rel}","templated":true}]}}