{"id":16314,"date":"2025-10-08T21:30:07","date_gmt":"2025-10-08T21:30:07","guid":{"rendered":"https:\/\/www.europesays.com\/lv\/16314\/"},"modified":"2025-10-08T21:30:07","modified_gmt":"2025-10-08T21:30:07","slug":"bralu-reisulu-mamma-bijam-laimigi-redzet-tik-daudz-latvijas-karogus-trase","status":"publish","type":"post","link":"https:\/\/www.europesays.com\/lv\/16314\/","title":{"rendered":"Br\u0101\u013cu Rei\u0161u\u013cu mamma: &#8220;Bij\u0101m laim\u012bgi redz\u0113t tik daudz Latvijas karogus tras\u0113&#8221;"},"content":{"rendered":"<p>Latvijas Motokrosisti Izc\u012bna Sesto Lab\u0101ko Rezult\u0101tu N\u0101ciju Kauss\u0101<\/p>\n<p>Aizvad\u012btaj\u0101s pasaules m\u0113roga N\u0101ciju motokrosa sacens\u012bb\u0101s, kas norisin\u0101j\u0101s ASV, Indianas \u0161tat\u0101, Latvijas izlase, kuru p\u0101rst\u0101v\u0113ja talant\u012bgie br\u0101\u013ci J\u0101nis M\u0101rti\u0146\u0161 un K\u0101rlis Alberts Rei\u0161u\u013ci kop\u0101 ar pieredz\u0113ju\u0161o Paulu Jonasu, izc\u012bn\u012bja 9. vietu. \u0160is rezult\u0101ts ir otrs visu laiku lab\u0101kais sasniegums Latvijas motokrosa v\u0113stur\u0113, liecinot par m\u016bsu sportistu sp\u0113ju konkur\u0113t pasaules elites vid\u016b. Lai gan komanda nedaudz atpalika no sept\u012bt\u0101s vietas, tom\u0113r izdev\u0101s p\u0101rsp\u0113t vair\u0101kas sp\u0113c\u012bgas valstis, tostarp Sp\u0101niju.<\/p>\n<p>Emocion\u0101ls Atbalsts un Sportistu Izaugsme<\/p>\n<p>Br\u0101\u013cu Rei\u0161u\u013cu mamma, L\u012bga Liepi\u0146a, atkl\u0101j, ka tras\u0113 bija v\u0113rojams liels skaits Latvijas karogu, kas sniedza sportistiem papildu motiv\u0101ciju. Vi\u0146a atz\u012bst, ka dal\u012bbniekiem bija j\u0101p\u0101rvar iev\u0113rojamas gr\u016bt\u012bbas, lai sasniegtu augsto rezult\u0101tu. &#8220;Bij\u0101m laim\u012bgi redz\u0113t tik daudz Latvijas karogus tras\u0113,&#8221; vi\u0146a teic, uzsverot l\u012bdzjut\u0113ju noz\u012bmi. \u0160is atbalsts ir \u012bpa\u0161i v\u0113rt\u012bgs, jo N\u0101ciju motokross ir viens no presti\u017e\u0101kajiem notikumiem sporta veid\u0101, ko da\u017ek\u0101rt d\u0113v\u0113 par motokrosa &#8220;Olimpiskaj\u0101m sp\u0113l\u0113m&#8221;.<\/p>\n<p>Sp\u0113ku Sam\u0113ri un N\u0101kotnes Perspekt\u012bvas<\/p>\n<p>Sacens\u012bb\u0101s, kur\u0101s start\u0113ja 37 pasaules valstis, Latvijas komanda demonstr\u0113ja c\u012b\u0146assparu un profesionalit\u0101ti. Lai gan pirmais brauciens J\u0101nim M\u0101rti\u0146am Rei\u0161ulim sag\u0101d\u0101ja gr\u016bt\u012bbas kritienu d\u0113\u013c, abi br\u0101\u013ci Rei\u0161u\u013ci kop\u0101 ar Paulu Jonasu sp\u0113ja adapt\u0113ties un par\u0101d\u012bt savu meistar\u012bbu da\u017e\u0101d\u0101s klas\u0113s \u2013 J\u0101nis M\u0101rti\u0146\u0161 MX2, K\u0101rlis Alberts MXGP un Pauls MXOpen. \u0160is pan\u0101kums apliecina Latvijas motokrosa potenci\u0101lu un dod cer\u012bbu uz v\u0113l spo\u017e\u0101kiem rezult\u0101tiem n\u0101kotn\u0113.<\/p>\n","protected":false},"excerpt":{"rendered":"Latvijas Motokrosisti Izc\u012bna Sesto Lab\u0101ko Rezult\u0101tu N\u0101ciju Kauss\u0101 Aizvad\u012btaj\u0101s pasaules m\u0113roga N\u0101ciju motokrosa sacens\u012bb\u0101s, kas norisin\u0101j\u0101s ASV, Indianas&hellip;\n","protected":false},"author":2,"featured_media":16315,"comment_status":"","ping_status":"","sticky":false,"template":"","format":"standard","meta":{"footnotes":""},"categories":[17],"tags":[5582,35,39,38,36,37,34,4765,40,578,5581,579,67],"class_list":{"0":"post-16314","1":"post","2":"type-post","3":"status-publish","4":"format-standard","5":"has-post-thumbnail","7":"category-sports","8":"tag-brali-reisuli","9":"tag-latvia","10":"tag-latvian","11":"tag-latviesu","12":"tag-latviesu-valoda","13":"tag-latviesuvaloda","14":"tag-latvija","15":"tag-latvijas-izlase","16":"tag-lv","17":"tag-motokross","18":"tag-naciju-motokross","19":"tag-pauls-jonass","20":"tag-sports"},"share_on_mastodon":{"url":"","error":""},"_links":{"self":[{"href":"https:\/\/www.europesays.com\/lv\/wp-json\/wp\/v2\/posts\/16314","targetHints":{"allow":["GET"]}}],"collection":[{"href":"https:\/\/www.europesays.com\/lv\/wp-json\/wp\/v2\/posts"}],"about":[{"href":"https:\/\/www.europesays.com\/lv\/wp-json\/wp\/v2\/types\/post"}],"author":[{"embeddable":true,"href":"https:\/\/www.europesays.com\/lv\/wp-json\/wp\/v2\/users\/2"}],"replies":[{"embeddable":true,"href":"https:\/\/www.europesays.com\/lv\/wp-json\/wp\/v2\/comments?post=16314"}],"version-history":[{"count":0,"href":"https:\/\/www.europesays.com\/lv\/wp-json\/wp\/v2\/posts\/16314\/revisions"}],"wp:featuredmedia":[{"embeddable":true,"href":"https:\/\/www.europesays.com\/lv\/wp-json\/wp\/v2\/media\/16315"}],"wp:attachment":[{"href":"https:\/\/www.europesays.com\/lv\/wp-json\/wp\/v2\/media?parent=16314"}],"wp:term":[{"taxonomy":"category","embeddable":true,"href":"https:\/\/www.europesays.com\/lv\/wp-json\/wp\/v2\/categories?post=16314"},{"taxonomy":"post_tag","embeddable":true,"href":"https:\/\/www.europesays.com\/lv\/wp-json\/wp\/v2\/tags?post=16314"}],"curies":[{"name":"wp","href":"https:\/\/api.w.org\/{rel}","templated":true}]}}